{"id":181082,"date":"2025-10-16T17:36:18","date_gmt":"2025-10-16T17:36:18","guid":{"rendered":"https:\/\/www.europesays.com\/es\/181082\/"},"modified":"2025-10-16T17:36:18","modified_gmt":"2025-10-16T17:36:18","slug":"ya-es-oficial-marvel-repite-vengadores-endgame-fuera-de-los-cines-6-anos-despues-y-sin-gastarse-400-millones-vandal","status":"publish","type":"post","link":"https:\/\/www.europesays.com\/es\/181082\/","title":{"rendered":"Ya es oficial: Marvel repite &#039;Vengadores: Endgame&#039; fuera de los cines 6 a\u00f1os despu\u00e9s y sin gastarse 400 millones &#8211; Vandal"},"content":{"rendered":"<ol>\n<li><a href=\"https:\/\/news.google.com\/rss\/articles\/CBMi6wFBVV95cUxQUVpyeFdiSWFFcGdlQ2YxbUFud1Z5NU0yb2IwblVwTmtoTV9adFg2RDBYaFF0WThVRlVPbnNkVEgtQVBlWGdwVEh6YjlXdTlmT3V4Uk1pbEJXVmpQaEw4cnVObzNhbjkxcUlkME1QbVZDbTcwLXp6M043Z05ud3pDckhQcTh5ek5QdmlQanRBMzRNWXZTbk5BMnBqQV9VNEVRS2hsUXNhVlNRWklGaGtzZHJFZmRfNDlYZktZQkk0TXpTdU4xdi0zYVRpNl9TUEREZE5VMEtYeWxXVl96UHBqUXVPRzE0X3I0Ri1j0gHwAUFVX3lxTFBITmpCTGZFck5vM2tQVUswNWxweEJPMkFRRENPckRPSV9zRXZkWUtvWHlxNUU4b3dyNHFzZlZwZGNKdmlkNHg1ZklnX2FmYUFrOTdaV1VkemtzWllfQ3JKeUhuR2RPZzNUN1RHNmxQSW9VU291SE50c0lIaDc4eVF4aWtEU20wMEh4RXRuNmw5ZzhiM1diQmMwU1BtMm1vWmJGT3ZSVjRrempTLWMwaVRfOHJlVFdSZmNjdU9GVVhnRVdJQXN3czVCelJWeWMtQ3puZmtoZW5qVkl1OTlGUnJHWFJ3S2JoTGtkZTZXcXBRbQ?oc=5\" target=\"_blank\" rel=\"nofollow noopener\">Ya es oficial: Marvel repite &#8216;Vengadores: Endgame&#8217; fuera de los cines 6 a\u00f1os despu\u00e9s y sin gastarse 400 millones<\/a>&nbsp;&nbsp;Vandal<\/li>\n<li><a href=\"https:\/\/news.google.com\/rss\/articles\/CBMi6AFBVV95cUxPX2tzbXBtcnRUcko0RjgtLVcweldyNkpLUjBwNElUY2I3aXR3Qy1uYVVDRW9pMUZwZnh3bTZULXdkZVV6YmROQkpPOW1mVnNQTHZIWkRQNFJwbWdCQ0xsdTFZZ1Z4dzNwT09kamdBdENyZEF4MmRDWk5GMm1vaEl5eEc1SUVNTEh5YXhQcnNoZVluY2tpOTFEejlDNWVUSC1lTFpqTVh3U1ZxVHVad0NCQVI0SklDdk9tRTJMQzlPdVdyRjJCbjY2ZDJNWnowQ3E0YnJoeERjMWNaZ01VWkJZWTRGUGQwQV9j?oc=5\" target=\"_blank\" rel=\"nofollow noopener\">Adi\u00f3s al Universo Ultimate: Marvel Comics pone fecha al final de las series m\u00e1s exitosas de los \u00faltimos meses<\/a>&nbsp;&nbsp;Diario AS<\/li>\n<li><a href=\"https:\/\/news.google.com\/rss\/articles\/CBMiiwFBVV95cUxOOUdkVTFFNDRGbWtqYUI4T05mTmpsVjV3azl2ZXQyNy1ZZ1hWdmtTQkFiUGhXcnBERTkwV3d3WW5nUjIzNERtUE4yamlzeDY5YmJYbkZBQ0wzR0lrbTlua09hTWNXelQ2RlVyOFpremlEOVhfYWt4UmxGRldzUEhLTzdnaU9DZDZ5QkRr?oc=5\" target=\"_blank\" rel=\"nofollow noopener\">NYCC 2025: Marvel anuncia el fin del Universo Ultimate<\/a>&nbsp;&nbsp;Zona Negativa<\/li>\n<li><a href=\"https:\/\/news.google.com\/rss\/articles\/CBMikgFBVV95cUxPZUhPRXMwaDFfaEpSbW56cWstanpURFg1V3NPa3Z1NE1tb2YtWWhWdTlBbnRXRzhoSk01eTc4bDlWeWc4dDBnWFZ3Ykx3d2RNOHl6VmptdlI1b19mNW1OR28zd01OQUxBdlJNeWtCM01XOWV0Y1ZFd3Z1aWRScklha3pGdVFmMUtTSGR6QXlOQnBEdw?oc=5\" target=\"_blank\" rel=\"nofollow noopener\">Marvel confirma que el Universo Ultimate concluir\u00e1 en 2026<\/a>&nbsp;&nbsp;Tomos y Grapas<\/li>\n<li><a href=\"https:\/\/news.google.com\/rss\/articles\/CBMiyAFBVV95cUxPZnkzRXljczFnVVNLclRiNEQ4dUFQZUppcXRKS1NfUkd4VmwwZG5pTFBOOWF4NUllVnltZ0JBMl9qRXkxOFljNjRLU2tyYmtsQlRwWmlseXR5RzNTNDNVXzFwcTBVLW4yWWxvekxINGZGYnlnR1NteGcyeDlhaVV0MUtLMS02NXYtQUNlNnRQbm9OYlFBWHhGZkpxM1Jnb2tNOEV1RWw1V2pkbEE1bGVOa19vT2FzZm15UXBWcEQ2aUlzY014bmRILdIB6gFBVV95cUxQdWhBQVN5UjR6R3FkUUhDcXZwS1BJeHFyY3Q4RlZlMjd1NzRjdXk2RnhUZEp5SG9pTmNLOUFPRkZReUlSaDJKV1Q4UGM0YUloa3RSZVFKSzBHM09YUnNCSVFEaTZ5M2JIcldWdHR5VDJobkdOa0JiSWV3dU40cy1uMWQ2cHFfWjBqZTFrZlZROVhnMWVCSkc4eE5xaTUzSVY0dllHNGs5YVBxdUt6YThOLU15aWFKMnVGcFJqU09JMWY5ZDRrWEtOVmE2My15d0JCaVFwY0lxLV80TlZidmNfV3YwbEpjOWZZdEE?oc=5\" target=\"_blank\" rel=\"nofollow noopener\">El renacido y exitoso universo Ultimate de Marvel realmente llegar\u00e1 a su fin en 2026<\/a>&nbsp;&nbsp;La Cuarta<\/li>\n<\/ol>\n","protected":false},"excerpt":{"rendered":"Ya es oficial: Marvel repite &#8216;Vengadores: Endgame&#8217; fuera de los cines 6 a\u00f1os despu\u00e9s y sin gastarse 400&hellip;\n","protected":false},"author":2,"featured_media":181083,"comment_status":"","ping_status":"","sticky":false,"template":"","format":"standard","meta":{"footnotes":""},"categories":[169],"tags":[177,146,147,25,24,2065,176,175,23],"class_list":{"0":"post-181082","1":"post","2":"type-post","3":"status-publish","4":"format-standard","5":"has-post-thumbnail","7":"category-cine","8":"tag-cine","9":"tag-entertainment","10":"tag-entretenimiento","11":"tag-es","12":"tag-espana","13":"tag-faltan-tags","14":"tag-film","15":"tag-movies","16":"tag-spain"},"share_on_mastodon":{"url":"","error":""},"_links":{"self":[{"href":"https:\/\/www.europesays.com\/es\/wp-json\/wp\/v2\/posts\/181082","targetHints":{"allow":["GET"]}}],"collection":[{"href":"https:\/\/www.europesays.com\/es\/wp-json\/wp\/v2\/posts"}],"about":[{"href":"https:\/\/www.europesays.com\/es\/wp-json\/wp\/v2\/types\/post"}],"author":[{"embeddable":true,"href":"https:\/\/www.europesays.com\/es\/wp-json\/wp\/v2\/users\/2"}],"replies":[{"embeddable":true,"href":"https:\/\/www.europesays.com\/es\/wp-json\/wp\/v2\/comments?post=181082"}],"version-history":[{"count":0,"href":"https:\/\/www.europesays.com\/es\/wp-json\/wp\/v2\/posts\/181082\/revisions"}],"wp:featuredmedia":[{"embeddable":true,"href":"https:\/\/www.europesays.com\/es\/wp-json\/wp\/v2\/media\/181083"}],"wp:attachment":[{"href":"https:\/\/www.europesays.com\/es\/wp-json\/wp\/v2\/media?parent=181082"}],"wp:term":[{"taxonomy":"category","embeddable":true,"href":"https:\/\/www.europesays.com\/es\/wp-json\/wp\/v2\/categories?post=181082"},{"taxonomy":"post_tag","embeddable":true,"href":"https:\/\/www.europesays.com\/es\/wp-json\/wp\/v2\/tags?post=181082"}],"curies":[{"name":"wp","href":"https:\/\/api.w.org\/{rel}","templated":true}]}}