{"id":181094,"date":"2025-10-16T17:42:11","date_gmt":"2025-10-16T17:42:11","guid":{"rendered":"https:\/\/www.europesays.com\/es\/181094\/"},"modified":"2025-10-16T17:42:11","modified_gmt":"2025-10-16T17:42:11","slug":"la-iglesia-descuida-demasiado-a-las-victimas-de-abusos-admite-el-vaticano","status":"publish","type":"post","link":"https:\/\/www.europesays.com\/es\/181094\/","title":{"rendered":"La Iglesia descuida demasiado a las v\u00edctimas de abusos, admite el Vaticano"},"content":{"rendered":"<p>    <img src=\"https:\/\/www.europesays.com\/es\/wp-content\/uploads\/2025\/10\/2025-10-16T133A463A28Z-90178863.jpg\" width=\"1024\" height=\"682\" alt=\"\" loading=\"eager\" decoding=\"sync\" fetchpriority=\"high\"\/><\/p>\n<p>            afp_tickers        <\/p>\n<p>        Este contenido fue publicado en    <\/p>\n<p>        16 octubre 2025 &#8211; 15:46\n<\/p>\n<p>Las v\u00edctimas de abusos sexuales por parte del clero siguen sufriendo represalias \u00abperturbadoras\u00bb de los l\u00edderes de la Iglesia cat\u00f3lica por denunciar estos hechos, revel\u00f3 el jueves una comisi\u00f3n del Vaticano.<\/p>\n<p>En su segundo informe anual, la Comisi\u00f3n Pontificia para la Protecci\u00f3n de Menores tambi\u00e9n denuncia que la \u00abresistencia cultural\u00bb frena la lucha contra la violencia en muchas di\u00f3cesis y se\u00f1ala las \u00abgrandes disparidades\u00bb entre regiones.<\/p>\n<p>Por primera vez, 40 v\u00edctimas contribuyeron a la elaboraci\u00f3n del documento, algunas de las cuales denunciaron presiones por parte de responsables de la instituci\u00f3n, m\u00e1s de 20 a\u00f1os despu\u00e9s de las primeras revelaciones a gran escala en Estados Unidos.<\/p>\n<p>\u00abMi hermano era seminarista. El obispo le dijo a mi familia que mi denuncia podr\u00eda comprometer su ordenaci\u00f3n\u00bb, cont\u00f3 una de ellas. Otra relat\u00f3 que su familia fue excomulgada p\u00fablicamente tras presentar su denuncia.<\/p>\n<p>\u00abEs un verdadero grito por parte de las v\u00edctimas: no se sienten escuchadas, no se sienten acompa\u00f1adas, a veces no hay una relaci\u00f3n emp\u00e1tica, ni siquiera de respeto\u00bb, se\u00f1al\u00f3 el colombiano Luis Manuel Al\u00ed Herrera, secretario de la comisi\u00f3n, en una rueda de prensa el jueves.<\/p>\n<p>El documento de 103 p\u00e1ginas, presentado en septiembre al papa Le\u00f3n XIV, insiste en las reparaciones a las v\u00edctimas, mediante apoyo psicol\u00f3gico, disculpas p\u00fablicas e indemnizaciones econ\u00f3micas.<\/p>\n<p>Pero tambi\u00e9n subraya la importancia de \u00abcomunicar p\u00fablicamente los motivos\u00bb de la destituci\u00f3n de un sacerdote.<\/p>\n<p>\u2013 \u00abCultura del silencio\u00bb \u2013<\/p>\n<p>Ante las \u00ablagunas sistem\u00e1ticas persistentes\u00bb de la Iglesia, este informe anual pretende ser \u00abuna herramienta\u00bb, declar\u00f3 en una entrevista a AFP el arzobispo franc\u00e9s Thibault Verny, nombrado en julio presidente de la Comisi\u00f3n Pontificia para la Protecci\u00f3n de Menores por Le\u00f3n XIV.<\/p>\n<p>\u00abLas figuras de autoridad dentro de la Iglesia que cometieron o permitieron abusos tal vez se consideraron demasiado esenciales e importantes como para ser consideradas responsables. La respuesta de la Iglesia a los abusos no debe reproducir los mismos errores\u00bb, indica el informe.<\/p>\n<p>Tras examinar en 2024 los casos espec\u00edficos de unos 20 pa\u00edses, la comisi\u00f3n pone de relieve los \u00abtab\u00faes culturales\u00bb y la \u00abcultura del silencio\u00bb que rodea estas violencias, de Malta hasta Etiop\u00eda, pasando por Mozambique o Guinea.<\/p>\n<p>Italia, con v\u00ednculos hist\u00f3ricos con el Vaticano, es especialmente criticada por mostrar \u00abuna resistencia cultural considerable a la lucha contra los abusos\u00bb, afirma el documento.<\/p>\n<p>Tambi\u00e9n reprocha a los obispos del pa\u00eds no haber colaborado lo suficiente, ya que solo 81 di\u00f3cesis de un total de 226 respondieron a un cuestionario de investigaci\u00f3n.<\/p>\n<p>\u2013 \u00abA la defensiva\u00bb \u2013<\/p>\n<p>El papa Francisco cre\u00f3 al inicio de su pontificado, en 2014, esta comisi\u00f3n compuesta por expertos religiosos y laicos en diversos \u00e1mbitos, como el derecho, la educaci\u00f3n, la psicolog\u00eda o la psiquiatr\u00eda.<\/p>\n<p>Tras las m\u00faltiples cr\u00edticas sobre su funcionamiento y la dimisi\u00f3n de varios de sus miembros, el pont\u00edfice argentino la integr\u00f3 en 2022 en la Curia romana, el gobierno de la Santa Sede, y pidi\u00f3 un informe anual sobre sus avances.<\/p>\n<p>Su sucesor Le\u00f3n XIV, elegido en mayo, \u00abse ocup\u00f3 muy pronto de esta cuesti\u00f3n\u00bb al recibir a sus miembros. \u00abPercibimos que se tomaba muy en serio esta grave e importante misi\u00f3n\u00bb, confi\u00f3 monse\u00f1or Verny.<\/p>\n<p>En su primera entrevista publicada en septiembre, el pont\u00edfice estadounidense -que tambi\u00e9n tiene la nacionalidad peruana- mencion\u00f3 la importancia de proteger a los sacerdotes v\u00edctimas de acusaciones falsas, lo que provoc\u00f3 la inquietud de las asociaciones de v\u00edctimas que reclaman tolerancia cero.<\/p>\n<p>\u00abPuede haber acusaciones falsas. Hay que reconocer que se trata de proporciones muy, muy peque\u00f1as\u00bb, precis\u00f3 monse\u00f1or Verny a AFP, subrayando la importancia, para la Iglesia, \u00abde no estar constantemente a la defensiva\u00bb.<\/p>\n<p>Desde 2013 hasta su muerte en abril de 2025, Francisco multiplic\u00f3 las medidas contra la proliferaci\u00f3n de los abusos sexuales, pero el secreto de confesi\u00f3n sigue siendo absoluto y el clero no est\u00e1 obligado a denunciar posibles delitos ante la justicia civil, salvo que las leyes del pa\u00eds lo exijan.<\/p>\n<p>cmk-ams-ar\/jra\/hgs\/dbh<\/p>\n","protected":false},"excerpt":{"rendered":"afp_tickers Este contenido fue publicado en 16 octubre 2025 &#8211; 15:46 Las v\u00edctimas de abusos sexuales por parte&hellip;\n","protected":false},"author":2,"featured_media":181095,"comment_status":"","ping_status":"","sticky":false,"template":"","format":"standard","meta":{"footnotes":""},"categories":[42],"tags":[25887,17,18,30343,11892,13,14,11,61,62,63,64,19,20,7657,9,10,15,16,4444,12356,5603,12357,25891,5799,2005,90,12,21,22,65,66,67],"class_list":{"0":"post-181094","1":"post","2":"type-post","3":"status-publish","4":"format-standard","5":"has-post-thumbnail","7":"category-internacional","8":"tag-assault-general","9":"tag-breaking-news","10":"tag-breakingnews","11":"tag-children","12":"tag-crime","13":"tag-featured-news","14":"tag-featurednews","15":"tag-headlines","16":"tag-internacional","17":"tag-international","18":"tag-international-news","19":"tag-internationalnews","20":"tag-latest-news","21":"tag-latestnews","22":"tag-law-and-order","23":"tag-news","24":"tag-noticias","25":"tag-noticias-destacadas","26":"tag-noticiasdestacadas","27":"tag-people","28":"tag-pope","29":"tag-religion","30":"tag-religious-leader","31":"tag-sexual-assault","32":"tag-social-issues-general","33":"tag-society","34":"tag-ticker","35":"tag-titulares","36":"tag-ultimas-noticias","37":"tag-ultimasnoticias","38":"tag-world","39":"tag-world-news","40":"tag-worldnews"},"share_on_mastodon":{"url":"","error":""},"_links":{"self":[{"href":"https:\/\/www.europesays.com\/es\/wp-json\/wp\/v2\/posts\/181094","targetHints":{"allow":["GET"]}}],"collection":[{"href":"https:\/\/www.europesays.com\/es\/wp-json\/wp\/v2\/posts"}],"about":[{"href":"https:\/\/www.europesays.com\/es\/wp-json\/wp\/v2\/types\/post"}],"author":[{"embeddable":true,"href":"https:\/\/www.europesays.com\/es\/wp-json\/wp\/v2\/users\/2"}],"replies":[{"embeddable":true,"href":"https:\/\/www.europesays.com\/es\/wp-json\/wp\/v2\/comments?post=181094"}],"version-history":[{"count":0,"href":"https:\/\/www.europesays.com\/es\/wp-json\/wp\/v2\/posts\/181094\/revisions"}],"wp:featuredmedia":[{"embeddable":true,"href":"https:\/\/www.europesays.com\/es\/wp-json\/wp\/v2\/media\/181095"}],"wp:attachment":[{"href":"https:\/\/www.europesays.com\/es\/wp-json\/wp\/v2\/media?parent=181094"}],"wp:term":[{"taxonomy":"category","embeddable":true,"href":"https:\/\/www.europesays.com\/es\/wp-json\/wp\/v2\/categories?post=181094"},{"taxonomy":"post_tag","embeddable":true,"href":"https:\/\/www.europesays.com\/es\/wp-json\/wp\/v2\/tags?post=181094"}],"curies":[{"name":"wp","href":"https:\/\/api.w.org\/{rel}","templated":true}]}}