{"id":181098,"date":"2025-10-16T17:44:14","date_gmt":"2025-10-16T17:44:14","guid":{"rendered":"https:\/\/www.europesays.com\/es\/181098\/"},"modified":"2025-10-16T17:44:14","modified_gmt":"2025-10-16T17:44:14","slug":"la-linea-de-la-concepcion-acoge-el-xii-congreso-ciudades-que-caminan-con-record-de-asistencia-y-foco-en-la-transformacion-urbana","status":"publish","type":"post","link":"https:\/\/www.europesays.com\/es\/181098\/","title":{"rendered":"La L\u00ednea de la Concepci\u00f3n acoge el XII Congreso \u2018Ciudades que Caminan\u2019 con r\u00e9cord de asistencia y foco en la transformaci\u00f3n urbana"},"content":{"rendered":"<p><img fetchpriority=\"high\" decoding=\"async\" class=\"alignnone size-medium wp-image-32161\" src=\"https:\/\/www.europesays.com\/es\/wp-content\/uploads\/2025\/10\/Congreso-Ciudades-que-caminan-6-300x225.jpeg\" alt=\"\" width=\"300\" height=\"225\"  \/><\/p>\n<p>Expertos debaten sobre movilidad peatonal, restricciones de tr\u00e1fico y salud urbana, culminando con un simb\u00f3lico paseo transfronterizo hasta Gibraltar bajo el lema \u2018Caminando la frontera\u2019<\/p>\n<p>La L\u00ednea de la Concepci\u00f3n acoge desde hoy y hasta el pr\u00f3ximo s\u00e1bado, 18 de octubre, el XII Congreso Ciudades que Caminan, bajo el lema \u2018Caminando la frontera\u2019. El encuentro, que se celebra en el Palacio de Congresos, ha superado todas las expectativas con 170 personas inscritas de municipios de toda Espa\u00f1a y Portugal.<br \/>En el acto de inauguraci\u00f3n participaron el alcalde de La L\u00ednea, Juan Franco; el presidente de la Red de Ciudades que Caminan y alcalde de Pontevedra, Miguel Anxo Fern\u00e1ndez Lores; el vicepresidente de la Diputaci\u00f3n de C\u00e1diz, Francisco Javier Vidal; el ministro de Medio Ambiente, Cambio Clim\u00e1tico y Sostenibilidad de Gibraltar, John Cort\u00e9s, y la jefa de la Direcci\u00f3n Provincial de Tr\u00e1fico en C\u00e1diz, Ana Cobo.<br \/>Juan Franco, expres\u00f3 su satisfacci\u00f3n por la alta participaci\u00f3n y destac\u00f3 el papel de La L\u00ednea como municipio en transformaci\u00f3n. El alcalde linense enfatiz\u00f3 el valor del congreso como espacio de aprendizaje: \u201cespero que sirva como un laboratorio de buenas pr\u00e1cticas, de poder intercambiar experiencias y en definitiva que entre todas las ciudades vayamos creciendo para mejorar la calidad de vida de nuestros ciudadanos, que es para los que nos pagan y para los que estamos aqu\u00ed,\u201d, se\u00f1al\u00f3.<br \/>Por su parte, el presidente de la Red y alcalde de Pontevedra, Miguel Anxo Fern\u00e1ndez, celebr\u00f3 el avance de la filosof\u00eda peatonal en el \u00e1mbito nacional. \u201cSe ha avanzado much\u00edsimo en la construcci\u00f3n de ciudades pensadas para las personas, donde la movilidad m\u00e1s importante sea moverse con tu propia energ\u00eda, es la forma de no contaminar, la forma de hacer ejercicio, la forma de ocupar el espacio p\u00fablico tambi\u00e9n y que exista una mayor cohesi\u00f3n social\u201d<br \/>Fern\u00e1ndez Lores reconoci\u00f3 que la transformaci\u00f3n requiere valent\u00eda en la toma de decisiones, pero asegur\u00f3 que los resultados son tangibles. \u201cEs un trabajo que al principio cuesta hacer el de tomar decisiones de restringir el tr\u00e1fico, pero al final los resultados est\u00e1n muy a la vista y los ciudadanos entienden que se toman para mejorar el espacio p\u00fablico.\u201d<br \/>El vicepresidente de la Diputaci\u00f3n de C\u00e1diz, Javier Vidal, subray\u00f3 el apoyo de la instituci\u00f3n provincial a estas pol\u00edticas desde el \u00e1rea de Transici\u00f3n Ecol\u00f3gica que colabora activamente con la Red Ciudades que Caminan desde hace varios a\u00f1os. Como prueba de ello, destac\u00f3 la puesta en marcha del Plan Aire, que est\u00e1 ayudando a los ayuntamientos de la provincia a restaurar y humanizar el espacio p\u00fablico.<br \/>Ana Cobo, jefa de la Direcci\u00f3n Provincial de Tr\u00e1fico en C\u00e1diz, destac\u00f3 el congreso como una oportunidad para avanzar en la seguridad vial urbana gracias a las mesas redondas y charlas de expertos en la materia.<br \/>El programa de la jornada inaugural incluye ponencias marco de alto inter\u00e9s. Destaca la intervenci\u00f3n del psiquiatra Jos\u00e9 Luis Mar\u00edn, quien disert\u00f3 sobre \u2018Salud, calidad de vida y ciudad\u2019, analizando la relaci\u00f3n directa entre el h\u00e1bitat y la salud mental de la ciudadan\u00eda. La ge\u00f3grafa Marta Rom\u00e1n abord\u00f3 la autonom\u00eda infantil, haciendo hincapi\u00e9 en la necesidad de que las ciudades recuperen la infancia como un factor de cambio esencial.<br \/>Otros puntos relevantes son, las mesas redondas y talleres de este jueves, 16, en las que se debatir\u00e1n soluciones municipales en tres \u00e1reas clave: trabajos en territorios de baja densidad, renaturalizaci\u00f3n de espacios urbanos y apuestas por las restricciones de tr\u00e1fico. La entrega de los Premios Ciudades que Caminan 2025 para visibilizar proyectos destacados, el viernes, seguida de una exposici\u00f3n por parte del alcalde Juan Franco sobre las pol\u00edticas de movilidad implementadas en La L\u00ednea y un paseo transfronterizo (s\u00e1bado 18) desde el Palacio de Congresos de La L\u00ednea hasta Gibraltar, que contar\u00e1 con la participaci\u00f3n del ministro John Cort\u00e9s.<br \/>El congreso tambi\u00e9n incluye un programa cultural y actos internos, como una asamblea general que tendr\u00e1 lugar esta tarde, la inauguraci\u00f3n de una exposici\u00f3n de fotograf\u00edas retroiluminadas de Oscar Carrasco y una visita guiada al Museo Cruz Herrera.<\/p>\n","protected":false},"excerpt":{"rendered":"Expertos debaten sobre movilidad peatonal, restricciones de tr\u00e1fico y salud urbana, culminando con un simb\u00f3lico paseo transfronterizo hasta&hellip;\n","protected":false},"author":2,"featured_media":181099,"comment_status":"","ping_status":"","sticky":false,"template":"","format":"standard","meta":{"footnotes":""},"categories":[5],"tags":[17,18,25,24,13,14,11,19,20,9,10,15,16,23,12,21,22],"class_list":{"0":"post-181098","1":"post","2":"type-post","3":"status-publish","4":"format-standard","5":"has-post-thumbnail","7":"category-titulares","8":"tag-breaking-news","9":"tag-breakingnews","10":"tag-es","11":"tag-espana","12":"tag-featured-news","13":"tag-featurednews","14":"tag-headlines","15":"tag-latest-news","16":"tag-latestnews","17":"tag-news","18":"tag-noticias","19":"tag-noticias-destacadas","20":"tag-noticiasdestacadas","21":"tag-spain","22":"tag-titulares","23":"tag-ultimas-noticias","24":"tag-ultimasnoticias"},"share_on_mastodon":{"url":"","error":""},"_links":{"self":[{"href":"https:\/\/www.europesays.com\/es\/wp-json\/wp\/v2\/posts\/181098","targetHints":{"allow":["GET"]}}],"collection":[{"href":"https:\/\/www.europesays.com\/es\/wp-json\/wp\/v2\/posts"}],"about":[{"href":"https:\/\/www.europesays.com\/es\/wp-json\/wp\/v2\/types\/post"}],"author":[{"embeddable":true,"href":"https:\/\/www.europesays.com\/es\/wp-json\/wp\/v2\/users\/2"}],"replies":[{"embeddable":true,"href":"https:\/\/www.europesays.com\/es\/wp-json\/wp\/v2\/comments?post=181098"}],"version-history":[{"count":0,"href":"https:\/\/www.europesays.com\/es\/wp-json\/wp\/v2\/posts\/181098\/revisions"}],"wp:featuredmedia":[{"embeddable":true,"href":"https:\/\/www.europesays.com\/es\/wp-json\/wp\/v2\/media\/181099"}],"wp:attachment":[{"href":"https:\/\/www.europesays.com\/es\/wp-json\/wp\/v2\/media?parent=181098"}],"wp:term":[{"taxonomy":"category","embeddable":true,"href":"https:\/\/www.europesays.com\/es\/wp-json\/wp\/v2\/categories?post=181098"},{"taxonomy":"post_tag","embeddable":true,"href":"https:\/\/www.europesays.com\/es\/wp-json\/wp\/v2\/tags?post=181098"}],"curies":[{"name":"wp","href":"https:\/\/api.w.org\/{rel}","templated":true}]}}