{"id":181100,"date":"2025-10-16T17:45:13","date_gmt":"2025-10-16T17:45:13","guid":{"rendered":"https:\/\/www.europesays.com\/es\/181100\/"},"modified":"2025-10-16T17:45:13","modified_gmt":"2025-10-16T17:45:13","slug":"julio-fis-destaca-la-mejoria-del-alarcos","status":"publish","type":"post","link":"https:\/\/www.europesays.com\/es\/181100\/","title":{"rendered":"Julio Fis destaca la mejor\u00eda del Alarcos"},"content":{"rendered":"<p>Julio Fis, jugador del Balonmano Alarcos, se prepara para unas semanas fren\u00e9ticas. El primera l\u00ednea del Alarcos afronta un partido clave con su equipo este s\u00e1bado (20 horas) en la pista del Mijas, equipo que a\u00fan no ha puntuado, y posteriormente se concentrar\u00e1 en Manzanares con la selecci\u00f3n juvenil antes de viajar a Marruecos para disputar el Mundial.<\/p>\n<p>El joven jugador destaca, ante todo, la mejor\u00eda que est\u00e1 experimentando el equipo desde la pretemporada y que eso otorga \u00e1nimos al equipo, a pesar de que los resultados no est\u00e1n acompa\u00f1ando en esta primera parte de la temporada. El menor de los hermanos Fis recuerda tambi\u00e9n que este Grupo F de Primera nacional es muy competitivo y que est\u00e1n perdiendo por resultados ajustados, as\u00ed que conf\u00eda que este s\u00e1bado en Mijas llegue ya la primera victoria. \u00abSomos una plantilla corta y al final se nota el fisico\u00bb, a\u00f1ade. En lo personal asegura estar \u00abfeliz\u00bb y sorprendido de jugar tantos minutos. Con 30 goles en 4 partidos, est\u00e1 en el &#8216;top ten&#8217; de m\u00e1ximos realizadores de la categor\u00eda.<\/p>\n<p>En cuanto a su pr\u00f3xima participaci\u00f3n en el Mundial con la selecci\u00f3n espa\u00f1ola, que st\u00e1 entrenada por Ra\u00fal Entrerr\u00edos, admite que \u00abme hizo mucha ilusi\u00f3n la convocatoria, ya que no me lo esperaba del todo\u00bb. El ciudadreale\u00f1o asegura que hay un gran equipo y que est\u00e1 aprendiendo mucho del seleccionador, confiando en que puedan tener una buena participaci\u00f3n en el Mundial.<\/p>\n","protected":false},"excerpt":{"rendered":"Julio Fis, jugador del Balonmano Alarcos, se prepara para unas semanas fren\u00e9ticas. El primera l\u00ednea del Alarcos afronta&hellip;\n","protected":false},"author":2,"featured_media":181101,"comment_status":"","ping_status":"","sticky":false,"template":"","format":"standard","meta":{"footnotes":""},"categories":[278],"tags":[376,168,25,24,375,5090,4485,3233,23,167,17748],"class_list":{"0":"post-181100","1":"post","2":"type-post","3":"status-publish","4":"format-standard","5":"has-post-thumbnail","7":"category-balonmano","8":"tag-balonmano","9":"tag-deportes","10":"tag-es","11":"tag-espana","12":"tag-handball","13":"tag-manzanares","14":"tag-marruecos","15":"tag-mundial-de-balonmano","16":"tag-spain","17":"tag-sports","18":"tag-vestas-alarcos"},"share_on_mastodon":{"url":"","error":""},"_links":{"self":[{"href":"https:\/\/www.europesays.com\/es\/wp-json\/wp\/v2\/posts\/181100","targetHints":{"allow":["GET"]}}],"collection":[{"href":"https:\/\/www.europesays.com\/es\/wp-json\/wp\/v2\/posts"}],"about":[{"href":"https:\/\/www.europesays.com\/es\/wp-json\/wp\/v2\/types\/post"}],"author":[{"embeddable":true,"href":"https:\/\/www.europesays.com\/es\/wp-json\/wp\/v2\/users\/2"}],"replies":[{"embeddable":true,"href":"https:\/\/www.europesays.com\/es\/wp-json\/wp\/v2\/comments?post=181100"}],"version-history":[{"count":0,"href":"https:\/\/www.europesays.com\/es\/wp-json\/wp\/v2\/posts\/181100\/revisions"}],"wp:featuredmedia":[{"embeddable":true,"href":"https:\/\/www.europesays.com\/es\/wp-json\/wp\/v2\/media\/181101"}],"wp:attachment":[{"href":"https:\/\/www.europesays.com\/es\/wp-json\/wp\/v2\/media?parent=181100"}],"wp:term":[{"taxonomy":"category","embeddable":true,"href":"https:\/\/www.europesays.com\/es\/wp-json\/wp\/v2\/categories?post=181100"},{"taxonomy":"post_tag","embeddable":true,"href":"https:\/\/www.europesays.com\/es\/wp-json\/wp\/v2\/tags?post=181100"}],"curies":[{"name":"wp","href":"https:\/\/api.w.org\/{rel}","templated":true}]}}