{"id":181112,"date":"2025-10-16T17:53:08","date_gmt":"2025-10-16T17:53:08","guid":{"rendered":"https:\/\/www.europesays.com\/es\/181112\/"},"modified":"2025-10-16T17:53:08","modified_gmt":"2025-10-16T17:53:08","slug":"el-juez-ve-dos-delitos-en-el-fichaje-de-griezmann-por-el-barca","status":"publish","type":"post","link":"https:\/\/www.europesays.com\/es\/181112\/","title":{"rendered":"El juez ve dos delitos en el fichaje de Griezmann por el Bar\u00e7a"},"content":{"rendered":"<p>La Fiscal\u00eda Provincial de Barcelona ha acusado a Josep Maria Bartomeu, expresidente del Barcelona, del pago de una serie de comisiones que consideraban ilegales en  &#8230; algunas de las operaciones de fichajes. Seg\u00fan ha revelado El Mundo este jueves, el juez que investiga el caso \u00abve indicios de administraci\u00f3n desleal y falsedad en el pago de 15 millones al Atl\u00e9tico de Madrid para frenar la denuncia por haber negociado con Antoine Griezmann teniendo contrato en vigor con el club rojiblanco\u00bb.<\/p>\n<p class=\"v-p\">En un auto al que ha tenido acceso el medio, el Juzgado de Instrucci\u00f3n n\u00famero 32 de Barcelona admite que \u00abdebe a\u00f1adirse\u00bb a la causa \u00abel fichaje del jugador de f\u00fatbol Antoine Griezmann por parte del FC Barcelona\u00bb. Siempre seg\u00fan El Mundo, en el mismo documento el juez considera que el club \u00abse salt\u00f3 la normativa FIFA\u00bb que considera que \u00ablos clubs no pueden contactar con un deportista con contrato vigente si antes no se ha hablado con su equipo\u00bb. \u00abA fin de evitar una posible sanci\u00f3n de la RFEF, supuestamente, por parte de los investigados, se negoci\u00f3 directamente con el Atl\u00e9tico de Madrid y llegaron a un acuerdo donde se valoraba el pago de 15 millones a cambio de no aportar pruebas al procedimiento que se hab\u00eda incoado\u00bb, a\u00f1aden.<\/p>\n<p class=\"v-p\">\u00abPara dar aspecto l\u00edcito a los pagos se simul\u00f3 presuntamente que se adquir\u00eda un derecho de tanteo prioritario sobre diferentes j\u00f3venes futbolistas del Atl\u00e9tico de Madrid\u00bb, se explica en la resoluci\u00f3n judicial, antes de concluir que estos hechos \u00abpodr\u00edan integrar el delito de administraci\u00f3n desleal y\/o falsedad contable.<\/p>\n","protected":false},"excerpt":{"rendered":"La Fiscal\u00eda Provincial de Barcelona ha acusado a Josep Maria Bartomeu, expresidente del Barcelona, del pago de una&hellip;\n","protected":false},"author":2,"featured_media":181113,"comment_status":"","ping_status":"","sticky":false,"template":"","format":"standard","meta":{"footnotes":""},"categories":[268],"tags":[2296,7232,168,1563,25,24,557,280,282,51422,1664,281,23,167],"class_list":{"0":"post-181112","1":"post","2":"type-post","3":"status-publish","4":"format-standard","5":"has-post-thumbnail","7":"category-futbol","8":"tag-barca","9":"tag-delitos","10":"tag-deportes","11":"tag-dos","12":"tag-es","13":"tag-espana","14":"tag-fichaje","15":"tag-football","16":"tag-futbol","17":"tag-griezmann","18":"tag-juez","19":"tag-soccer","20":"tag-spain","21":"tag-sports"},"share_on_mastodon":{"url":"","error":""},"_links":{"self":[{"href":"https:\/\/www.europesays.com\/es\/wp-json\/wp\/v2\/posts\/181112","targetHints":{"allow":["GET"]}}],"collection":[{"href":"https:\/\/www.europesays.com\/es\/wp-json\/wp\/v2\/posts"}],"about":[{"href":"https:\/\/www.europesays.com\/es\/wp-json\/wp\/v2\/types\/post"}],"author":[{"embeddable":true,"href":"https:\/\/www.europesays.com\/es\/wp-json\/wp\/v2\/users\/2"}],"replies":[{"embeddable":true,"href":"https:\/\/www.europesays.com\/es\/wp-json\/wp\/v2\/comments?post=181112"}],"version-history":[{"count":0,"href":"https:\/\/www.europesays.com\/es\/wp-json\/wp\/v2\/posts\/181112\/revisions"}],"wp:featuredmedia":[{"embeddable":true,"href":"https:\/\/www.europesays.com\/es\/wp-json\/wp\/v2\/media\/181113"}],"wp:attachment":[{"href":"https:\/\/www.europesays.com\/es\/wp-json\/wp\/v2\/media?parent=181112"}],"wp:term":[{"taxonomy":"category","embeddable":true,"href":"https:\/\/www.europesays.com\/es\/wp-json\/wp\/v2\/categories?post=181112"},{"taxonomy":"post_tag","embeddable":true,"href":"https:\/\/www.europesays.com\/es\/wp-json\/wp\/v2\/tags?post=181112"}],"curies":[{"name":"wp","href":"https:\/\/api.w.org\/{rel}","templated":true}]}}