{"id":181116,"date":"2025-10-16T17:55:15","date_gmt":"2025-10-16T17:55:15","guid":{"rendered":"https:\/\/www.europesays.com\/es\/181116\/"},"modified":"2025-10-16T17:55:15","modified_gmt":"2025-10-16T17:55:15","slug":"agenda-alava-el-poder-de-la-imagen-toma-vitoria-con-el-world-press-photo","status":"publish","type":"post","link":"https:\/\/www.europesays.com\/es\/181116\/","title":{"rendered":"Agenda \u00c1lava: El poder de la imagen toma Vitoria con el World Press Photo"},"content":{"rendered":"<p>Mahmoud ha aprendido a usar sus pies para escribir, jugar en su tel\u00e9fono o abrir puertas. Lo suele narrar Samar Abu Elouf, fot\u00f3grafa que lo  &#8230; retrat\u00f3 en el mismo complejo de apartamentos de Doha donde fue evacuado tras la explosi\u00f3n que le arranc\u00f3 un brazo y le mutil\u00f3 el otro. Su rostro, iluminado por la luz, refleja la tragedia. Seg\u00fan datos de la agencia UNRWA, en diciembre de 2024 Gaza ten\u00eda m\u00e1s ni\u00f1os amputados per c\u00e1pita que cualquier otro lugar del mundo.<\/p>\n<p class=\"v-p\">Esa instant\u00e1nea para &#8216;The New York Times&#8217; ha sido reconocida con el premio World Press Photo 2025 y es una de las im\u00e1genes que pueden verse desde este jueves en el Centro Cultural Montehermoso de Vitoria. \u00abEs estremecedora. Tuvo la suerte de ser evacuado a Doha, algo poco com\u00fan\u00bb, cuenta Paco Valderrama, promotor de la exhibici\u00f3n, que puede visitarse hasta el 16 de noviembre. \u00abSu mirada, entre triste, esperanzada y desconcertada, atrapa al espectador\u00bb.<\/p>\n<ul class=\"v-u\">\n<li class=\"v-u__l\">\n<p class=\"v-p\">\nLugar<br \/>\nCentro Cultural Montehermoso.\n<\/p>\n<\/li>\n<li class=\"v-u__l\">\n<p class=\"v-p\">\nFechas<br \/>\nHasta el 16 de noviembre. Horarios de 11.00 a 14.00 y del 18.00 a 21.00. Entrada libre.\n<\/p>\n<\/li>\n<li class=\"v-u__l\">\n<p class=\"v-p\">\nActividades paralelas<br \/>\nD\u00eda 23, charla del fotoperiodista Daniel Ochoa de Olza. D\u00eda 30, mesa redonda &#8216;Palestina y Sud\u00e1n, dos crisis que desangran al mundo&#8217;. Ambas en Montehermoso a las 19.00.\n<\/p>\n<\/li>\n<\/ul>\n<p class=\"v-p\">En su vigesimotercera edici\u00f3n en la capital alavesa \u2013el certamen cumple 70 a\u00f1os de historia\u2013, el genocidio en Gaza vuelve a protagonizar la imagen ganadora. Por segundo a\u00f1o consecutivo, el drama de la Franja centra la colecci\u00f3n del mejor fotoperiodismo internacional, junto a otros temas que marcan la actualidad de diferentes pa\u00edses.<\/p>\n<p class=\"v-p\">La invasi\u00f3n rusa de Ucrania, las protestas en Kenia o El Salvador, los efectos de la crisis clim\u00e1tica en Per\u00fa, Brasil o Filipinas, o la persecuci\u00f3n de la comunidad LGBTQI+ en Nigeria son algunos de los asuntos abordados. En total, 160 fotograf\u00edas de 41 autores seleccionadas entre casi 60.000 propuestas. \u00abEs una de las ediciones m\u00e1s variadas de los \u00faltimos a\u00f1os\u00bb, subraya Valderrama, que destaca el equilibrio entre el blanco y negro y el color, as\u00ed como la diversidad de miradas.<\/p>\n<p class=\"v-p\">Entre las obras que invitan a detenerse figura &#8216;Traves\u00eda nocturna&#8217;, de John Moore, que retrata a un grupo de migrantes de origen chino \u2013el tercer colectivo m\u00e1s numeroso en Estados Unidos\u2013 durante una noche lluviosa en la frontera con M\u00e9xico. La luz recuerda a la del cuadro de Goya, &#8216;Los fusilamientos del tres de mayo&#8217;. Otra imagen conmovedora que pone el foco en c\u00f3mo los conflictos afectan a la infancia es &#8216;M\u00e1s all\u00e1 de las trincheras&#8217;, de Florian Bachmeier, en la que se ve a una ni\u00f1a ucraniana con la mirada perdida y que sufre ataques de p\u00e1nico tras verse obligada a huir de su pueblo cerca de Kupiansk, en plena invasi\u00f3n rusa.<\/p>\n<p>Foto realizada por John Moore para Getty Images, que muestra a migrantes chinos calent\u00e1ndose bajo una lluvia fr\u00eda tras cruzar la frontera entre Estados Unidos y M\u00e9xico. Una imagen realizada por Musuk Nolte para &#8216;Panos Pictures&#8217;, que retrata el Amazonas convertido en un desierto. Y detalle de &#8216;M\u00e1s all\u00e1 de las trincheras&#8217;, de Florian Bachmeier.<\/p>\n<p><img decoding=\"async\" loading=\"lazy\" src=\"https:\/\/www.europesays.com\/es\/wp-content\/uploads\/2025\/10\/WORLDPRESS-kziF--1200x841@El Correo.jpg\" class=\"v-mdl__img-z\" width=\"1200\" height=\"841\" alt=\"Imagen principal - Foto realizada por John Moore para Getty Images, que muestra a migrantes chinos calent\u00e1ndose bajo una lluvia fr\u00eda tras cruzar la frontera entre Estados Unidos y M\u00e9xico. Una imagen realizada por Musuk Nolte para 'Panos Pictures', que retrata el Amazonas convertido en un desierto. Y detalle de 'M\u00e1s all\u00e1 de las trincheras', de Florian Bachmeier.\"\/><\/p>\n<p><img decoding=\"async\" loading=\"lazy\" src=\"https:\/\/www.europesays.com\/es\/wp-content\/uploads\/2025\/10\/WORLDPRRESS-kziF--1200x851@El Correo.jpg\" class=\"v-mdl__img-z\" width=\"1200\" height=\"851\" alt=\"Imagen secundaria 1 - Foto realizada por John Moore para Getty Images, que muestra a migrantes chinos calent\u00e1ndose bajo una lluvia fr\u00eda tras cruzar la frontera entre Estados Unidos y M\u00e9xico. Una imagen realizada por Musuk Nolte para 'Panos Pictures', que retrata el Amazonas convertido en un desierto. Y detalle de 'M\u00e1s all\u00e1 de las trincheras', de Florian Bachmeier.\"\/><\/p>\n<p><img decoding=\"async\" loading=\"lazy\" src=\"https:\/\/www.europesays.com\/es\/wp-content\/uploads\/2025\/10\/FlorianBachmeier-kziF--711x841@El Correo.jpg\" class=\"v-mdl__img-z\" width=\"711\" height=\"841\" alt=\"Imagen secundaria 2 - Foto realizada por John Moore para Getty Images, que muestra a migrantes chinos calent\u00e1ndose bajo una lluvia fr\u00eda tras cruzar la frontera entre Estados Unidos y M\u00e9xico. Una imagen realizada por Musuk Nolte para 'Panos Pictures', que retrata el Amazonas convertido en un desierto. Y detalle de 'M\u00e1s all\u00e1 de las trincheras', de Florian Bachmeier.\"\/><\/p>\n<p class=\"v-p\">Esa amplitud tem\u00e1tica se refleja tambi\u00e9n en &#8216;Las balas no tienen frontera&#8217;, sobre los porteadores del contrabando en el Kurdist\u00e1n iran\u00ed, o en los trabajos de los espa\u00f1oles Samuel Nacar, que recoge la liberaci\u00f3n de reclusos en Siria, y Luis Tato, que documenta las revueltas en Kenia. A los grandes temas (guerras, sequ\u00edas, rebeliones sociales o autoritarismo) se suman \u00abhistorias intimistas\u00bb, como un reportaje sobre adopciones en Corea o una casa para enfermos terminales en Washington.<\/p>\n<p class=\"v-p\">En cuanto a personalidades, Donald Trump aparece inmortalizado momentos despu\u00e9s de recibir un disparo en el mit\u00edn en el intento de asesinato en Pensilvania. Sin embargo, no se le ve triunfante como en otras im\u00e1genes, sino que Jabin Botsford lo retrata en un \u00abmomento raro y sincero de fragilidad en una campa\u00f1a que se centr\u00f3 en la vitalidad y la fuerza\u00bb, apunta el autor. Por su parte, Mar\u00eda Corina Machado aparece en una imagen tomada por Gabriela Or\u00e1a para &#8216;Reuters&#8217;. La reciente ganadora del Nobel de la Paz aparece triunfante en la imagen retratada, montada sobre el cap\u00f3 de un coche durante un mitin de campa\u00f1a de junio de 2024, m\u00e1s de un a\u00f1o antes de ser reconocida con ese galard\u00f3n internacional.<\/p>\n<p class=\"v-cmp-fgn__t\">\n60.000<br \/>\nFotograf\u00edas\n<\/p>\n<p class=\"v-p\">Las instant\u00e1neas realizadas por 3.778 profesionales que se presentaron al certamen de esta edici\u00f3n, la 70 en la historia del World Press Photo. De todas ellas, se seleccionaron 160.<\/p>\n<p class=\"v-p\">Entre las actividades paralelas destaca el encuentro del 23 de octubre con Daniel Ochoa de Olza, uno de los fotoperiodistas espa\u00f1oles destacados, premiado en a\u00f1os anteriores por &#8216;El regreso de un torero&#8217; (2013) y &#8216;La tradici\u00f3n de las Mayas&#8217; (2016). A la entrada, una de sus im\u00e1genes \u2013un muro en el desierto de Sonora\u2013 invita a la reflexi\u00f3n. La presencia del c\u00e1mara navarro parte de la invitaci\u00f3n del World Press Photo y de la Bienal de Arquitectura Mugak, programa en el que el artista Sebasti\u00e1n Bayo realiza una instalaci\u00f3n en plena Virgen Blanca, tambi\u00e9n vinculada a las fronteras. Ya el 30 de octubre se celebrar\u00e1 adem\u00e1s la mesa redonda &#8216;Palestina y Sud\u00e1n, dos crisis que desangran el mundo&#8217;, organizada por Enfocah y M\u00e9dicos Sin Fronteras.<\/p>\n<p class=\"v-p\">El a\u00f1o pasado visitaron esta exposici\u00f3n m\u00e1s de 22.000 personas. \u00abWorld Press Photo deja un legado cultural muy significativo\u00bb, afirma Valderrama, que en la presentaci\u00f3n de ayer estuvo acompa\u00f1ado por Sonia D\u00edaz de Corcuera, concejala de Cultura. La jeltzale aprovech\u00f3 la muestra para recordar un dato estremecedor sobre el ejercicio del periodismo:m\u00e1s de 200 periodistas han sido asesinados por el ej\u00e9rcito israel\u00ed en Gaza.<\/p>\n<p class=\"v-p\">A pocos metros, en la Sala Jovellanos de Montehermoso, puede verse tambi\u00e9n &#8216;On egin&#8217;, una muestra sobre fotograf\u00eda gastron\u00f3mica con obras de 22 autores, una especie de contrapunto a la muestra precedente. \u00abEs un canto visual a lo que significa la comida\u00bb, resume Valderrama, que destaca el tono m\u00e1s amable de esta propuesta paralela frente a la dureza de a\u00f1os anteriores.<\/p>\n","protected":false},"excerpt":{"rendered":"Mahmoud ha aprendido a usar sus pies para escribir, jugar en su tel\u00e9fono o abrir puertas. Lo suele&hellip;\n","protected":false},"author":2,"featured_media":181117,"comment_status":"","ping_status":"","sticky":false,"template":"","format":"standard","meta":{"footnotes":""},"categories":[173],"tags":[229,233,231,230,232,234,146,147,25,24,1157,27871,4233,32621,2902,23,2177,65],"class_list":{"0":"post-181116","1":"post","2":"type-post","3":"status-publish","4":"format-standard","5":"has-post-thumbnail","7":"category-arte-y-diseno","8":"tag-arte","9":"tag-arte-y-diseno","10":"tag-arts","11":"tag-arts-and-design","12":"tag-design","13":"tag-diseno","14":"tag-entertainment","15":"tag-entretenimiento","16":"tag-es","17":"tag-espana","18":"tag-imagen","19":"tag-photo","20":"tag-poder","21":"tag-press","22":"tag-regresa","23":"tag-spain","24":"tag-vitoria","25":"tag-world"},"share_on_mastodon":{"url":"","error":""},"_links":{"self":[{"href":"https:\/\/www.europesays.com\/es\/wp-json\/wp\/v2\/posts\/181116","targetHints":{"allow":["GET"]}}],"collection":[{"href":"https:\/\/www.europesays.com\/es\/wp-json\/wp\/v2\/posts"}],"about":[{"href":"https:\/\/www.europesays.com\/es\/wp-json\/wp\/v2\/types\/post"}],"author":[{"embeddable":true,"href":"https:\/\/www.europesays.com\/es\/wp-json\/wp\/v2\/users\/2"}],"replies":[{"embeddable":true,"href":"https:\/\/www.europesays.com\/es\/wp-json\/wp\/v2\/comments?post=181116"}],"version-history":[{"count":0,"href":"https:\/\/www.europesays.com\/es\/wp-json\/wp\/v2\/posts\/181116\/revisions"}],"wp:featuredmedia":[{"embeddable":true,"href":"https:\/\/www.europesays.com\/es\/wp-json\/wp\/v2\/media\/181117"}],"wp:attachment":[{"href":"https:\/\/www.europesays.com\/es\/wp-json\/wp\/v2\/media?parent=181116"}],"wp:term":[{"taxonomy":"category","embeddable":true,"href":"https:\/\/www.europesays.com\/es\/wp-json\/wp\/v2\/categories?post=181116"},{"taxonomy":"post_tag","embeddable":true,"href":"https:\/\/www.europesays.com\/es\/wp-json\/wp\/v2\/tags?post=181116"}],"curies":[{"name":"wp","href":"https:\/\/api.w.org\/{rel}","templated":true}]}}