{"id":181138,"date":"2025-10-16T18:08:10","date_gmt":"2025-10-16T18:08:10","guid":{"rendered":"https:\/\/www.europesays.com\/es\/181138\/"},"modified":"2025-10-16T18:08:10","modified_gmt":"2025-10-16T18:08:10","slug":"pisonero-avisa-del-peligro-del-recien-ascendido-alicante","status":"publish","type":"post","link":"https:\/\/www.europesays.com\/es\/181138\/","title":{"rendered":"Pisonero avisa del peligro del reci\u00e9n ascendido Alicante"},"content":{"rendered":"<p>El Recoletas Atl\u00e9tico Valladolid viajar\u00e1 a Alicante con prop\u00f3sito de enmienda, tras la derrota ante el BM Logro\u00f1o, para enfrentarse este s\u00e1bado al E\u00f3n Horneo Alicante, un reci\u00e9n ascendido a Asobal pero \u00abcon una plantilla compensada, con mucho poso\u00bb. As\u00ed lo advirti\u00f3 este jueves en rueda de prensa el t\u00e9cnico vallisoletano, David Pisonero, quien destac\u00f3 que los alicantinos \u00abcuentan con jugadores muy veteranos, con muchos minutos en Asobal, como Darko, Borja, Torrico o Montoya\u00bb.<\/p>\n<p>\u00abEs un conjunto que se va acoplando poco a poco a la categor\u00eda y no va a ser un partido f\u00e1cil, porque comete pocas p\u00e9rdidas, tiene muchas variables de juego y va a poner las cosas dif\u00edciles en su casa\u00bb, explic\u00f3 en declaraciones que recoge Efe.<\/p>\n<p>Adem\u00e1s, destac\u00f3, especialmente su 7 contra 6 que, ante BM Logro\u00f1o, les hizo mucho da\u00f1o, algo que tienen que aprender a contrarrestar, puesto que lo van a tener \u00abdurante muchos minutos\u00bb.<\/p>\n<p>Pisonero dej\u00f3 claro que, por plantilla, Alicante tiene que ocupar buena posici\u00f3n en la tabla y, por tanto, considera que es un rival de \u00absu liga\u00bb, sobre todo, jugando lejos de Huerta del Rey, donde deben recuperar la fortaleza.<\/p>\n<p>Espera \u00abun encuentro lento, trabado, en el que cada gol va a valer mucho\u00bb, en el que no les van a dejar correr y en el que, defensivamente, van a tener que \u00abtener paciencia\u00bb, ya que no podr\u00e1n desplegar el juego que les gusta, y con el que se sienten c\u00f3modos.<\/p>\n<p>\u00abEs importante que podamos abrirnos a otras situaciones, para poder ayudar a los porteros. Va a ser un marcador a pocos goles\u00bb, a\u00f1adi\u00f3.<\/p>\n<p>Preguntado por la salida de los hermanos \u00c1lvaro y Miguel Mart\u00ednez a Logro\u00f1o, indic\u00f3 que trataron de mantenerlos en Valladolid, pero no fue posible, debido a que el Recoletas cuenta con menos presupuesto.<\/p>\n<p>Seg\u00fan reconoci\u00f3, los riojanos les ganaron \u00abcon un juego excesivamente directo\u00bb, en el que no fueron capaces de contener el uno contra uno ni hacer buenas transiciones para frenarles, si bien cree que el resultado final \u00abfue demasiado castigo\u00bb, ya que estuvieron enganchados durante 55 minutos.<\/p>\n<p>Llegan a esta cita ante Alicante con la baja de Rares Fodorean, mientras que el resto de los jugadores estar\u00e1n disponibles, incluido Martin Karapalevski, ya recuperado, o los del filial que \u00abest\u00e1n preparados para entrar en una convocatoria si se les necesita\u00bb.\u00a0<\/p>\n","protected":false},"excerpt":{"rendered":"El Recoletas Atl\u00e9tico Valladolid viajar\u00e1 a Alicante con prop\u00f3sito de enmienda, tras la derrota ante el BM Logro\u00f1o,&hellip;\n","protected":false},"author":2,"featured_media":181139,"comment_status":"","ping_status":"","sticky":false,"template":"","format":"standard","meta":{"footnotes":""},"categories":[278],"tags":[2206,376,40337,3140,168,25,24,375,1675,6173,3134,23,167,51429,1607],"class_list":{"0":"post-181138","1":"post","2":"type-post","3":"status-publish","4":"format-standard","5":"has-post-thumbnail","7":"category-balonmano","8":"tag-alicante","9":"tag-balonmano","10":"tag-darko","11":"tag-david-pisonero","12":"tag-deportes","13":"tag-es","14":"tag-espana","15":"tag-handball","16":"tag-liga-asobal","17":"tag-logrono","18":"tag-recoletas-atletico-valladolid","19":"tag-spain","20":"tag-sports","21":"tag-torrico","22":"tag-valladolid"},"share_on_mastodon":{"url":"","error":""},"_links":{"self":[{"href":"https:\/\/www.europesays.com\/es\/wp-json\/wp\/v2\/posts\/181138","targetHints":{"allow":["GET"]}}],"collection":[{"href":"https:\/\/www.europesays.com\/es\/wp-json\/wp\/v2\/posts"}],"about":[{"href":"https:\/\/www.europesays.com\/es\/wp-json\/wp\/v2\/types\/post"}],"author":[{"embeddable":true,"href":"https:\/\/www.europesays.com\/es\/wp-json\/wp\/v2\/users\/2"}],"replies":[{"embeddable":true,"href":"https:\/\/www.europesays.com\/es\/wp-json\/wp\/v2\/comments?post=181138"}],"version-history":[{"count":0,"href":"https:\/\/www.europesays.com\/es\/wp-json\/wp\/v2\/posts\/181138\/revisions"}],"wp:featuredmedia":[{"embeddable":true,"href":"https:\/\/www.europesays.com\/es\/wp-json\/wp\/v2\/media\/181139"}],"wp:attachment":[{"href":"https:\/\/www.europesays.com\/es\/wp-json\/wp\/v2\/media?parent=181138"}],"wp:term":[{"taxonomy":"category","embeddable":true,"href":"https:\/\/www.europesays.com\/es\/wp-json\/wp\/v2\/categories?post=181138"},{"taxonomy":"post_tag","embeddable":true,"href":"https:\/\/www.europesays.com\/es\/wp-json\/wp\/v2\/tags?post=181138"}],"curies":[{"name":"wp","href":"https:\/\/api.w.org\/{rel}","templated":true}]}}