{"id":18114,"date":"2025-08-01T08:35:07","date_gmt":"2025-08-01T08:35:07","guid":{"rendered":"https:\/\/www.europesays.com\/es\/18114\/"},"modified":"2025-08-01T08:35:07","modified_gmt":"2025-08-01T08:35:07","slug":"los-dragones-ibericos-se-hacen-fuertes-libertad-digital","status":"publish","type":"post","link":"https:\/\/www.europesays.com\/es\/18114\/","title":{"rendered":"Los dragones ib\u00e9ricos se hacen fuertes &#8211; Libertad Digital"},"content":{"rendered":"<p>No son una novedad, pero viven una edad dorada.<strong> Los dragones<\/strong> han estado presentes en la literatura desde hace siglos y ahora han resucitado en las sagas superventas del momento, tanto en las dirigidas a un p\u00fablico adulto como en las enfocadas a lectores infantiles. Aparecen en la fantas\u00eda \u00e9pica y en la m\u00e1s oscura, pasando por el romance juvenil y la ciencia ficci\u00f3n. Estos seres mitol\u00f3gicos no est\u00e1n en riesgo de extinci\u00f3n.<\/p>\n<p><a class=\"fancybox\" href=\"https:\/\/s.libertaddigital.com\/2025\/07\/31\/el-priorato-del-naranjo.jpg\" title=\"\" rel=\"nofollow noopener\" target=\"_blank\"><img class=\"l\" data-  style=\"aspect-ratio: 650 \/ 1003\" alt=\"el-priorato-del-naranjo.jpg\"\/><\/a><\/p>\n<p>Alzaron su vuelo con fuerza la d\u00e9cada pasada con la saga El Legado de Christopher Paolini, El Priorato del Naranjo de <strong>Samantha Shannon<\/strong> o La guerra del drag\u00f3n de Anne McCaffrey, en la que los dragones son esenciales para la supervivencia de los humanos. Pero, como dec\u00edamos, su existencia viene de lejos. Los de <strong>George R.R. Martin<\/strong> los hemos visto <a href=\"https:\/\/www.libertaddigital.com\/temas\/juego-de-tronos-serie\/14.html\" rel=\"nofollow noopener\" target=\"_blank\">aterrorizar a la poblaci\u00f3n en televisi\u00f3n<\/a>, al igual que Smaug, el codicioso ejemplar que guardaba un tesoro en el <a href=\"https:\/\/www.libertaddigital.com\/cultura\/libros\/2017-09-21\/el-hobbit-jrr-tolkien-80-aniversario-1276606198\/\" rel=\"nofollow noopener\" target=\"_blank\"><strong>El Hobbit de J.R.R. Tolkien<\/strong><\/a>, que quiso pasearse por las salas de cine.<\/p>\n<p>El super\u00e9xito del momento, el que reina en todos los escaparates de las librer\u00edas, est\u00e1 firmado por <a href=\"https:\/\/www.libertaddigital.com\/cultura\/libros\/2025-02-04\/que-tiene-alas-de-onix-para-vender-120000-ejemplares-en-menos-de-una-semana-7215493\/\" rel=\"nofollow noopener\" target=\"_blank\"><strong>Rebecca Yarros<\/strong><\/a>. Ha enamorado a millones de lectores &#8211; bestseller en m\u00e1s de 40 pa\u00edses- con unos jinetes de dragones que estudian en el Colegio de Guerra de Basgiath para ser los mejores en una batalla cada vez m\u00e1s cercana. Las tres entregas de la serie Emp\u00edreo &#8211; Alas de Sangre, Alas de Hierro y Alas de \u00d3nix- han ocupado los tres primeros puestos en la lista de m\u00e1s vendidos de The New York Times, por ejemplo.<\/p>\n<p><a class=\"fancybox\" href=\"https:\/\/s.libertaddigital.com\/2025\/05\/07\/saga-onix.jpg\" title=\"\" rel=\"nofollow noopener\" target=\"_blank\"><img class=\"l\" data-  style=\"aspect-ratio: 503 \/ 229\" alt=\"saga-onix.jpg\"\/><\/a><br \/>\n<strong>Opciones espa\u00f1olas<\/strong><\/p>\n<p>Pero no tenemos que irnos al mercado anglosaj\u00f3n. Los escritores espa\u00f1oles han sabido sacar r\u00e9dito a estas criaturas y <strong>los dragones ib\u00e9ricos ganan terreno <\/strong>gracias a autores como Laura Gallego y sus Memorias de Idh\u00fan. Se trata de una trilog\u00eda en la que estos ejemplares, sin ser los protagonistas, tienen un papel relevante para la historia. Fue adaptada a una serie de animaci\u00f3n que estren\u00f3 Netflix.<\/p>\n<p><a class=\"fancybox\" href=\"https:\/\/s.libertaddigital.com\/2025\/07\/31\/memorias-de-idhun.jpg\" title=\"\" rel=\"nofollow noopener\" target=\"_blank\"><img class=\"l\" data-  style=\"aspect-ratio: 16 \/ 9\" alt=\"memorias-de-idhun.jpg\"\/><\/a><\/p>\n<p>Adaptaci\u00f3n de &#8216;Memorias de Idh\u00fan&#8217; | Netflix<\/p>\n<p>Los m\u00e1s peque\u00f1os de la casa pueden adentrarse en este mundo con <strong>Kora y el drag\u00f3n<\/strong>, de Marta Conejo, psic\u00f3loga de profesi\u00f3n y una de las voces que se abren paso con m\u00e1s fuerza en la literatura infantil y juvenil. Se trata de un \u00abmundo de fuego y magia donde todo es posible\u00bb .\u00bbCreo que a estos lectores les gusta, sobre todo, personajes muy fuertes que sean los que muevan la historia, con grises y conflictos, no un h\u00e9roe al uso. La trama tiene que ser muy din\u00e1mica, que avance\u00bb, nos explica Conejo a Libertad Digital.<\/p>\n<p><a class=\"fancybox\" href=\"https:\/\/s.libertaddigital.com\/2025\/07\/31\/kora-y-dragon.jpg\" title=\"\" rel=\"nofollow noopener\" target=\"_blank\"><img class=\"l\" data-  style=\"aspect-ratio: 1100 \/ 1547\" alt=\"kora-y-dragon.jpg\"\/><\/a><\/p>\n<p>Ella se enamor\u00f3 de los dragones con la serie <strong>American Dragon <\/strong>y los ha llevado a un mundo de fantas\u00eda: \u00abEs la criatura mitol\u00f3gica m\u00e1s misteriosa y puedes darle muchas aristas. Como escritor, puedes jugar con su personalidad y crear <strong>uno muy poderoso y muy malo o hacer que hable y sea muy sabio <\/strong>porque viven muchos siglos. Para mi libro, he le\u00eddo c\u00f3mo se entienden los dragones en cada cultura. Por ejemplo, en Asia est\u00e1 relacionado con la naturaleza, portan armadura y son acompa\u00f1antes de los humanos\u00bb.<\/p>\n<p>La protagonista es Kora, una joven a cargo de su hermano peque\u00f1o y de su abuela, la \u00fanica familia que le queda en un mundo muy poco amigable, donde la luz del sol es muy peligrosa y hay tierras bald\u00edas. \u00abElla es muy miedosa, muy temerosa de ese mundo, pero no le queda otra que, creyendo en los dragones, lanzarse a lo imposible. Los dragones viv\u00edan en equilibrio con los humanos pero, por culpa de una princesa que quiso aprovecharse de ellos, se van y el mundo se desequilibra\u00bb.<\/p>\n<p>De fantas\u00eda a novela hist\u00f3rica<\/p>\n<p>Es un libro de fantas\u00eda, un g\u00e9nero que \u00aben Espa\u00f1a tiene mucha calidad y muchos seguidores\u00bb. \u00abContamos con grandes autores en todos los subg\u00e9neros, desde juvenil a fantas\u00eda m\u00e1s oscura, dist\u00f3pica, rom\u00e1ntica o urbana. Hay mucho talento y cada vez se consumen m\u00e1s autores nacionales\u00bb.<\/p>\n<p>Los dragones se cuelan hasta en la <strong>novela hist\u00f3rica espa\u00f1ola<\/strong>, aunque sea de soslayo. El escritor <strong>Luis Zueco<\/strong> (Borja, Zaragoza, 1979) hizo referencia a ellos en <a href=\"https:\/\/www.libertaddigital.com\/cultura\/libros\/2024-09-19\/luis-zueco-los-reyes-catolicos-sabian-que-felipe-el-hermoso-era-muy-peligroso-para-espana-7164708\/\" rel=\"nofollow noopener\" target=\"_blank\">El mapa de un mundo nuevo <\/a>(Ediciones B), la segunda parte de su bilog\u00eda sobre <strong>Isabel la Cat\u00f3lica<\/strong>. La novela pone en valor los mapas, el bien m\u00e1s preciado de una corona, en un tiempo en el que se pod\u00eda leer \u00abHic sunt dracones\u00bb<strong> (\u00abAqu\u00ed hay dragones\u00bb)<\/strong> para se\u00f1alar zonas desconocidas o peligrosas.<\/p>\n","protected":false},"excerpt":{"rendered":"No son una novedad, pero viven una edad dorada. Los dragones han estado presentes en la literatura desde&hellip;\n","protected":false},"author":2,"featured_media":18115,"comment_status":"","ping_status":"","sticky":false,"template":"","format":"standard","meta":{"footnotes":""},"categories":[172],"tags":[224,11202,4550,146,147,25,24,10962,11461,225,671,11462,23],"class_list":{"0":"post-18114","1":"post","2":"type-post","3":"status-publish","4":"format-standard","5":"has-post-thumbnail","7":"category-libros","8":"tag-books","9":"tag-dragon","10":"tag-dragones","11":"tag-entertainment","12":"tag-entretenimiento","13":"tag-es","14":"tag-espana","15":"tag-fantasia","16":"tag-kora-y-el-dragon","17":"tag-libros","18":"tag-literatura","19":"tag-marta-conejo","20":"tag-spain"},"share_on_mastodon":{"url":"","error":""},"_links":{"self":[{"href":"https:\/\/www.europesays.com\/es\/wp-json\/wp\/v2\/posts\/18114","targetHints":{"allow":["GET"]}}],"collection":[{"href":"https:\/\/www.europesays.com\/es\/wp-json\/wp\/v2\/posts"}],"about":[{"href":"https:\/\/www.europesays.com\/es\/wp-json\/wp\/v2\/types\/post"}],"author":[{"embeddable":true,"href":"https:\/\/www.europesays.com\/es\/wp-json\/wp\/v2\/users\/2"}],"replies":[{"embeddable":true,"href":"https:\/\/www.europesays.com\/es\/wp-json\/wp\/v2\/comments?post=18114"}],"version-history":[{"count":0,"href":"https:\/\/www.europesays.com\/es\/wp-json\/wp\/v2\/posts\/18114\/revisions"}],"wp:featuredmedia":[{"embeddable":true,"href":"https:\/\/www.europesays.com\/es\/wp-json\/wp\/v2\/media\/18115"}],"wp:attachment":[{"href":"https:\/\/www.europesays.com\/es\/wp-json\/wp\/v2\/media?parent=18114"}],"wp:term":[{"taxonomy":"category","embeddable":true,"href":"https:\/\/www.europesays.com\/es\/wp-json\/wp\/v2\/categories?post=18114"},{"taxonomy":"post_tag","embeddable":true,"href":"https:\/\/www.europesays.com\/es\/wp-json\/wp\/v2\/tags?post=18114"}],"curies":[{"name":"wp","href":"https:\/\/api.w.org\/{rel}","templated":true}]}}