{"id":181140,"date":"2025-10-16T18:09:14","date_gmt":"2025-10-16T18:09:14","guid":{"rendered":"https:\/\/www.europesays.com\/es\/181140\/"},"modified":"2025-10-16T18:09:14","modified_gmt":"2025-10-16T18:09:14","slug":"david-galvan-torero-es-una-gran-motivacion-cerrar-mi-temporada-en-jaen-con-los-toros-de-victorino-martin","status":"publish","type":"post","link":"https:\/\/www.europesays.com\/es\/181140\/","title":{"rendered":"David Galv\u00e1n, torero: \u00abEs una gran motivaci\u00f3n cerrar mi temporada en Ja\u00e9n con los toros de Victorino Mart\u00edn\u00bb"},"content":{"rendered":"<p>El diestro gaditano David Galv\u00e1n practica un toreo cl\u00e1sico y puro. Nunca lo ha tenido f\u00e1cil, pero en los \u00faltimos a\u00f1os est\u00e1 consiguiendo convencer a  &#8230; las aficiones m\u00e1s exigentes. El grave percance que sufri\u00f3 en Madrid el pasado d\u00eda 11 precisamente con los toros de Victorino puso en duda su presencia, aunque su presencia en Ja\u00e9n est\u00e1 casi asegurada, donde se le espera con inter\u00e9s. <\/p>\n<p class=\"v-p\"><strong>\u2013La temporada del 2025 ha sido para usted intensa y de reafirmaci\u00f3n. Llega a Ja\u00e9n a cerrar el a\u00f1o con una corrida de Victorino Mart\u00edn. \u00bfC\u00f3mo afronta el reto?<\/strong><\/p>\n<p class=\"v-p\">\u2013Llegar a la feria taurina de San Lucas de Ja\u00e9n en un a\u00f1o en el que he podido reafirmar todas las expectativas con las que ven\u00eda de la temporada del 2024, donde fui la revelaci\u00f3n de la temporada y sobre todo en San Isidro, donde realic\u00e9 la mejor faena de la feria, supone una gran motivaci\u00f3n para m\u00ed. Que adem\u00e1s sea con la corrida de Victorino Mart\u00edn es un aliciente a\u00fan mayor por lo que significa este hierro, por lo que significa para m\u00ed la plaza de toros de Ja\u00e9n en mi carrera y al c\u00f3mputo global de la temporada. Siempre el 18 de octubre, desde que empezaba, so\u00f1aba con torear en Ja\u00e9n; esa era la mejor se\u00f1al de que estabas posicionado en los puestos de privilegio del toreo. Es una gran motivaci\u00f3n y una ilusi\u00f3n torear en el coso de la Alameda.<\/p>\n<p class=\"v-p\"><strong>\u2013La presencia de Curro D\u00edaz y &#8216;El Cid&#8217;, que son aut\u00e9nticos especialistas en este tipo de toros, debe de ser un aliciente, pero tambi\u00e9n una responsabilidad, \u00bfno?<\/strong><\/p>\n<p class=\"v-p\">\u2013Compartir cartel con ellos es una gran satisfacci\u00f3n. Tienen una trayectoria amplia que admiro, han sido toreros referentes desde mis inicios. Dentro de este cartel soy bastante joven, pero mi ilusi\u00f3n est\u00e1 en las cuotas m\u00e1s altas por el c\u00f3mputo global, tanto por la ganader\u00eda como por los compa\u00f1eros a los que respeto por su concepto y tambi\u00e9n por el peso que tienen en la temporada y en el toreo en general.<\/p>\n<p class=\"v-p\"><strong>\u2013\u00bfQu\u00e9 valoraci\u00f3n hace de la temporada que est\u00e1 a punto de terminar y de la que ha sido uno de sus triunfadores?<\/strong><\/p>\n<p class=\"v-p\">\u2013Una temporada muy importante, sobre todo un a\u00f1o de consolidaci\u00f3n a una temporada pasada que supuso de revelaci\u00f3n. Ese toro &#8216;Endeudado&#8217; en Madrid fue muy importante: ser declarado autor de la mejor faena de la feria de San Isidro me abri\u00f3 muchas puertas de muchas ferias importantes. Gracias a Dios fui triunfando posteriormente en todas ellas y labr\u00e1ndome lo que ha sido este 2025 que ha supuesto el paso por plazas de relevancia, por ferias de categor\u00eda, en un a\u00f1o donde se pon\u00eda en evidencia que ten\u00eda que seguir dando argumentos s\u00f3lidos para seguir mi propio camino. Estar en la feria de Oto\u00f1o de Madrid y Ja\u00e9n ha sido gracias a reafirmarme en conceptos como mantener mi autenticidad como torero, mi personalidad y profundizar en aquellos otros de temple y reuni\u00f3n con los toros.<\/p>\n<p class=\"v-p\"><strong>\u2013Est\u00e1 en un momento de plena madurez. \u00bfEs el mejor momento de su ya amplia carrera como matador de toros?<\/strong><\/p>\n<p class=\"v-p\">\u2013Cada d\u00eda que me levanto intento ser mejor. Mejorar en todos los aspectos, mantener siempre esa humildad para crecer como torero y esa ambici\u00f3n para poder ser cada d\u00eda mejor. Por eso, creo que vivo el mejor momento de mi carrera y espero y tengo la firme intenci\u00f3n de seguir en esa senda, seguir creciendo y dar la mejor versi\u00f3n de m\u00ed mismo en cada actuaci\u00f3n. <\/p>\n<p class=\"v-p\"><strong>\u2013Sevilla y Madrid, aun sin cortar orejas, han sido dos plazas importantes por esas faenas de una expresi\u00f3n art\u00edstica tremenda. \u00bfSe fue satisfecho a pesar de la ausencia de trofeos?<\/strong><\/p>\n<p class=\"v-p\">\u2013Sevilla y Madrid han sido dos cotas, dos pasos muy importantes en esta temporada. En Sevilla hice una de las faenas m\u00e1s importantes de mi carrera, de las tardes m\u00e1s redondas art\u00edsticamente, donde sent\u00ed a la Maestranza emocionada, sent\u00ed que entr\u00f3 plenamente en mi toreo y en mi concepto, siendo muy especial vivir esa tarde. En Madrid fueron dos tardes en los que sent\u00ed la expectaci\u00f3n de esa plaza. Sent\u00ed la unanimidad y el reconocimiento de la afici\u00f3n en la primera plaza del mundo. A lo largo de la temporada lo que se hace siempre con verdad y con esos conceptos se va expandiendo y ganando peso, siendo dos pasos importantes para mi temporada.<\/p>\n<p class=\"v-p\"><strong>\u2013A pesar del alto nivel mostrado en los \u00faltimos a\u00f1os, \u00bfno cree que todav\u00eda no se le ha reconocido su trayectoria como merec\u00eda por parte de las empresas?<\/strong><\/p>\n<p class=\"v-p\">\u2013Intento centrarme en todo momento en lo que tengo. Centrarte en lo que no tienes o lo que podr\u00eda haber sido es caer en lamentaciones y el toreo no es eso. El toreo sigue, la vida de uno sigue y tiene uno que mostrar su mejor versi\u00f3n en cada actuaci\u00f3n. Al final el p\u00fablico va a verte en cada ocasi\u00f3n. El toreo no entiende de escenarios y nosotros nos debemos a esa afici\u00f3n que paga una entrada por verte y ver tu mejor versi\u00f3n.<\/p>\n","protected":false},"excerpt":{"rendered":"El diestro gaditano David Galv\u00e1n practica un toreo cl\u00e1sico y puro. Nunca lo ha tenido f\u00e1cil, pero en&hellip;\n","protected":false},"author":2,"featured_media":181141,"comment_status":"","ping_status":"","sticky":false,"template":"","format":"standard","meta":{"footnotes":""},"categories":[277],"tags":[373,5417,168,25,24,3956,3619,1730,51430,23,167,1152,374,444,4093],"class_list":{"0":"post-181140","1":"post","2":"type-post","3":"status-publish","4":"format-standard","5":"has-post-thumbnail","7":"category-toreo","8":"tag-bullfighting","9":"tag-cerrar","10":"tag-deportes","11":"tag-es","12":"tag-espana","13":"tag-gran","14":"tag-jaen","15":"tag-martin","16":"tag-motivacion","17":"tag-spain","18":"tag-sports","19":"tag-temporada","20":"tag-toreo","21":"tag-toros","22":"tag-victorino"},"share_on_mastodon":{"url":"","error":""},"_links":{"self":[{"href":"https:\/\/www.europesays.com\/es\/wp-json\/wp\/v2\/posts\/181140","targetHints":{"allow":["GET"]}}],"collection":[{"href":"https:\/\/www.europesays.com\/es\/wp-json\/wp\/v2\/posts"}],"about":[{"href":"https:\/\/www.europesays.com\/es\/wp-json\/wp\/v2\/types\/post"}],"author":[{"embeddable":true,"href":"https:\/\/www.europesays.com\/es\/wp-json\/wp\/v2\/users\/2"}],"replies":[{"embeddable":true,"href":"https:\/\/www.europesays.com\/es\/wp-json\/wp\/v2\/comments?post=181140"}],"version-history":[{"count":0,"href":"https:\/\/www.europesays.com\/es\/wp-json\/wp\/v2\/posts\/181140\/revisions"}],"wp:featuredmedia":[{"embeddable":true,"href":"https:\/\/www.europesays.com\/es\/wp-json\/wp\/v2\/media\/181141"}],"wp:attachment":[{"href":"https:\/\/www.europesays.com\/es\/wp-json\/wp\/v2\/media?parent=181140"}],"wp:term":[{"taxonomy":"category","embeddable":true,"href":"https:\/\/www.europesays.com\/es\/wp-json\/wp\/v2\/categories?post=181140"},{"taxonomy":"post_tag","embeddable":true,"href":"https:\/\/www.europesays.com\/es\/wp-json\/wp\/v2\/tags?post=181140"}],"curies":[{"name":"wp","href":"https:\/\/api.w.org\/{rel}","templated":true}]}}