{"id":181150,"date":"2025-10-16T18:16:09","date_gmt":"2025-10-16T18:16:09","guid":{"rendered":"https:\/\/www.europesays.com\/es\/181150\/"},"modified":"2025-10-16T18:16:09","modified_gmt":"2025-10-16T18:16:09","slug":"escuchar-a-mbappe-es-un-ejercicio-ejemplarizante","status":"publish","type":"post","link":"https:\/\/www.europesays.com\/es\/181150\/","title":{"rendered":"Escuchar a Mbapp\u00e9 es un ejercicio ejemplarizante"},"content":{"rendered":"<p>\n        La ministra de<strong> Inclusi\u00f3n, Seguridad Social y Migraciones<\/strong> del Gobierno de Espa\u00f1a,<a href=\"https:\/\/www.noticiasdenavarra.com\/tags\/elma-saiz\/\" title=\"Elma Saiz\" target=\"_blank\" class=\"link copy\" rel=\"nofollow noopener\"> Elma Saiz<\/a>, defendi\u00f3 este jueves <strong>el poder que tiene el f\u00fatbol y los futbolistas<\/strong>, poniendo de ejemplo el caso del delantero del Real Madrid <strong>Kylian Mbapp\u00e9,<\/strong> para \u00abtransformar positivamente la sociedad\u00bb, algo que considera \u00abun ejercicio ejemplarizante\u00bb.\n<\/p>\n<p class=\"article-body__text \">\n        \u00abLos deportistas son faros para la gente joven y escuchar a Mbapp\u00e9 tiene <strong>un altavoz muy potente<\/strong>. Es un ejercicio ejemplarizante. Se puede ser deportista de \u00e9lite y no perder la conciencia social. Hay mucha gente escuchando y tienen mucho poder para llegar a la sociedad\u00bb, asegur\u00f3 la ministra durante su intervenci\u00f3n en el <strong>World Football Summit<\/strong>.\n<\/p>\n<p class=\"article-body__text \">\n        Saiz subray\u00f3 que \u00abel f\u00fatbol no es solo un juego\u00bb, ya que tiene \u00abpoder para<strong> transformar positivamente<\/strong> la sociedad\u00bb. \u00abEs una evidencia y por eso con algo tan nocivo como <strong>el racismo o la xenofobia<\/strong> es muy importante el altavoz del f\u00fatbol, que tiene que parecerse a la sociedad en la que vivimos, con una diversidad presente. Las sociedades m\u00e1s inclusivas son m\u00e1s pr\u00f3speras y el deporte es <strong>un actor principal <\/strong>en esto\u00bb, reiter\u00f3.\n<\/p>\n<p class=\"article-body__text \">\n        Preguntada por los episodios de violencia en el f\u00fatbol, la responsable de la cartera de Inclusi\u00f3n cree que \u00abhay muchas maneras <strong>de demostrar la disconformidad\u00bb<\/strong> y \u00aben el deporte es igual\u00bb. \u00abQuiz\u00e1s hemos sido un poco tibios. Cualquier mensaje negativo que puedas escuchar, hay que decir que no est\u00e1 bien\u00bb, argument\u00f3, animando a <strong>denunciar los episodios de violencia<\/strong> o racismo que se puedan presenciar en un recinto deportivo.\n<\/p>\n<p class=\"article-body__text \">\n        La ministra explic\u00f3 que las batallas que se dan en las redes sociales tienen <strong>\u00abun riesgo\u00bb real <\/strong>de trasladarse a la sociedad, poniendo como ejemplo los incidentes en <strong>Torre-Pacheco (Murcia)<\/strong> durante el mes de julio entre inmigrantes que habitan en el municipio y poblaci\u00f3n espa\u00f1ola, que <strong>\u00abpone los pelos de punta\u00bb <\/strong>y \u00abno puede pasar\u00bb.\n<\/p>\n<p class=\"article-body__text \">\n        \u00abEl <strong>contenido se monitoriza<\/strong> y todas las plataformas acudieron al Ministerio y estamos trabajando sobre ello. Me complace ver<strong> el compromiso<\/strong> de las plataformas para que desaparezcan estos discursos en redes sociales. Es importante el compromiso de la sociedad\u00bb, a\u00f1adi\u00f3.\n<\/p>\n<p>  El Sadar, ejemplo<\/p>\n<p class=\"article-body__text \">\n        Saiz puso de ejemplo de \u00abcompromiso contra el racismo y la xenofobia desde el minuto cero\u00bb a El Sadar. \u00abEs muy importante, pero<strong> es una labor de toda la sociedad<\/strong>. Es peligroso que avancen mensajes que niegan<strong> la violencia o la diversidad<\/strong>. Al final hacemos un grupo humano y es necesario denunciar este tipo de situaciones\u00bb, subray\u00f3.\n<\/p>\n<p class=\"article-body__text \">\n        Por \u00faltimo, Saiz explic\u00f3 los \u00abbuenos resultados en t\u00e9rminos de integraci\u00f3n\u00bb que han extra\u00eddo de<strong> los diferentes programas <\/strong>que tienen en el Ministerio. \u00abEl deporte es importante para seguir construyendo la <strong>sociedad inclusiva<\/strong> que queremos hacer\u00bb, concluy\u00f3.<\/p>\n","protected":false},"excerpt":{"rendered":"La ministra de Inclusi\u00f3n, Seguridad Social y Migraciones del Gobierno de Espa\u00f1a, Elma Saiz, defendi\u00f3 este jueves el&hellip;\n","protected":false},"author":2,"featured_media":181151,"comment_status":"","ping_status":"","sticky":false,"template":"","format":"standard","meta":{"footnotes":""},"categories":[268],"tags":[168,4808,14041,25,6947,24,280,282,24904,14042,281,23,167],"class_list":{"0":"post-181150","1":"post","2":"type-post","3":"status-publish","4":"format-standard","5":"has-post-thumbnail","7":"category-futbol","8":"tag-deportes","9":"tag-ejercicio","10":"tag-elma","11":"tag-es","12":"tag-escuchar","13":"tag-espana","14":"tag-football","15":"tag-futbol","16":"tag-mbappe","17":"tag-saiz","18":"tag-soccer","19":"tag-spain","20":"tag-sports"},"share_on_mastodon":{"url":"","error":""},"_links":{"self":[{"href":"https:\/\/www.europesays.com\/es\/wp-json\/wp\/v2\/posts\/181150","targetHints":{"allow":["GET"]}}],"collection":[{"href":"https:\/\/www.europesays.com\/es\/wp-json\/wp\/v2\/posts"}],"about":[{"href":"https:\/\/www.europesays.com\/es\/wp-json\/wp\/v2\/types\/post"}],"author":[{"embeddable":true,"href":"https:\/\/www.europesays.com\/es\/wp-json\/wp\/v2\/users\/2"}],"replies":[{"embeddable":true,"href":"https:\/\/www.europesays.com\/es\/wp-json\/wp\/v2\/comments?post=181150"}],"version-history":[{"count":0,"href":"https:\/\/www.europesays.com\/es\/wp-json\/wp\/v2\/posts\/181150\/revisions"}],"wp:featuredmedia":[{"embeddable":true,"href":"https:\/\/www.europesays.com\/es\/wp-json\/wp\/v2\/media\/181151"}],"wp:attachment":[{"href":"https:\/\/www.europesays.com\/es\/wp-json\/wp\/v2\/media?parent=181150"}],"wp:term":[{"taxonomy":"category","embeddable":true,"href":"https:\/\/www.europesays.com\/es\/wp-json\/wp\/v2\/categories?post=181150"},{"taxonomy":"post_tag","embeddable":true,"href":"https:\/\/www.europesays.com\/es\/wp-json\/wp\/v2\/tags?post=181150"}],"curies":[{"name":"wp","href":"https:\/\/api.w.org\/{rel}","templated":true}]}}