{"id":181156,"date":"2025-10-16T18:19:08","date_gmt":"2025-10-16T18:19:08","guid":{"rendered":"https:\/\/www.europesays.com\/es\/181156\/"},"modified":"2025-10-16T18:19:08","modified_gmt":"2025-10-16T18:19:08","slug":"hay-que-ser-cuidadosos-con-las-palabras-porque-pueden-acariciar-pero-tambien-golpear","status":"publish","type":"post","link":"https:\/\/www.europesays.com\/es\/181156\/","title":{"rendered":"\u201cHay que ser cuidadosos con las palabras, porque pueden acariciar, pero tambi\u00e9n golpear\u201d"},"content":{"rendered":"<p data-gtm-element-container=\"modulo-texto-link\" class=\"paragraph\">\u00c1ngela Banzas (Santiago de Compostela, 1982) ha quedado finalista del premio Planeta con Cuando el viento hable, la quinta en apenas cuatro a\u00f1os (El silencio de las olas, 2021;\u00a0El conjuro de la niebla, 2022;\u00a0La sombra de la rosa, 2023;\u00a0Aliento de las Llamas, 2024, todas en Suma).\u00a0<\/p>\n<p data-gtm-element-container=\"modulo-texto-link\" class=\"paragraph\"><strong>Al ser nombrada finalista record\u00f3 c\u00f3mo la marc\u00f3 el paso por un hospital de peque\u00f1a\u2026<\/strong><\/p>\n<p data-gtm-element-container=\"modulo-texto-link\" class=\"paragraph\">Escribo las novelas en capas. La piel es esa arquitectura m\u00e1s de thriller, con cap\u00edtulos cortos, siempre dejando al lector con ganas de leer el siguiente cap\u00edtulo. Y ah\u00ed hay much\u00edsimos secretos familiares, ah\u00ed es donde no se sabe qu\u00e9 est\u00e1 sucediendo en ese hospital, hay muchas cosas que no se saben de entrada, como ese pr\u00f3logo de una chica, Sof\u00eda, que se encuentra ante su tumba y pregunta qui\u00e9n est\u00e1 ah\u00ed enterrado.\u00a0<\/p>\n<p data-gtm-element-container=\"modulo-texto-link\" class=\"paragraph\">Luego est\u00e1 el coraz\u00f3n, que es el motor, como si fuese la piedra angular de una catedral. Ese primer latido me lo dio esa experiencia que yo estaba deseando transitar de alguna forma desde que estuve en el hospital, pero lo he llevado a mi terreno, con la intriga a\u00f1adida, y mucho del aprendizaje, que es universal, humano, que nos conecta con el otro, pasa en los hospitales, donde la gente habla con las miradas, ve reflejado su dolor en los ojos del otro, su miedo.\u00a0<\/p>\n<p data-gtm-element-container=\"modulo-texto-link\" class=\"paragraph\">Aunque tengan distintos acentos, esas lenguas son las mismas lenguas, pasa lo mismo con el amor: sabes cuando alguien realmente ha amado, porque es la misma lengua, independientemente de las historias. Eso es lo que nos une y nos permite acercarnos al semejante. Luego est\u00e1 el alma, que es lo m\u00e1s profundo y el mensaje que yo quer\u00eda dar, un poco de esperanza a trav\u00e9s de mi primera historia de amor bonita, que es lo que te deja muy satisfecho.<\/p>\n<p>    Lee tambi\u00e9n<\/p>\n<p data-gtm-element-container=\"modulo-texto-link\" class=\"paragraph\"><strong>Pero ese hospital se convierte un poco en la casa de los horrores, \u00bfno?<\/strong><\/p>\n<p data-gtm-element-container=\"modulo-texto-link\" class=\"paragraph\">S\u00ed. En el hospital sucede algo y es justamente por esa diferencia, por poner la mirada en la diferencia en lugar de lo semejante. Cuando ves al diferente y lo vas degradando hasta considerarlo una especie de subhumano al que puedes hacerle lo que te d\u00e9 la gana, le puedes privar de la libertad o puedes arrebatarle la vida, puedes hacerle lo que quieras, lo que ojal\u00e1 no fuese tan real como a veces es. Aqu\u00ed lo llevo al extremo, algo que pas\u00f3 en cierta \u00e9poca, pero sigue pasando. Cuando nos ponemos a buscar nuestras semejanzas, tendemos un puente con el otro, mientras que, si nos ponemos a buscar las diferencias, encontramos enemistad.<\/p>\n<p data-gtm-element-container=\"modulo-texto-link\" class=\"paragraph\"><strong>Y veremos a\u00fan m\u00e1s y m\u00e1s diferencias.<\/strong><\/p>\n<p data-gtm-element-container=\"modulo-texto-link\" class=\"paragraph\">Una cosa es ver la diferencia como algo que enriquece, que aporta, que te interesa, y otra es la diferencia que a\u00edsla y que se\u00f1ala, y esa es peligrosa y acaba derivando en terribles conflictos, como vemos todos los d\u00edas.<\/p>\n<p data-gtm-element-container=\"modulo-texto-link\" class=\"paragraph\"><strong>\u00bfC\u00f3mo naci\u00f3 esta historia de amor?<\/strong><\/p>\n<p data-gtm-element-container=\"modulo-texto-link\" class=\"paragraph\">La verdad es que es una bonita historia de amor y justamente parte de ese primer contacto en el hospital. Empieza muy poco a poco a trav\u00e9s de la palabra, porque los protagonistas se escriben y a trav\u00e9s de la palabra se tienden en la mano, y m\u00e1s all\u00e1 de esas primeras impresiones hay como una resonancia entre dos personas, como si la voz de uno resonase en el otro. Es algo m\u00e1gico, porque el amor mueve el mundo. El amor para m\u00ed es lo contrario a la muerte, no es la vida, porque hay mucho vivo que es m\u00e1s bien un muerto en vida. Y en cambio, el amor es lo que lo mueve todo, lo que da sentido a todo.<\/p>\n<p data-gtm-element-container=\"modulo-texto-link\" class=\"paragraph\"><strong>Reivindica el valor de la palabra\u2026<\/strong><\/p>\n<p data-gtm-element-container=\"modulo-texto-link\" class=\"paragraph\">Por supuesto. Y en la relaci\u00f3n de Sof\u00eda con la otra ni\u00f1a en el hospital, adem\u00e1s de las palabras est\u00e1 la imaginaci\u00f3n como fuente de inagotable para luchar contra el horror. Saber que aunque en este caso una persona pueda estar prisionera dentro de un cuerpo enfermo o sin la capacidad de ver con nuestros ojos, tiene otros ojos ah\u00ed dentro, puede evadirse incluso solo con el poder de su imaginaci\u00f3n. Hay que ser muy cuidadoso tambi\u00e9n con las palabras, ya sabemos el poder que tienen: pueden acariciar, pero tambi\u00e9n pueden golpear.<\/p>\n<p>                <img loading=\"lazy\" decoding=\"async\" data-full-src=\"https:\/\/www.lavanguardia.com\/uploads\/2025\/10\/16\/68f120e755748.jpeg\" alt=\"Horizontal\" width=\"449\" height=\"299\" src=\"https:\/\/www.europesays.com\/es\/wp-content\/uploads\/2025\/10\/68f120e755748.jpeg\" class=\"lazy\"\/><\/p>\n<p class=\"caption-title \">\u00c1ngela Banzas y Juan del Val, en el centro, reciben los aplausos del alcalde de Barcelona, Jaume Collboni, la vicepresidenta de Gobierno Yolanda D\u00edaz y el presidente de Planeta, Jos\u00e9 Crehueras<\/p>\n<p>                    \u00c0lex Garcia<\/p>\n<p data-gtm-element-container=\"modulo-texto-link\" class=\"paragraph\"><strong>En su discurso reivindic\u00f3 las bibliotecas en los hospitales\u2026<\/strong><\/p>\n<p data-gtm-element-container=\"modulo-texto-link\" class=\"paragraph\">No quiero ser yo superreivindicativa, pero considero que es muy importante hacer una peque\u00f1ita llamada de atenci\u00f3n, porque a veces las bibliotecas en los hospitales se reducen a una estanter\u00eda, y no voy a decir que son tan importantes como un tratamiento m\u00e9dico, pero alivian tambi\u00e9n y rompen la soledad, que hay mucha gente que est\u00e1 muy sola.<\/p>\n<p data-gtm-element-container=\"modulo-texto-link\" class=\"paragraph\"><strong>Y en los hospitales, como en una situaci\u00f3n b\u00e9lica, los ni\u00f1os necesitan desconectar, y un libro te da esa posibilidad.<\/strong><\/p>\n<p data-gtm-element-container=\"modulo-texto-link\" class=\"paragraph\">A m\u00ed me provoca tanto dolor ver a un ni\u00f1o que est\u00e1 muy enfermito y que necesita evadirse a trav\u00e9s de un libro como los ni\u00f1os que viven un contexto de guerra, porque al final la enfermedad no deja de ser una guerra y ellos son peque\u00f1os guerreros. En el caso de los ni\u00f1os que viven en zonas con conflictos armados, son esos campos de batalla que son siempre desproporcionados porque alcanzan al vulnerable, al que no deber\u00eda jam\u00e1s pasarle, igual que no podr\u00eda entender la muerte de los ni\u00f1os en ninguna situaci\u00f3n, realmente. Los libros tienen un poder inmenso y yo creo que hay que ofrecer esa oportunidad porque dan mucho calor y son refugio, son evasi\u00f3n y ofrecen otra forma de vivir. Por eso, si podemos nutrir un poquito mejor esas bibliotecas dentro del hospital, que no se nos olvide, es importante que lleguen a quien los necesita.<\/p>\n<p data-gtm-element-container=\"modulo-texto-link\" class=\"paragraph\"><strong>Uno de los temas del libro son unos misterios familiares que Sof\u00eda vive durante la posguerra\u2026<\/strong><\/p>\n<p data-gtm-element-container=\"modulo-texto-link\" class=\"paragraph\">Es el silencio impuesto en la \u00e9poca, el silencio de la calle, el que est\u00e1 dentro de las casas, un silencio que lo traspasa absolutamente todo. Son silencios dentro de las familias que inundaron a una generaci\u00f3n entera, a veces para preservar, para que no se herede por ejemplo el odio, y otras veces por todo lo contrario, para perpetuar la cadena. Yo siempre trabajo el tema de los silencios, de los secretos, y en esta novela los abuelos de Sof\u00eda la esconden todas las noches en una buhardilla. Ella se enfrenta a ese miedo, a esa oscuridad, pero que no sabe el porqu\u00e9. Pero tambi\u00e9n los abuelos tienen sus propios secretos entre ellos, sus propios silencios y c\u00f3mo se van curtiendo y se van casi tatuando la piel, y ya con el paso de los a\u00f1os, justo cuando llegan al final de su vida, es cuando se van encontrando, y es la forma de estar ligada a una generaci\u00f3n que vivi\u00f3 m\u00e1s esas ausencias, esos silencios, esos rezos y esas sombras que hab\u00eda en todas las casas, y que todav\u00eda nos tocan muy de cerca.<\/p>\n<p>Narraci\u00f3n en castellano y poes\u00eda en gallego<\/p>\n<p class=\"module-text\"><strong>Escribe sus novelas en castellano, pero en cambio escribe su poes\u00eda en gallego.<br \/><\/strong>La poes\u00eda la escribo fundamentalmente en gallego, quiz\u00e1s porque es lo m\u00e1s \u00edntimo que tengo y por eso necesitas salir a trav\u00e9s de la poes\u00eda, que es algo que te conecta m\u00e1s, incluso, con esa patria que llevamos todos dentro.<br \/><strong>\u00bfNo ha empezado nunca una novela en gallego? <br \/><\/strong>Es algo que tengo muy en mente, pero mi primera novela sali\u00f3 en el 2021, y esta es la quinta en cuatro a\u00f1os\u2026 Ha sido una cuesti\u00f3n de tiempo, porque las quiero escribir yo en gallego, no quiero traducirlas.<\/p>\n<p data-gtm-element-container=\"modulo-texto-link\" class=\"paragraph\"><strong>El ambiente de posguerra tiene importancia, en el libro.<\/strong><\/p>\n<p data-gtm-element-container=\"modulo-texto-link\" class=\"paragraph\">S\u00ed, es un drama hist\u00f3rico con tintes g\u00f3ticos, porque me gusta lo de las partes sombr\u00edas, pero con un mensaje luminoso, porque insisto en el tema de la esperanza. Cierto lirismo tambi\u00e9n tiene, forma parte de mi voz. La arquitectura sigue siendo como un thriller, para que cautive, pero creo que tiene mucha profundidad emocional. Adem\u00e1s, creo que la novela me ha quedado muy tierna, aunque tenga una cara de thriller, con todos esos secretos e intrigas, todo lo que sucede tanto en la familia como en la calle como dentro de ese hospital. Pero en ning\u00fan momento la enmarcar\u00eda en un g\u00e9nero negro. El coraz\u00f3n, el fondo, son todos esos mensajes a trav\u00e9s de los personajes que quiero exponer. Que deje ese regusto agradable, para que el lector se quede con esa sensaci\u00f3n cuando cierre el libro.<\/p>\n","protected":false},"excerpt":{"rendered":"\u00c1ngela Banzas (Santiago de Compostela, 1982) ha quedado finalista del premio Planeta con Cuando el viento hable, la&hellip;\n","protected":false},"author":2,"featured_media":181157,"comment_status":"","ping_status":"","sticky":false,"template":"","format":"standard","meta":{"footnotes":""},"categories":[172],"tags":[224,146,147,25,24,225,23],"class_list":{"0":"post-181156","1":"post","2":"type-post","3":"status-publish","4":"format-standard","5":"has-post-thumbnail","7":"category-libros","8":"tag-books","9":"tag-entertainment","10":"tag-entretenimiento","11":"tag-es","12":"tag-espana","13":"tag-libros","14":"tag-spain"},"share_on_mastodon":{"url":"","error":""},"_links":{"self":[{"href":"https:\/\/www.europesays.com\/es\/wp-json\/wp\/v2\/posts\/181156","targetHints":{"allow":["GET"]}}],"collection":[{"href":"https:\/\/www.europesays.com\/es\/wp-json\/wp\/v2\/posts"}],"about":[{"href":"https:\/\/www.europesays.com\/es\/wp-json\/wp\/v2\/types\/post"}],"author":[{"embeddable":true,"href":"https:\/\/www.europesays.com\/es\/wp-json\/wp\/v2\/users\/2"}],"replies":[{"embeddable":true,"href":"https:\/\/www.europesays.com\/es\/wp-json\/wp\/v2\/comments?post=181156"}],"version-history":[{"count":0,"href":"https:\/\/www.europesays.com\/es\/wp-json\/wp\/v2\/posts\/181156\/revisions"}],"wp:featuredmedia":[{"embeddable":true,"href":"https:\/\/www.europesays.com\/es\/wp-json\/wp\/v2\/media\/181157"}],"wp:attachment":[{"href":"https:\/\/www.europesays.com\/es\/wp-json\/wp\/v2\/media?parent=181156"}],"wp:term":[{"taxonomy":"category","embeddable":true,"href":"https:\/\/www.europesays.com\/es\/wp-json\/wp\/v2\/categories?post=181156"},{"taxonomy":"post_tag","embeddable":true,"href":"https:\/\/www.europesays.com\/es\/wp-json\/wp\/v2\/tags?post=181156"}],"curies":[{"name":"wp","href":"https:\/\/api.w.org\/{rel}","templated":true}]}}