{"id":181158,"date":"2025-10-16T18:20:10","date_gmt":"2025-10-16T18:20:10","guid":{"rendered":"https:\/\/www.europesays.com\/es\/181158\/"},"modified":"2025-10-16T18:20:10","modified_gmt":"2025-10-16T18:20:10","slug":"el-consejo-de-informativos-de-tve-denuncia-presiones-de-la-direccion-y-aplaza-la-votacion-de-los-trabajadores-que-iba-a-comenzar-manana-ante-el-hartazgo-y-decepcion-por-la-03","status":"publish","type":"post","link":"https:\/\/www.europesays.com\/es\/181158\/","title":{"rendered":"El Consejo de Informativos de TVE denuncia &quot;presiones de la direcci\u00f3n&quot; y aplaza la votaci\u00f3n de los trabajadores que iba a comenzar ma\u00f1ana ante el &quot;hartazgo y decepci\u00f3n&quot; por la &#039;nueva&#039; RTVE &#8211; El Mundo"},"content":{"rendered":"<ol>\n<li><a href=\"https:\/\/news.google.com\/rss\/articles\/CBMif0FVX3lxTE9WNVpmak1FSHdnS3o4V3lBQ2hrT0F5RDc4VGdwQUlfLWwwa3RXRW0xdUp1SVllREtqWjVSVWRxblI4dU9COFZ5bHBseGhwQjM5QnRpY1ZhX3cteHdWUmlqWW9ZSkFJcTVJWEpIdVZfMjd4dVY4YmIzWlhkTi15NW_SAX9BVV95cUxObzlGemVPa2JKOHg5Yng2ZzMybDlCcVMtV2F6bzJiZWl2cVNKMTFvc2ItTDFTdldJX3VsLXZ4VnZFWS1DWFllZ2ZoT21yeTJVRU9mWVh0TGpCQWR6MXd4Z0RMUlR1bjM0c0NkVHRnQ0hYZkFnSVpJMjZBajAycVJB?oc=5\" target=\"_blank\" rel=\"nofollow noopener\">El Consejo de Informativos de TVE denuncia \u00abpresiones de la direcci\u00f3n\u00bb y aplaza la votaci\u00f3n de los trabajadores que iba a comenzar ma\u00f1ana ante el \u00abhartazgo y decepci\u00f3n\u00bb por la &#8216;nueva&#8217; RTVE<\/a>&nbsp;&nbsp;El Mundo<\/li>\n<li><a href=\"https:\/\/news.google.com\/rss\/articles\/CBMixwFBVV95cUxNRnZyV3pCUEgwSzZOd0VpTGNiUUxGS1NBbk9ZdU5uLWxVbm9hZ2Z6TzdWZFpQRGRPaGpVQWtCZzdCYWs1d2tQckNjcjV0bHVuZWszQmcyNUwzdFRlb1d4Z2pxMXE1Tk1SU2RqYk9sYncwc0lFdnAtTFhST1N3ZGgySjJGR0NseDFHdUdUOUh3aWJFZUloT0UzS2x4Qzl6MGhkLVhKT2tLWENqQ0lNNFJSazhfSGJCVnBhcDFTSWdocFdDNDJlZm5Z?oc=5\" target=\"_blank\" rel=\"nofollow noopener\">El consejo de Informativos de RTVE denuncia que la direcci\u00f3n no les permite hacer una encuesta sobre los \u00faltimos cambios en el Corporaci\u00f3n<\/a>&nbsp;&nbsp;ABC<\/li>\n<li><a href=\"https:\/\/news.google.com\/rss\/articles\/CBMirAFBVV95cUxPQjNQRXd4V3VQWkwzMGc0eFJSQl96anZiX0RMQldPOTZwQ1cxLVJQbFVveXVBVW9HWE1vMnpQb2Q2S0FiWGdsM3NDNmdZeHpyd2VCN3VpWXNyR0NLZ3pKTjd0UGpyWDlPZFRDTE0zNmtlRDN3Z2Ftc19XMGh5RHA0eTFOdnl5dTNVNGx3eUR6Q1JGczY0dm1rcjlNM2RMVnRSdkZaSHQ5SzdUTjA50gGyAUFVX3lxTE9rNU1tN21qRGpyUHJQbjdUMC1HSFJSRklCeThqTXRTU2lubzI3MUxBdGVmQTdIOFY5VkpxYy00X3RnUEtNSmdwcDJXalkydW5wazFBalRrb0lxSjlCTGRHS0RIUjRXSEhRbHhpeXhwVEIyVGN6dVljTzJOc2FQWERMWW5Oc3VLUTdiMzlwU2pXYnppSVdublNoVUs3bWdUZFNhSHVYU3h5WGdYWnZCSTdvRHc?oc=5\" target=\"_blank\" rel=\"nofollow noopener\">Bronca en RTVE: el Consejo de Informativos denuncia \u00abpresiones\u00bb de la direcci\u00f3n para sofocar la rebeli\u00f3n interna<\/a>&nbsp;&nbsp;El Confidencial<\/li>\n<li><a href=\"https:\/\/news.google.com\/rss\/articles\/CBMif0FVX3lxTE0yWmJSNHlQOFlHVjFZRnFoNjl3bzFhODVLTm1UQ2RnMExkQ0lRVG5DbVpjZlEzUjVDc3lrRFllZFRUV2hoUndvM1dSUnBYNjNkdHVmZldKVVpNXzNJNDAwemt3ckV0VmhuVkh3NlZtSVBQRTYyQ2JtTXpPQ2RfeDTSAX9BVV95cUxOemVJd0Y1YnVXdEhxaldmWWdjck5KSEhONGtwR01aa2s4M3dCZ21YMW5yU0doVEIwdk5YakR3QUZmUTRuY3lrMTZGTFpaRVd5MFFtaTlCRGhIMGZZMWxVT0Jjd2cwcXdTR0pzYjQ1OEJnRkwyOXJndXJTVzl4NHVR?oc=5\" target=\"_blank\" rel=\"nofollow noopener\">El Consejo de Informativos de TVE logra abrir una votaci\u00f3n entre los trabajadores para decidir \u00abposibles acciones de protesta\u00bb ante \u00abla situaci\u00f3n actual de RTVE\u00bb<\/a>&nbsp;&nbsp;El Mundo<\/li>\n<li><a href=\"https:\/\/news.google.com\/rss\/articles\/CBMiowJBVV95cUxQRTdTdklkZVV5NmYzQkFRa3R5N2NnZnl3LWJVdl9uSDJrSDRWRGdwX0xtZ25FTzk1eURyai1SOU1DRzdudXppOWZJZEo3eFZ3ZlRsR19nSXQyWjhaeFJsT3NfZ3Z5d3JPVVh0NnVqR3JhTG82anlzS0NHRnMwQ0kzb1F3Rk44OUdEV2doR1FrTzRZa1FPNEc3ZEljcDFpaHRFbkJJaFFhSGpuZnlJSGo4elVJZnFIQmZaQTV2U3VCbTJsQk5feE0wcGV3eHMyeERpUGVFakZqYldaZUxCRjE5Z2RPclliX0xlUURjd3Rkb0pIYXd6YW5XNE1CU3cxeXVBNnNRYTNPQTBoTTNtdnhQUWdIRUZaNTdJTXBnVXpBSGVOeHfSAagCQVVfeXFMT2JYY1F0aVd3Sl9TQTk1RlhRWm1sbzk3Y2Z4TWFvVmZvaWJ1Q19UNU1CRHhkWURablJMMzJ6aHRqRTY2Q0lPb2V0cTdrTTNFUDlQdDMwVGxTb2FCUWt5cy14bmFEQmhCNXBscS1PdDZGdG9GQW9Gbmd3UTJKOU1lanJrVmJJdEJhb3RmRllUX1VtQ0JGb2xNQWoxMEVDZXctNHV4LWpmaVcwaGFxUmdzeWJNT2R1ZU42VzdFRzhCZzgtOUZZVVJ1SEdGbW94WjI1R1VYelhfS3ZLeGE2VlllUXVqS3dHRk5qdXpLSnNZQTVtR1dFRU5FYldnLXRSWFRQLXlPYW1NQnlXeS1pLUVlbktVRDFYeGh1QlNFNG9qcWhweTJTQ3hCYXg?oc=5\" target=\"_blank\" rel=\"nofollow noopener\">El Consejo de Informativos de TVE acusa a la Direcci\u00f3n de boicotear su encuesta sobre el sesgo pol\u00edtico de sus programas<\/a>&nbsp;&nbsp;El Independiente<\/li>\n<\/ol>\n","protected":false},"excerpt":{"rendered":"El Consejo de Informativos de TVE denuncia \u00abpresiones de la direcci\u00f3n\u00bb y aplaza la votaci\u00f3n de los trabajadores&hellip;\n","protected":false},"author":2,"featured_media":181159,"comment_status":"","ping_status":"","sticky":false,"template":"","format":"standard","meta":{"footnotes":""},"categories":[171],"tags":[146,147,25,24,518,23,807,214],"class_list":{"0":"post-181158","1":"post","2":"type-post","3":"status-publish","4":"format-standard","5":"has-post-thumbnail","7":"category-tv","8":"tag-entertainment","9":"tag-entretenimiento","10":"tag-es","11":"tag-espana","12":"tag-rtve","13":"tag-spain","14":"tag-television","15":"tag-tv"},"share_on_mastodon":{"url":"","error":""},"_links":{"self":[{"href":"https:\/\/www.europesays.com\/es\/wp-json\/wp\/v2\/posts\/181158","targetHints":{"allow":["GET"]}}],"collection":[{"href":"https:\/\/www.europesays.com\/es\/wp-json\/wp\/v2\/posts"}],"about":[{"href":"https:\/\/www.europesays.com\/es\/wp-json\/wp\/v2\/types\/post"}],"author":[{"embeddable":true,"href":"https:\/\/www.europesays.com\/es\/wp-json\/wp\/v2\/users\/2"}],"replies":[{"embeddable":true,"href":"https:\/\/www.europesays.com\/es\/wp-json\/wp\/v2\/comments?post=181158"}],"version-history":[{"count":0,"href":"https:\/\/www.europesays.com\/es\/wp-json\/wp\/v2\/posts\/181158\/revisions"}],"wp:featuredmedia":[{"embeddable":true,"href":"https:\/\/www.europesays.com\/es\/wp-json\/wp\/v2\/media\/181159"}],"wp:attachment":[{"href":"https:\/\/www.europesays.com\/es\/wp-json\/wp\/v2\/media?parent=181158"}],"wp:term":[{"taxonomy":"category","embeddable":true,"href":"https:\/\/www.europesays.com\/es\/wp-json\/wp\/v2\/categories?post=181158"},{"taxonomy":"post_tag","embeddable":true,"href":"https:\/\/www.europesays.com\/es\/wp-json\/wp\/v2\/tags?post=181158"}],"curies":[{"name":"wp","href":"https:\/\/api.w.org\/{rel}","templated":true}]}}