{"id":181172,"date":"2025-10-16T18:27:09","date_gmt":"2025-10-16T18:27:09","guid":{"rendered":"https:\/\/www.europesays.com\/es\/181172\/"},"modified":"2025-10-16T18:27:09","modified_gmt":"2025-10-16T18:27:09","slug":"telefonica-y-los-sindicatos-cierran-el-primer-marco-social-de-la-teleco-a-las-puertas-de-un-posible-ere-empresas","status":"publish","type":"post","link":"https:\/\/www.europesays.com\/es\/181172\/","title":{"rendered":"Telef\u00f3nica y los sindicatos cierran el primer marco social de la teleco a las puertas de un posible ERE | Empresas"},"content":{"rendered":"<p class=\"\">Telef\u00f3nica ha cerrado con UGT y CC OO el primer marco social de la compa\u00f1\u00eda, un pacto que, si bien se alcanza entre rumores que apuntan a la posibilidad de un <a href=\"https:\/\/elpais.com\/economia\/2025-05-05\/murtra-estudia-aplicar-un-ere-dentro-de-la-revision-plan-estrategico-detelefonica.html\" target=\"_self\" rel=\"nofollow noopener\" title=\"https:\/\/elpais.com\/economia\/2025-05-05\/murtra-estudia-aplicar-un-ere-dentro-de-la-revision-plan-estrategico-detelefonica.html\">nuevo expediente de regulaci\u00f3n de empleo<\/a> (ERE) en la empresa, servir\u00e1 para unificar los derechos y compromisos de toda la plantilla del grupo en Espa\u00f1a, con independencia del convenio que se le aplique a cada trabajador.<\/p>\n<p class=\"\">Seg\u00fan ha explicado UGT en un comunicado, el pacto alcanzado tiene como objetivo \u201csituar a las personas en el centro del proceso de transformaci\u00f3n que afronta Telef\u00f3nica, garantizando igualdad, cohesi\u00f3n, estabilidad en el empleo y desarrollo profesional en un contexto de profundos cambios tecnol\u00f3gicos y organizativos\u201d.<\/p>\n<p class=\"\">En ese sentido, el marco social pactado entre la empresa presidida por Marc Murtra y los sindicatos se articula en torno a varios ejes estrat\u00e9gicos, en concreto: organizaci\u00f3n de personas, cohesi\u00f3n territorial, observatorio de inteligencia artificial y empleo, atracci\u00f3n y retenci\u00f3n del talento, consolidaci\u00f3n de las nuevas formas de trabajo, reskilling y upskilling e igualdad, diversidad e inclusi\u00f3n.<\/p>\n<p class=\"\">\u201cEste acuerdo representa un instrumento estrat\u00e9gico de estabilidad, cohesi\u00f3n y progreso, directamente vinculado al nuevo plan estrat\u00e9gico de Telef\u00f3nica &#8211;<a href=\"https:\/\/elpais.com\/economia\/2025-09-15\/murtra-presentara-el-nuevo-plan-estrategico-de-telefonica-el-4-de-noviembre.html\" target=\"_self\" rel=\"nofollow noopener\" title=\"https:\/\/elpais.com\/economia\/2025-09-15\/murtra-presentara-el-nuevo-plan-estrategico-de-telefonica-el-4-de-noviembre.html\">el cual se presentar\u00e1 el 4 de noviembre<\/a>-, y refuerza el compromiso del sindicato con el di\u00e1logo social y el futuro del empleo en el sector tecnol\u00f3gico\u201d, ha opinado UGT.<\/p>\n<p class=\"\">Por su parte, fuentes de Telef\u00f3nica han se\u00f1alado que tanto la empresa como los sindicatos coinciden en que el mercado espa\u00f1ol de las telecomunicaciones atraviesa una \u201cetapa de madurez y saturaci\u00f3n, marcada por una intensa competencia\u201d.<\/p>\n<p class=\"\">En ese contexto, la teleco considera que el nuevo marco social se consolida como un instrumento estrat\u00e9gico que refleja un avance \u201cfirme, fruto del di\u00e1logo y la colaboraci\u00f3n, hacia una organizaci\u00f3n preparada para afrontar el futuro con solidez\u201d.<\/p>\n<p class=\"\">\u201cCon este marco social, Telef\u00f3nica reafirma su compromiso con el trabajo continuo junto a los representantes de los trabajadores, poniendo en valor los consensos alcanzados en cada una de sus empresas, pilares esenciales para seguir construyendo una compa\u00f1\u00eda m\u00e1s sostenible, competitiva y cohesionada\u201d, ha a\u00f1adido Telef\u00f3nica.<\/p>\n<p class=\"\">Cabe destacar que el pasado mes de mayo, El Pa\u00eds adelant\u00f3 que en el marco de su nuevo plan estrat\u00e9gico, la compa\u00f1\u00eda <a href=\"https:\/\/elpais.com\/economia\/2025-05-05\/murtra-estudia-aplicar-un-ere-dentro-de-la-revision-plan-estrategico-detelefonica.html\" target=\"_self\" rel=\"nofollow noopener\" title=\"https:\/\/elpais.com\/economia\/2025-05-05\/murtra-estudia-aplicar-un-ere-dentro-de-la-revision-plan-estrategico-detelefonica.html\">est\u00e1 trabajando en la opci\u00f3n de plantear un nuevo ERE<\/a>. La semana pasada, Expansi\u00f3n apunt\u00f3 a la posibilidad de que pueda afectar a alrededor de 6.000 trabajadores.<\/p>\n<p class=\"\">No obstante, fuentes de la compa\u00f1\u00eda se\u00f1alaron la semana pasada que la teleco \u201cest\u00e1 trabajando en numerosos an\u00e1lisis en todos los \u00e1mbitos del grupo\u201d pero que \u201cno hay sobre la mesa el planteamiento de un ERE en este momento\u201d.<\/p>\n<p class=\"\">Asimismo, fuentes sindicales consultadas por Europa Press han se\u00f1alado que, de momento, la empresa no se ha puesto en contacto con la representaci\u00f3n de los trabajadores sobre la posibilidad de un nuevo ERE, si bien algunas de ellas indican que lo m\u00e1s probable es que el planteamiento se transmita una vez presentado el nuevo plan estrat\u00e9gico y tras la celebraci\u00f3n de los procesos de elecci\u00f3n de representantes sindicales en dos filiales de la compa\u00f1\u00eda (Telef\u00f3nica M\u00f3viles el 22 de octubre y Soluciones el 12 de noviembre).<\/p>\n","protected":false},"excerpt":{"rendered":"Telef\u00f3nica ha cerrado con UGT y CC OO el primer marco social de la compa\u00f1\u00eda, un pacto que,&hellip;\n","protected":false},"author":2,"featured_media":181173,"comment_status":"","ping_status":"","sticky":false,"template":"","format":"standard","meta":{"footnotes":""},"categories":[80],"tags":[82,5702,95,94,2308,17205,25,24,3905,23,1826,14207],"class_list":{"0":"post-181172","1":"post","2":"type-post","3":"status-publish","4":"format-standard","5":"has-post-thumbnail","7":"category-economia","8":"tag-business","9":"tag-despido","10":"tag-economia","11":"tag-economy","12":"tag-empresas","13":"tag-ere","14":"tag-es","15":"tag-espana","16":"tag-sindicatos","17":"tag-spain","18":"tag-telefonica","19":"tag-ugt"},"share_on_mastodon":{"url":"","error":""},"_links":{"self":[{"href":"https:\/\/www.europesays.com\/es\/wp-json\/wp\/v2\/posts\/181172","targetHints":{"allow":["GET"]}}],"collection":[{"href":"https:\/\/www.europesays.com\/es\/wp-json\/wp\/v2\/posts"}],"about":[{"href":"https:\/\/www.europesays.com\/es\/wp-json\/wp\/v2\/types\/post"}],"author":[{"embeddable":true,"href":"https:\/\/www.europesays.com\/es\/wp-json\/wp\/v2\/users\/2"}],"replies":[{"embeddable":true,"href":"https:\/\/www.europesays.com\/es\/wp-json\/wp\/v2\/comments?post=181172"}],"version-history":[{"count":0,"href":"https:\/\/www.europesays.com\/es\/wp-json\/wp\/v2\/posts\/181172\/revisions"}],"wp:featuredmedia":[{"embeddable":true,"href":"https:\/\/www.europesays.com\/es\/wp-json\/wp\/v2\/media\/181173"}],"wp:attachment":[{"href":"https:\/\/www.europesays.com\/es\/wp-json\/wp\/v2\/media?parent=181172"}],"wp:term":[{"taxonomy":"category","embeddable":true,"href":"https:\/\/www.europesays.com\/es\/wp-json\/wp\/v2\/categories?post=181172"},{"taxonomy":"post_tag","embeddable":true,"href":"https:\/\/www.europesays.com\/es\/wp-json\/wp\/v2\/tags?post=181172"}],"curies":[{"name":"wp","href":"https:\/\/api.w.org\/{rel}","templated":true}]}}