{"id":181179,"date":"2025-10-16T18:31:08","date_gmt":"2025-10-16T18:31:08","guid":{"rendered":"https:\/\/www.europesays.com\/es\/181179\/"},"modified":"2025-10-16T18:31:08","modified_gmt":"2025-10-16T18:31:08","slug":"yosimar-martin-tenemos-una-plantilla-muy-completa-que-puede-pelear-por-la-liga","status":"publish","type":"post","link":"https:\/\/www.europesays.com\/es\/181179\/","title":{"rendered":"Yosimar Mart\u00edn: \u201cTenemos una plantilla muy completa que puede pelear por la liga\u201d"},"content":{"rendered":"<p style=\"text-align:justify;\">Yosimar Mart\u00edn, central de UB Ciutel Ciudad de Telde, afronta con entusiasmo la nueva etapa del equipo en la categor\u00eda territorial auton\u00f3mica. \u201cVolver a Telde nos hac\u00eda much\u00edsima ilusi\u00f3n. Queremos que los chicos de la base se fijen en nosotros y darlo todo por el club, que ha apostado fuerte por este proyecto\u201d, afirm\u00f3 el jugador, que formar\u00e1 parte del bloque dirigido por Kevin Armas.<\/p>\n<p style=\"text-align:justify;\">\u00a0<\/p>\n<p style=\"text-align:justify;\">El regreso al municipio tiene para \u00e9l un significado especial. \u201cHay un componente sentimental claro. Venir a jugar a Telde, donde nos criamos, rodeados de amigos y familiares, fue un punto a favor. Pr\u00e1cticamente todos somos del municipio y eso se nota\u201d, explic\u00f3.<\/p>\n<p style=\"text-align:justify;\">\u00a0<\/p>\n<p style=\"text-align:justify;\">Mart\u00edn, que llega procedente de la Primera Divisi\u00f3n Nacional, considera que la Liga Territorial mantiene un nivel competitivo alto, aunque reconoce diferencias claras. \u201cLa Primera Nacional es muy f\u00edsica, todos los equipos pueden ganarte, es una liga dur\u00edsima. Esta tambi\u00e9n tiene buenos conjuntos, pero la exigencia f\u00edsica de la Nacional es superior\u201d, analiz\u00f3.<\/p>\n<p style=\"text-align:justify;\">\u00a0<\/p>\n<p style=\"text-align:justify;\">El jugador conf\u00eda en el potencial del grupo y en la cohesi\u00f3n del vestuario. \u201cLlevamos muchos a\u00f1os jugando juntos, algunos desde hace m\u00e1s de cinco o seis temporadas. Nos conocemos dentro y fuera de la cancha y eso es clave. La relaci\u00f3n personal ayuda mucho en los partidos complicados\u201d, se\u00f1al\u00f3.<\/p>\n<p style=\"text-align:justify;\">\u00a0<\/p>\n<p style=\"text-align:justify;\">De cara al estreno frente al Cantera La Perdoma, Yosimar se muestra optimista. \u201cNos veo muy bien. Tenemos una plantilla completa, con equilibrio en todas las l\u00edneas, desde la porter\u00eda hasta el \u00faltimo jugador de campo. Va a ser un rival dif\u00edcil, pero confiamos en lograr la primera victoria de la temporada\u201d, apunt\u00f3.<\/p>\n<p style=\"text-align:justify;\">Pese a que varios jugadores superan la treintena, el central asegura que el grupo mantiene intacta su ambici\u00f3n. \u201cLa ilusi\u00f3n es la misma de siempre. Cada a\u00f1o competimos con el mismo deseo de ganar, disfrutar y ayudar a que los j\u00f3venes se integren poco a poco en el primer equipo.\u201d<\/p>\n<p style=\"text-align:justify;\">\u00a0<\/p>\n<p style=\"text-align:justify;\">Sobre las condiciones de entrenamiento, Mart\u00edn reconoce las dificultades. \u201cEntrenar en Escaleritas, con poca iluminaci\u00f3n y solo dos d\u00edas a la semana, nos perjudica un poco. A veces entrenamos en una cancha y jugamos en otra, y los jueves acabamos muy tarde. Si pudi\u00e9ramos disponer de m\u00e1s instalaciones, ser\u00eda ideal. Pero con lo que tenemos vamos a muerte\u201d, se\u00f1al\u00f3.<\/p>\n<p style=\"text-align:justify;\">\u00a0<\/p>\n<p style=\"text-align:justify;\">En cuanto al nivel de la competici\u00f3n, destaca la dureza defensiva y la presencia de equipos filiales con jugadores j\u00f3venes. \u201cEs una liga muy exigente. Hay equipos como G\u00e1ldar, Ingenio o San Jos\u00e9 con filiales en Primera Nacional, y los chicos de esos clubes quieren demostrar que est\u00e1n listos para dar el salto. Eso nos obliga a mantener siempre un nivel muy alto\u201d, explic\u00f3.<\/p>\n<p style=\"text-align:justify;\">\u00a0<\/p>\n<p style=\"text-align:justify;\">Con una amplia trayectoria en el balonmano canario, Yosimar ha sido testigo de la evoluci\u00f3n del deporte en las islas. \u201cCada a\u00f1o el balonmano crece. A veces se dice que el balonmano masculino va a menos, pero yo creo lo contrario: salen muchos chicos buenos y eso nos exige mantenernos siempre en forma. El nivel ha ido mejorando temporada tras temporada.\u201d<\/p>\n<p style=\"text-align:justify;\">\u00a0<\/p>\n<p style=\"text-align:justify;\">El jugador concluye convencido de que el Ciutel Ciudad de Telde puede aspirar a lo m\u00e1s alto. \u201cCreo que tenemos una de las plantillas m\u00e1s completas de la Liga. Si seguimos con esta din\u00e1mica, podemos pelear por el t\u00edtulo y luchar por una fase de ascenso. El objetivo es ir partido a partido, pero con ambici\u00f3n y confianza.\u201d<\/p>\n","protected":false},"excerpt":{"rendered":"Yosimar Mart\u00edn, central de UB Ciutel Ciudad de Telde, afronta con entusiasmo la nueva etapa del equipo en&hellip;\n","protected":false},"author":2,"featured_media":181180,"comment_status":"","ping_status":"","sticky":false,"template":"","format":"standard","meta":{"footnotes":""},"categories":[278],"tags":[376,1896,6219,26502,209,168,7051,1180,2958,25,2586,32619,24,41854,18496,41855,1897,375,1854,41851,32605,11741,12728,3641,6238,41852,10,1925,2330,41856,41853,492,23,167,29725,41850,1370,159,12,1529,21],"class_list":{"0":"post-181179","1":"post","2":"type-post","3":"status-publish","4":"format-standard","5":"has-post-thumbnail","7":"category-balonmano","8":"tag-balonmano","9":"tag-canarias","10":"tag-canary-islands","11":"tag-cartas-al-director","12":"tag-cultura","13":"tag-deportes","14":"tag-diario-digital","15":"tag-editorial","16":"tag-entrevistas","17":"tag-es","18":"tag-espaa","19":"tag-espagne","20":"tag-espana","21":"tag-fotodenuncia","22":"tag-fuerteventura","23":"tag-gomera","24":"tag-gran-canaria","25":"tag-handball","26":"tag-hierro","27":"tag-informacin","28":"tag-informacion-general","29":"tag-islas-canarias","30":"tag-la-palma","31":"tag-lanzarote","32":"tag-las-palmas","33":"tag-majadero","34":"tag-noticias","35":"tag-opinion","36":"tag-prensa","37":"tag-prensa-espaola","38":"tag-pulsometro","39":"tag-sociedad","40":"tag-spain","41":"tag-sports","42":"tag-telde","43":"tag-teldeactualidad","44":"tag-tenerife","45":"tag-tiempo","46":"tag-titulares","47":"tag-ultima-hora","48":"tag-ultimas-noticias"},"share_on_mastodon":{"url":"","error":""},"_links":{"self":[{"href":"https:\/\/www.europesays.com\/es\/wp-json\/wp\/v2\/posts\/181179","targetHints":{"allow":["GET"]}}],"collection":[{"href":"https:\/\/www.europesays.com\/es\/wp-json\/wp\/v2\/posts"}],"about":[{"href":"https:\/\/www.europesays.com\/es\/wp-json\/wp\/v2\/types\/post"}],"author":[{"embeddable":true,"href":"https:\/\/www.europesays.com\/es\/wp-json\/wp\/v2\/users\/2"}],"replies":[{"embeddable":true,"href":"https:\/\/www.europesays.com\/es\/wp-json\/wp\/v2\/comments?post=181179"}],"version-history":[{"count":0,"href":"https:\/\/www.europesays.com\/es\/wp-json\/wp\/v2\/posts\/181179\/revisions"}],"wp:featuredmedia":[{"embeddable":true,"href":"https:\/\/www.europesays.com\/es\/wp-json\/wp\/v2\/media\/181180"}],"wp:attachment":[{"href":"https:\/\/www.europesays.com\/es\/wp-json\/wp\/v2\/media?parent=181179"}],"wp:term":[{"taxonomy":"category","embeddable":true,"href":"https:\/\/www.europesays.com\/es\/wp-json\/wp\/v2\/categories?post=181179"},{"taxonomy":"post_tag","embeddable":true,"href":"https:\/\/www.europesays.com\/es\/wp-json\/wp\/v2\/tags?post=181179"}],"curies":[{"name":"wp","href":"https:\/\/api.w.org\/{rel}","templated":true}]}}