{"id":181181,"date":"2025-10-16T18:32:12","date_gmt":"2025-10-16T18:32:12","guid":{"rendered":"https:\/\/www.europesays.com\/es\/181181\/"},"modified":"2025-10-16T18:32:12","modified_gmt":"2025-10-16T18:32:12","slug":"juan-del-val-recibe-el-74-premio-planeta","status":"publish","type":"post","link":"https:\/\/www.europesays.com\/es\/181181\/","title":{"rendered":"Juan del Val, recibe el 74 premio Planeta"},"content":{"rendered":"<p style=\"text-align: justify;\">El periodista y escritor <strong>Juan del Val<\/strong>\u00a0ha sido el ganador del <strong>Premio Planeta<\/strong>\u00a0en su 74 \u00b0 Edici\u00f3n con su novela \u201c <strong>VERA<\/strong>\u201d una historia de amor . Este premio se entrega cada d\u00eda 15 de octubre. Adem\u00e1s Juan Del Val\u00a0es tertuliano de <strong>El Hormiguero<\/strong>\u00a0. Los primeros pasos de Juan Del Val fue como cr\u00edtico taurino concretamente en Radio Nacional , y varios medios escritos siempre en las p\u00e1ginas de toros.<\/p>\n<p style=\"text-align: justify;\">Es uno de los grandes exponentes de la tauromaquia tanto dentro como fuera de los ruedos y amante del toreo en general y del de <strong>Juan Ortega<\/strong> en particular. Juan del Val con este gran premio que va a dar mucha m\u00e1s fuerza al mundo del toro pues cada art\u00edculo que escribe siempre resalta la tauromaquia. Enhorabuena a nuestro compa\u00f1ero y amigo Del Val\u00a0por ese premio PLANETA totalmente merecido.<\/p>\n<p style=\"text-align: justify;\">\u00a0<\/p>\n<p>&#13;<br \/>\n&#13;<\/p>\n","protected":false},"excerpt":{"rendered":"El periodista y escritor Juan del Val\u00a0ha sido el ganador del Premio Planeta\u00a0en su 74 \u00b0 Edici\u00f3n con&hellip;\n","protected":false},"author":2,"featured_media":181182,"comment_status":"","ping_status":"","sticky":false,"template":"","format":"standard","meta":{"footnotes":""},"categories":[277],"tags":[373,168,25,24,4260,23,167,374],"class_list":{"0":"post-181181","1":"post","2":"type-post","3":"status-publish","4":"format-standard","5":"has-post-thumbnail","7":"category-toreo","8":"tag-bullfighting","9":"tag-deportes","10":"tag-es","11":"tag-espana","12":"tag-juan-del-val","13":"tag-spain","14":"tag-sports","15":"tag-toreo"},"share_on_mastodon":{"url":"","error":""},"_links":{"self":[{"href":"https:\/\/www.europesays.com\/es\/wp-json\/wp\/v2\/posts\/181181","targetHints":{"allow":["GET"]}}],"collection":[{"href":"https:\/\/www.europesays.com\/es\/wp-json\/wp\/v2\/posts"}],"about":[{"href":"https:\/\/www.europesays.com\/es\/wp-json\/wp\/v2\/types\/post"}],"author":[{"embeddable":true,"href":"https:\/\/www.europesays.com\/es\/wp-json\/wp\/v2\/users\/2"}],"replies":[{"embeddable":true,"href":"https:\/\/www.europesays.com\/es\/wp-json\/wp\/v2\/comments?post=181181"}],"version-history":[{"count":0,"href":"https:\/\/www.europesays.com\/es\/wp-json\/wp\/v2\/posts\/181181\/revisions"}],"wp:featuredmedia":[{"embeddable":true,"href":"https:\/\/www.europesays.com\/es\/wp-json\/wp\/v2\/media\/181182"}],"wp:attachment":[{"href":"https:\/\/www.europesays.com\/es\/wp-json\/wp\/v2\/media?parent=181181"}],"wp:term":[{"taxonomy":"category","embeddable":true,"href":"https:\/\/www.europesays.com\/es\/wp-json\/wp\/v2\/categories?post=181181"},{"taxonomy":"post_tag","embeddable":true,"href":"https:\/\/www.europesays.com\/es\/wp-json\/wp\/v2\/tags?post=181181"}],"curies":[{"name":"wp","href":"https:\/\/api.w.org\/{rel}","templated":true}]}}