{"id":181183,"date":"2025-10-16T18:33:08","date_gmt":"2025-10-16T18:33:08","guid":{"rendered":"https:\/\/www.europesays.com\/es\/181183\/"},"modified":"2025-10-16T18:33:08","modified_gmt":"2025-10-16T18:33:08","slug":"ufc-gano-la-pelea-de-2025-ante-el-boxeo-por-esta-razon","status":"publish","type":"post","link":"https:\/\/www.europesays.com\/es\/181183\/","title":{"rendered":"UFC gan\u00f3 la pelea de 2025 ante el boxeo por esta raz\u00f3n"},"content":{"rendered":"<p>Est\u00e1 claro que la competencia est\u00e1 en su punto m\u00e1s alto. El protagonismo que ha ganado la <strong><a href=\"https:\/\/bolavip.com\/mx\/tema\/ufc\" target=\"_blank\" rel=\"noreferrer noopener nofollow\" title=\"UFC\">UFC<\/a><\/strong> a nivel mundial y el que ha perdido el boxeo por su falta de competitividad y espectacularidad gener\u00f3 una paridad pocas veces vista entre un deporte y el otro. <strong>De cara al cierre de un nuevo a\u00f1o, parece claro que la pelea tiene un justo ganador e incluso, por un importante margen.<\/strong><\/p>\n<p>  UFC est\u00e1 siendo muy superior al boxeo <\/p>\n<p>El boxeo es defendido por aquellos que lo integran desde hace a\u00f1os, pero es innegable que las artes marciales mixtas tomaron un rol protag\u00f3nico que no muchos cre\u00edan que pod\u00edan llegar a alcanzar. El punto clave est\u00e1 en el tipo de show que generan, porque <strong>para el espectador casual es mucho m\u00e1s entretenido y estimulante ver como dos luchadores arriesgan su vida al l\u00edmite<\/strong> dentro de una jaula, mientras que <strong>en el boxeo suelen darse peleas m\u00e1s bien aburridas en el \u00faltimo tiempo.<\/strong><\/p>\n<p><strong>Esto, sumado a la organizaci\u00f3n de cada evento y la cantidad de estrellas que tiene un deporte y el otro, hace que el aficionado se va m\u00e1s atrapado<\/strong> por lo que pasa dentro del oct\u00e1gono, a diferencia de lo que ocurre sobre el cuadril\u00e1tero.<\/p>\n<p>Para ponerlo en comparaci\u00f3n, UFC espera cerrar el a\u00f1o a lo grande, con sus estrellas m\u00e1s importantes en escena, a diferencia del pugilismo, que solamente tiene una cartelera grande prevista, mientras que luego se aferrar\u00e1 a las exhibiciones para intentar captar atenci\u00f3n. A nivel global, <strong>ser\u00e1 m\u00e1s atractivo el <a href=\"https:\/\/bolavip.com\/mx\/tema\/gervonta-davis\" target=\"_blank\" rel=\"noreferrer noopener nofollow\" title=\"Gervonta Davis\">Gervonta Davis<\/a> vs. <a href=\"https:\/\/bolavip.com\/mx\/tema\/jake-paul\" target=\"_blank\" rel=\"noreferrer noopener nofollow\" title=\"Jake Paul\">Jake Paul<\/a> que la cartelera que tendr\u00e1 en acci\u00f3n a <a href=\"https:\/\/bolavip.com\/mx\/tema\/artur-beterbiev\" target=\"_blank\" rel=\"noreferrer noopener nofollow\" title=\"Artur Beterbiev\">Artur Beterbiev<\/a>, <a href=\"https:\/\/bolavip.com\/mx\/tema\/david-benavidez\" target=\"_blank\" rel=\"noreferrer noopener nofollow\" title=\"David Benavidez\">David Benavidez<\/a> y Jesse Rodr\u00edguez, entre otros, en noviembre.<\/strong><\/p>\n<p>  <img decoding=\"async\" alt=\"\" aria-hidden=\"true\" class=\"i-amphtml-intrinsic-sizer\" role=\"presentation\" src=\"data:image\/svg+xml;base64,PHN2ZyBoZWlnaHQ9IjU3MiIgd2lkdGg9IjEwMjQiIHhtbG5zPSJodHRwOi8vd3d3LnczLm9yZy8yMDAwL3N2ZyIgdmVyc2lvbj0iMS4xIi8+\"\/> Gervonta Davis y Jake Paul ser\u00e1n los grandes animadores del duelo m\u00e1s importante del boxeo en lo que queda de 2025. (GETTY IMAGES) <\/p>\n<p>El boxeo ha quedado en deuda a lo largo del a\u00f1o. No ha podido darle al p\u00fablico lo que se espera m\u00e1s que algunas peleas de primer nivel como la que protagoniz\u00f3 <strong><a href=\"https:\/\/bolavip.com\/mx\/tema\/canelo-alvarez\" target=\"_blank\" rel=\"noreferrer noopener nofollow\" title=\"Canelo \u00c1lvarez\">Canelo \u00c1lvarez<\/a><\/strong> con <strong><a href=\"https:\/\/bolavip.com\/mx\/tema\/terence-crawford\" target=\"_blank\" rel=\"noreferrer noopener nofollow\" title=\"Terence Crawford\">Terence Crawford<\/a><\/strong> en septiembre o la revancha entre <strong><a href=\"https:\/\/bolavip.com\/mx\/tema\/dmitry-bivol\" target=\"_blank\" rel=\"noreferrer noopener nofollow\" title=\"Dmitry Bivol\">Dmitry Bivol<\/a><\/strong> y Beterbiev en febrero, pero UFC siempre estuvo un paso adelante y con sus veladas se encarg\u00f3 de colocar un enfrentamiento espectacular cada fin de semana.<\/p>\n<p>Las artes marciales mixtas intentas que todas sus jornadas tengan sentido y que sirvan para definir cosas para el futuro, pero el boxeo suele relajarse y descansar en presentaciones escasas que \u201csalvan\u201d el a\u00f1o. Con eso no alcanza y el p\u00fablico lo nota, lo ve y por eso elige cada vez m\u00e1s ver a la UFC. Claro, <strong>el pugilismo tiene una tradici\u00f3n que luce inquebrantable, pero eso no significa que est\u00e9 permitido vivir de lo ganado, casi como si el trabajo ya estuviese hecho<\/strong>. El secreto es seguir vigente d\u00eda a d\u00eda.<\/p>\n","protected":false},"excerpt":{"rendered":"Est\u00e1 claro que la competencia est\u00e1 en su punto m\u00e1s alto. El protagonismo que ha ganado la UFC&hellip;\n","protected":false},"author":2,"featured_media":181184,"comment_status":"","ping_status":"","sticky":false,"template":"","format":"standard","meta":{"footnotes":""},"categories":[276],"tags":[18965,168,51435,25,24,51436,23,167,5896,343],"class_list":{"0":"post-181183","1":"post","2":"type-post","3":"status-publish","4":"format-standard","5":"has-post-thumbnail","7":"category-ufc","8":"tag-canelo-alvarez","9":"tag-deportes","10":"tag-dmitry-bivol","11":"tag-es","12":"tag-espana","13":"tag-gervonta-davis","14":"tag-spain","15":"tag-sports","16":"tag-terence-crawford","17":"tag-ufc"},"share_on_mastodon":{"url":"","error":""},"_links":{"self":[{"href":"https:\/\/www.europesays.com\/es\/wp-json\/wp\/v2\/posts\/181183","targetHints":{"allow":["GET"]}}],"collection":[{"href":"https:\/\/www.europesays.com\/es\/wp-json\/wp\/v2\/posts"}],"about":[{"href":"https:\/\/www.europesays.com\/es\/wp-json\/wp\/v2\/types\/post"}],"author":[{"embeddable":true,"href":"https:\/\/www.europesays.com\/es\/wp-json\/wp\/v2\/users\/2"}],"replies":[{"embeddable":true,"href":"https:\/\/www.europesays.com\/es\/wp-json\/wp\/v2\/comments?post=181183"}],"version-history":[{"count":0,"href":"https:\/\/www.europesays.com\/es\/wp-json\/wp\/v2\/posts\/181183\/revisions"}],"wp:featuredmedia":[{"embeddable":true,"href":"https:\/\/www.europesays.com\/es\/wp-json\/wp\/v2\/media\/181184"}],"wp:attachment":[{"href":"https:\/\/www.europesays.com\/es\/wp-json\/wp\/v2\/media?parent=181183"}],"wp:term":[{"taxonomy":"category","embeddable":true,"href":"https:\/\/www.europesays.com\/es\/wp-json\/wp\/v2\/categories?post=181183"},{"taxonomy":"post_tag","embeddable":true,"href":"https:\/\/www.europesays.com\/es\/wp-json\/wp\/v2\/tags?post=181183"}],"curies":[{"name":"wp","href":"https:\/\/api.w.org\/{rel}","templated":true}]}}