{"id":181189,"date":"2025-10-16T18:37:12","date_gmt":"2025-10-16T18:37:12","guid":{"rendered":"https:\/\/www.europesays.com\/es\/181189\/"},"modified":"2025-10-16T18:37:12","modified_gmt":"2025-10-16T18:37:12","slug":"un-piloto-australiano-acusado-de-violar-a-una-enfermera-de-schumacher-en-la-masion-de-la-leyenda-de-la-f-1","status":"publish","type":"post","link":"https:\/\/www.europesays.com\/es\/181189\/","title":{"rendered":"Un piloto australiano, acusado de violar a una enfermera de Schumacher en la masi\u00f3n de la leyenda de la F-1"},"content":{"rendered":"<p><a class=\"v-mdl-ath__fig-a\" href=\"https:\/\/www.elcorreo.com\/autor\/juanma-mallo-90.html\" title=\"Juanma Mallo\" rel=\"nofollow noopener\" target=\"_blank\"><br \/>\n<img decoding=\"async\" class=\"v-mdl-ath__img\" src=\"https:\/\/www.europesays.com\/es\/wp-content\/uploads\/2025\/07\/autor-90-foto-2.jpeg\" alt=\"Juanma Mallo\"\/><br \/>\n<\/a><\/p>\n<p class=\"v-mdl-ath__p v-mdl-ath__p--6\">\nJueves, 16 de octubre 2025, 17:56<\/p>\n<p>| Actualizado 18:24h.<\/p>\n<p class=\"v-p\">Un piloto australiano ha sido acusado de violar a una de las enfermeras que cuidaban a Michael Schumacher, la leyenda de la F\u00f3rmula 1 que en diciembre de 2013 sufri\u00f3 un grave accidente mientras esquiaba y cuyo estado de salud real se desconoce. Seg\u00fan el medio suizo &#8217;24heures&#8217;, los hechos se produjeron en 2019, aunque no fue denunciado hasta 2022.<\/p>\n<p class=\"v-p\">El acusado, varios medios indican que es Joey Mawson, amigo de Mick, hijo del siete veces campe\u00f3n del mundo, vivi\u00f3 durante un tiempo en la mansi\u00f3n de la familia Schumacher. Las mismas fuentes apuntan a que fue entonces cuando abus\u00f3 de una de las enfermeras.<\/p>\n<p class=\"v-p\">Al parecer, la violaci\u00f3n se produjo el 23 de noviembre de 2019. Durante la noche, se celebr\u00f3 una fiesta en la propiedad entre el acusado y varios miembros del personal. En un momento determinado, la v\u00edctima, de 30 a\u00f1os, fue llevada a su habitaci\u00f3n debido a que perdi\u00f3 el conocimiento por la ingesta de alcohol. Tiempo despu\u00e9s, el piloto australiano habr\u00eda entrado en la estancia para abusar de ella en dos ocasiones. Al d\u00eda siguiente, la joven no recordaba nada de lo ocurrido. Sin embargo, algunas evidencias f\u00edsicas le llevaron a sospechar que hab\u00eda sido violada. Cuando se dio cuenta de lo que pod\u00eda haber sucedido, escribi\u00f3 al piloto, al que le pidi\u00f3 que no se acercara m\u00e1s a ella. <\/p>\n<p class=\"v-p\">En ning\u00fan momento cont\u00f3 nada a la familia Schumacher, por miedo a represalias. En enero de 2022, tras ser despedida, denunci\u00f3 los hechos y se\u00f1al\u00f3 a un piloto de 40 a\u00f1os que se encuentra suspendido por un caso de dopaje. Seg\u00fan varias fuentes, el piloto admiti\u00f3 que hab\u00edan tenido una breve relaci\u00f3n, que se hab\u00edan llegado a besar en un pub de Ginebra y que todo hab\u00eda sido consentido. <\/p>\n<p class=\"v-p\">El medio helv\u00e9tico deja bien claro que ning\u00fan miembro de la familia del piloto alem\u00e1n est\u00e1 implicada en el proceso penal ni tampoco han sido llamados a declarar. El juicio se iba a celebrar el pasado mi\u00e9rcoles, pero el acusado se encuentra en paradero desconocido. <\/p>\n<p>Reporta un error<\/p>\n","protected":false},"excerpt":{"rendered":"Jueves, 16 de octubre 2025, 17:56 | Actualizado 18:24h. Un piloto australiano ha sido acusado de violar a&hellip;\n","protected":false},"author":2,"featured_media":181190,"comment_status":"","ping_status":"","sticky":false,"template":"","format":"standard","meta":{"footnotes":""},"categories":[270],"tags":[3032,19710,168,44770,25,24,306,271,272,368,51437,14725,9352,23,167,20147],"class_list":{"0":"post-181189","1":"post","2":"type-post","3":"status-publish","4":"format-standard","5":"has-post-thumbnail","7":"category-formula-1","8":"tag-acusado","9":"tag-australiano","10":"tag-deportes","11":"tag-enfermera","12":"tag-es","13":"tag-espana","14":"tag-f1","15":"tag-formula-1","16":"tag-formula1","17":"tag-leyenda","18":"tag-masion","19":"tag-piloto","20":"tag-schumacher","21":"tag-spain","22":"tag-sports","23":"tag-violar"},"share_on_mastodon":{"url":"","error":""},"_links":{"self":[{"href":"https:\/\/www.europesays.com\/es\/wp-json\/wp\/v2\/posts\/181189","targetHints":{"allow":["GET"]}}],"collection":[{"href":"https:\/\/www.europesays.com\/es\/wp-json\/wp\/v2\/posts"}],"about":[{"href":"https:\/\/www.europesays.com\/es\/wp-json\/wp\/v2\/types\/post"}],"author":[{"embeddable":true,"href":"https:\/\/www.europesays.com\/es\/wp-json\/wp\/v2\/users\/2"}],"replies":[{"embeddable":true,"href":"https:\/\/www.europesays.com\/es\/wp-json\/wp\/v2\/comments?post=181189"}],"version-history":[{"count":0,"href":"https:\/\/www.europesays.com\/es\/wp-json\/wp\/v2\/posts\/181189\/revisions"}],"wp:featuredmedia":[{"embeddable":true,"href":"https:\/\/www.europesays.com\/es\/wp-json\/wp\/v2\/media\/181190"}],"wp:attachment":[{"href":"https:\/\/www.europesays.com\/es\/wp-json\/wp\/v2\/media?parent=181189"}],"wp:term":[{"taxonomy":"category","embeddable":true,"href":"https:\/\/www.europesays.com\/es\/wp-json\/wp\/v2\/categories?post=181189"},{"taxonomy":"post_tag","embeddable":true,"href":"https:\/\/www.europesays.com\/es\/wp-json\/wp\/v2\/tags?post=181189"}],"curies":[{"name":"wp","href":"https:\/\/api.w.org\/{rel}","templated":true}]}}