{"id":181196,"date":"2025-10-16T18:41:09","date_gmt":"2025-10-16T18:41:09","guid":{"rendered":"https:\/\/www.europesays.com\/es\/181196\/"},"modified":"2025-10-16T18:41:09","modified_gmt":"2025-10-16T18:41:09","slug":"cuatro-anos-de-espera-para-la-foto-perfecta-hecha-122-kilometros-de-distancia","status":"publish","type":"post","link":"https:\/\/www.europesays.com\/es\/181196\/","title":{"rendered":"Cuatro a\u00f1os de espera para la foto perfecta: hecha 122 kil\u00f3metros de distancia"},"content":{"rendered":"<p><a class=\"v-mdl-ath__fig-a\" href=\"https:\/\/www.elcorreo.com\/autor\/bruno-vergara-76.html\" title=\"Bruno Vergara\" rel=\"nofollow noopener\" target=\"_blank\"><br \/>\n<img decoding=\"async\" class=\"v-mdl-ath__img\" src=\"https:\/\/www.europesays.com\/es\/wp-content\/uploads\/2025\/07\/autor-76-foto-1.png\" alt=\"Bruno Vergara\"\/><br \/>\n<\/a><\/p>\n<p class=\"v-mdl-ath__p v-mdl-ath__p--6\">\nJueves, 16 de octubre 2025, 19:56<\/p>\n<p class=\"v-p\">Los atardeceres ante el mar desprenden cierta magia. Presenciar c\u00f3mo el sol desaparece engullido por el agua es inn\u00f3tico. Sin embargo, para Fabio Longaron, un joven fot\u00f3grafo italiano, quer\u00eda llegar m\u00e1s all\u00e1: inmortalizar la isla de Giraglia en C\u00f3rcega bajo el sol de poniente, dejando entrever de forma diminuta el faro y la torre del enclave. Una imagen que, adem\u00e1s, sac\u00f3 desde la Toscana, a 122 kil\u00f3metros de distancia. <\/p>\n<p class=\"v-p\">Una foto para la que Fabio ha tardado cuatro a\u00f1os. Pens\u00f3 en hacerla en 2021, pero se dio cuenta de que \u00abno ten\u00eda el equipo adecuado\u00bb, afirma. Adem\u00e1s, no encontraba el d\u00eda ideal para ello. \u00abSolo hay dos d\u00edas al a\u00f1o en el que se produce la alineaci\u00f3n del sol con la isla que buscaba\u00bb, explica. Hasta este pasado 11 de octubre, las condiciones meteorol\u00f3gicas para hacer la foto \u00abnunca hab\u00edan sido las ideales\u00bb.<\/p>\n<p class=\"v-p\">Y es que para que la foto fuera perfecta necesitaba, primero, un cielo despejado, sin nubes en \u00abal menos en un radio de 300-400 kil\u00f3metros\u00bb. Adem\u00e1s, ten\u00eda que haber un sol \u00abradiante\u00bb para \u00abmaximizar\u00bb el contraste del fato y la torre de la isla. \u00abTen\u00edan que destacar en los pocos p\u00edxeles que ocupaban\u00bb. <\/p>\n<p class=\"v-p\">No solo influ\u00edan esos factores. El viento tambi\u00e9n deb\u00eda ser lo m\u00e1s suave posible, para evitar \u00abturbulencias atmosf\u00e9ricas\u00bb que habr\u00edan generado unos edificios \u00abborrosos\u00bb o imposibles de ver. <\/p>\n<p><img decoding=\"async\" loading=\"lazy\" src=\"https:\/\/www.europesays.com\/es\/wp-content\/uploads\/2025\/10\/foto-anochecer-cuatro-kbID-U23033992170925bH-624x385@El Correo.JPG\" class=\"v-a-img\" width=\"624\" height=\"385\" alt=\"\" data-voc-vtm-id=\"in-text-traffic\"\/><\/p>\n<p><img loading=\"lazy\" decoding=\"async\" src=\"https:\/\/www.europesays.com\/es\/wp-content\/uploads\/2025\/10\/foto-anochecer-cuatro-kbID-U23033992170925bH-624x385@El Correo.JPG\" class=\"v-mdl__img-z\" width=\"624\" height=\"385\" alt=\"\"\/><\/p>\n<p class=\"v-p\">No obstante, para Fabiola foto m\u00e1s dificil que ha hecho hasta ahora es la Luna llena en la monta\u00f1a italiana de Monviso, fotografiada desde Livorno. \u00abEra una alineaci\u00f3n que ocurre cada varios a\u00f1os, y se requer\u00edan condiciones a\u00fan m\u00e1s rigurosas que ahora\u00bb, explica. <\/p>\n<p>Reporta un error<\/p>\n","protected":false},"excerpt":{"rendered":"Jueves, 16 de octubre 2025, 19:56 Los atardeceres ante el mar desprenden cierta magia. Presenciar c\u00f3mo el sol&hellip;\n","protected":false},"author":2,"featured_media":181197,"comment_status":"","ping_status":"","sticky":false,"template":"","format":"standard","meta":{"footnotes":""},"categories":[173],"tags":[51439,988,229,233,231,230,954,232,234,5637,146,147,25,24,4351,19676,51438,5215,6568,23],"class_list":{"0":"post-181196","1":"post","2":"type-post","3":"status-publish","4":"format-standard","5":"has-post-thumbnail","7":"category-arte-y-diseno","8":"tag-51439","9":"tag-anos","10":"tag-arte","11":"tag-arte-y-diseno","12":"tag-arts","13":"tag-arts-and-design","14":"tag-cuatro","15":"tag-design","16":"tag-diseno","17":"tag-distancia","18":"tag-entertainment","19":"tag-entretenimiento","20":"tag-es","21":"tag-espana","22":"tag-espera","23":"tag-foto","24":"tag-hecha","25":"tag-kilometros","26":"tag-perfecta","27":"tag-spain"},"share_on_mastodon":{"url":"","error":""},"_links":{"self":[{"href":"https:\/\/www.europesays.com\/es\/wp-json\/wp\/v2\/posts\/181196","targetHints":{"allow":["GET"]}}],"collection":[{"href":"https:\/\/www.europesays.com\/es\/wp-json\/wp\/v2\/posts"}],"about":[{"href":"https:\/\/www.europesays.com\/es\/wp-json\/wp\/v2\/types\/post"}],"author":[{"embeddable":true,"href":"https:\/\/www.europesays.com\/es\/wp-json\/wp\/v2\/users\/2"}],"replies":[{"embeddable":true,"href":"https:\/\/www.europesays.com\/es\/wp-json\/wp\/v2\/comments?post=181196"}],"version-history":[{"count":0,"href":"https:\/\/www.europesays.com\/es\/wp-json\/wp\/v2\/posts\/181196\/revisions"}],"wp:featuredmedia":[{"embeddable":true,"href":"https:\/\/www.europesays.com\/es\/wp-json\/wp\/v2\/media\/181197"}],"wp:attachment":[{"href":"https:\/\/www.europesays.com\/es\/wp-json\/wp\/v2\/media?parent=181196"}],"wp:term":[{"taxonomy":"category","embeddable":true,"href":"https:\/\/www.europesays.com\/es\/wp-json\/wp\/v2\/categories?post=181196"},{"taxonomy":"post_tag","embeddable":true,"href":"https:\/\/www.europesays.com\/es\/wp-json\/wp\/v2\/tags?post=181196"}],"curies":[{"name":"wp","href":"https:\/\/api.w.org\/{rel}","templated":true}]}}