{"id":181223,"date":"2025-10-16T18:55:22","date_gmt":"2025-10-16T18:55:22","guid":{"rendered":"https:\/\/www.europesays.com\/es\/181223\/"},"modified":"2025-10-16T18:55:22","modified_gmt":"2025-10-16T18:55:22","slug":"un-exdiputado-valenciano-abandona-el-psoe-por-alinearse-con-la-ultraderecha-en-la-votacion-sobre-la-tauromaquia","status":"publish","type":"post","link":"https:\/\/www.europesays.com\/es\/181223\/","title":{"rendered":"Un exdiputado valenciano abandona el PSOE por \u00abalinearse con la ultraderecha\u00bb en la votaci\u00f3n sobre la tauromaquia"},"content":{"rendered":"<p style=\"\"> David Calvo, exdiputado del PSPV en las <a href=\"https:\/\/www.abc.es\/espana\/comunidad-valenciana\/\" target=\"_blank\" data-voc-vtm-id=\"in-text-traffic\" title=\"Cortes Valencianas\" data-mrf-link=\"www.abc.es\" rel=\"nofollow noopener\">Cortes Valencianas<\/a> y exalto cargo del anterior gobierno auton\u00f3mico de Ximo Puig, ha anunciado su baja como militante del PSOE despu\u00e9s de que la abstenci\u00f3n del partido en el Congreso propiciara el rechazo a tramitar la  &#8230; Iniciativa Legislativa Popular (ILP) promovida para acabar con el<strong> blindaje legal de la tauromaquia<\/strong> y dejar de considerarla patrimonio cultural, cuya propuesta recab\u00f3 m\u00e1s de 700.000 firmas de ciudadanos.<\/p>\n<p class=\"voc-p\" style=\"\">La iniciativa cont\u00f3 con 57 votos a favor, los de Sumar, Podemos, Junts, ERC, EH Bildu, PNV, BNG y Comprom\u00eds; con 169 votos en contra de PP, Vox y UPN; y con la abstenci\u00f3n de 118 del PSOE y del diputado del Grupo Mixto Jos\u00e9 Luis \u00c1balos.<\/p>\n<p class=\"voc-p\" style=\"\">El que fuera diputado del PSPV en el parlamento valenciano durante la pasada legislatura ha explicado en sus redes sociales que se ha visto \u00aben la obligaci\u00f3n moral\u00bb de tramitar su baja del PSOE \u00abdespu\u00e9s de<strong>l atropello a la democracia<\/strong>\u00bb que a su juicio perpetr\u00f3 su partido la semana pasada, \u00abaline\u00e1ndose con la ultraderecha e impidiendo el debate sobre la derogaci\u00f3n del blindaje de la tauromaquia a trav\u00e9s de la ILP NoEsMiCultura\u00bb.<\/p>\n<p class=\"voc-p\" style=\"\">Calvo adjunta adem\u00e1s la copia del escrito en el que solicita la <strong>baja voluntaria como militante<\/strong> del PSOE, fechado el pasado 10 de octubre, junto a una imagen del resultado de la votaci\u00f3n en el pleno del Congreso de la ILP para acabar con el blindaje legal de la tauromaquia, con la abstenci\u00f3n de los representantes socialistas.<\/p>\n<blockquote class=\"twitter-tweet\" data-width=\"550\">\n<p lang=\"es\" dir=\"ltr\">Despu\u00e9s del atropello a la democracia que perpetr\u00f3 el <a href=\"https:\/\/twitter.com\/PSOE?ref_src=twsrc%5Etfw\" rel=\"nofollow noopener\" target=\"_blank\">@PSOE<\/a> la semana pasada, aline\u00e1ndose con la ultraderecha e impidiendo el DEBATE sobre la derogaci\u00f3n del blindaje de la tauromaquia, a trav\u00e9s de la ILP <a href=\"https:\/\/twitter.com\/NoEsMiCultura?ref_src=twsrc%5Etfw\" rel=\"nofollow noopener\" target=\"_blank\">@NoEsMiCultura<\/a>, me he visto en la obligaci\u00f3n moral de tramitar mi baja. <a href=\"https:\/\/t.co\/uOryVWLEvy\" rel=\"nofollow\">pic.twitter.com\/uOryVWLEvy<\/a><\/p>\n<p>\u2014 David Calvo (@davidcalvoarq) <a href=\"https:\/\/twitter.com\/davidcalvoarq\/status\/1977729779240509599?ref_src=twsrc%5Etfw\" rel=\"nofollow noopener\" target=\"_blank\">October 13, 2025<\/a><\/p><\/blockquote>\n<p class=\"voc-p\" style=\"\">Entre las reacciones al anuncio, el diputado de <strong>Comprom\u00eds<\/strong> en el Congreso Alberto Ib\u00e1\u00f1ez, integrado en el Grupo Sumar, ha agradecido a Calvo su \u00abtrabajo y capacidad de escucha y de buscar equilibrios\u00bb. \u00abEres un ejemplo, tienes lugar en la pol\u00edtica valenciana cuando quieras. Un abrazo\u00bb, ha escrito en esta misma red social.<\/p>\n<p><script async src=\"https:\/\/platform.twitter.com\/widgets.js\" charset=\"utf-8\"><\/script><\/p>\n","protected":false},"excerpt":{"rendered":"David Calvo, exdiputado del PSPV en las Cortes Valencianas y exalto cargo del anterior gobierno auton\u00f3mico de Ximo&hellip;\n","protected":false},"author":2,"featured_media":181224,"comment_status":"","ping_status":"","sticky":false,"template":"","format":"standard","meta":{"footnotes":""},"categories":[277],"tags":[2302,51448,373,168,25,24,51447,1699,57,23,167,625,374,4247,706,20964],"class_list":{"0":"post-181223","1":"post","2":"type-post","3":"status-publish","4":"format-standard","5":"has-post-thumbnail","7":"category-toreo","8":"tag-abandona","9":"tag-alinearse","10":"tag-bullfighting","11":"tag-deportes","12":"tag-es","13":"tag-espana","14":"tag-exdiputado","15":"tag-psoe","16":"tag-sobre","17":"tag-spain","18":"tag-sports","19":"tag-tauromaquia","20":"tag-toreo","21":"tag-ultraderecha","22":"tag-valenciano","23":"tag-votacion"},"share_on_mastodon":{"url":"","error":""},"_links":{"self":[{"href":"https:\/\/www.europesays.com\/es\/wp-json\/wp\/v2\/posts\/181223","targetHints":{"allow":["GET"]}}],"collection":[{"href":"https:\/\/www.europesays.com\/es\/wp-json\/wp\/v2\/posts"}],"about":[{"href":"https:\/\/www.europesays.com\/es\/wp-json\/wp\/v2\/types\/post"}],"author":[{"embeddable":true,"href":"https:\/\/www.europesays.com\/es\/wp-json\/wp\/v2\/users\/2"}],"replies":[{"embeddable":true,"href":"https:\/\/www.europesays.com\/es\/wp-json\/wp\/v2\/comments?post=181223"}],"version-history":[{"count":0,"href":"https:\/\/www.europesays.com\/es\/wp-json\/wp\/v2\/posts\/181223\/revisions"}],"wp:featuredmedia":[{"embeddable":true,"href":"https:\/\/www.europesays.com\/es\/wp-json\/wp\/v2\/media\/181224"}],"wp:attachment":[{"href":"https:\/\/www.europesays.com\/es\/wp-json\/wp\/v2\/media?parent=181223"}],"wp:term":[{"taxonomy":"category","embeddable":true,"href":"https:\/\/www.europesays.com\/es\/wp-json\/wp\/v2\/categories?post=181223"},{"taxonomy":"post_tag","embeddable":true,"href":"https:\/\/www.europesays.com\/es\/wp-json\/wp\/v2\/tags?post=181223"}],"curies":[{"name":"wp","href":"https:\/\/api.w.org\/{rel}","templated":true}]}}