{"id":181225,"date":"2025-10-16T18:56:08","date_gmt":"2025-10-16T18:56:08","guid":{"rendered":"https:\/\/www.europesays.com\/es\/181225\/"},"modified":"2025-10-16T18:56:08","modified_gmt":"2025-10-16T18:56:08","slug":"ya-hay-fecha-brandon-moreno-y-manuel-loco-torres-volveran-al-octagono-en-la-ufc-323","status":"publish","type":"post","link":"https:\/\/www.europesays.com\/es\/181225\/","title":{"rendered":"Ya hay fecha: Brandon Moreno y Manuel \u201cLoco\u201d Torres volver\u00e1n al oct\u00e1gono en la UFC 323"},"content":{"rendered":"<p><img alt=\"Brandon Moreno y Manuel \u201cLoco\u201d\" class=\"global-image\" decoding=\"async\" fetchpriority=\"high\" height=\"1080\" loading=\"eager\" src=\"https:\/\/www.europesays.com\/es\/wp-content\/uploads\/2025\/10\/SBXKXK72BVG7XFFAVMKVPCLNP4.jpg\" width=\"1920\"\/>Brandon Moreno y Manuel \u201cLoco\u201d Torres regresan al oct\u00e1gono con duelos clave que podr\u00edan definir su futuro en la UFC 323. (Reuters\/IG-@locoufc)<\/p>\n<p class=\"paragraph\">El \u00faltimo gran evento de la<b> Ultimate Fighting Championship<\/b><b> (UFC) <\/b>en <b>2025 <\/b>ya tiene definida su cartelera. La funci\u00f3n, programada para el pr\u00f3ximo<b> 6 de diciembre <\/b>en la<b> T-Mobile Arena <\/b>de<b> Las Vegas<\/b>, ser\u00e1 encabezada por <b>Merab Dvalishvili<\/b> haciendo su cuarta defensa del t\u00edtulo de peso gallo ante el excampe\u00f3n <b>Petr Yan<\/b>.<\/p>\n<p class=\"paragraph\">Sin embargo, la presencia mexicana tambi\u00e9n ser\u00e1 protagonista, con el regreso del excampe\u00f3n<b> Brandon Moreno el \u201cBeb\u00e9 Asesino\u201d<\/b> y el ascendente <b>Manuel \u201cLoco\u201d Torres<\/b>.<\/p>\n<p class=\"paragraph\">Ambos peleadores nacionales enfrentar\u00e1n duelos decisivos que podr\u00edan marcar el rumbo de sus respectivas divisiones. Moreno buscar\u00e1 acercarse nuevamente a la cima del peso mosca, mientras que Torres intentar\u00e1 consolidarse como una de las nuevas figuras del peso ligero.<\/p>\n<p class=\"paragraph\">La funci\u00f3n, que cierra el calendario de eventos numerados de la empresa dirigida por <b>Dana White<\/b>, promete ser una de las m\u00e1s completas del a\u00f1o al reunir a campeones, contendientes y prospectos con aspiraciones al t\u00edtulo.<\/p>\n<p><img alt=\" Brandon Moreno. (REUTERS\/Henry Romero)\" class=\"global-image\" decoding=\"async\" fetchpriority=\"low\" height=\"2093\" loading=\"lazy\" src=\"https:\/\/www.europesays.com\/es\/wp-content\/uploads\/2025\/10\/5DFJYS65VDYFRPYXAE2KYWAMIU.jpg\" width=\"2653\"\/> Brandon Moreno. (REUTERS\/Henry Romero)<\/p>\n<p class=\"paragraph\"><b>Brandon Moreno<\/b>, originario de <b>Tijuana <\/b>y primer monarca mexicano en la historia de la cumbre del combate mixto, regresar\u00e1 al oct\u00e1gono para medirse frente al japon\u00e9s <b>Tatsuro Taira<\/b> en un combate pactado a tres asaltos dentro de la divisi\u00f3n de peso mosca.<\/p>\n<p class=\"paragraph\">De acuerdo con el adelanto oficial de la cartelera difundido por la <b>UFC <\/b>el lunes 13 de octubre, el duelo se perfila como uno de los m\u00e1s atractivos de la velada.<\/p>\n<p class=\"paragraph\">Moreno llega con impulso tras registrar dos victorias consecutivas ante<b> Amir Albazi <\/b>y<b> Steve Erceg<\/b>, ambas ante rivales clasificados en el top de la categor\u00eda. <\/p>\n<p class=\"paragraph\">Por su parte, <b>Taira<\/b>, de 25 a\u00f1os, acumula cuatro triunfos en sus \u00faltimos cinco enfrentamientos y busca la victoria m\u00e1s importante de su carrera. Su \u00fanico rev\u00e9s fue ante <b>Brandon Royval<\/b>, aunque se repuso en agosto pasado al someter a <b>HyunSung Park<\/b>.<\/p>\n<p class=\"paragraph\">El desenlace de este combate podr\u00eda tener implicaciones directas en la disputa por el campeonato de peso mosca. <\/p>\n<p class=\"paragraph\">En la misma cartelera, el actual monarca<b> Alexandre Pantoja <\/b>defender\u00e1 su cintur\u00f3n ante <b>Joshua Van<\/b>, lo que abre la posibilidad de que el ganador entre Moreno y Taira se convierta en el siguiente retador.<\/p>\n<p><img alt=\"Manuel \u201cLoco\u201d Torres. (IG-@locoufc)\" class=\"global-image\" decoding=\"async\" fetchpriority=\"low\" height=\"921\" loading=\"lazy\" src=\"https:\/\/www.europesays.com\/es\/wp-content\/uploads\/2025\/10\/YM6CKOHNMRE47E4C3V42U3AKWU.jpg\" width=\"1179\"\/>Manuel \u201cLoco\u201d Torres. (IG-@locoufc)<\/p>\n<p class=\"paragraph\">El chihuahuense <b>Manuel \u201cLoco\u201d Torres<\/b> tambi\u00e9n volver\u00e1 a la acci\u00f3n en UFC 323. El peleador de <b>28 a\u00f1os <\/b>enfrentar\u00e1 a<b> Grant \u201cKGD\u201d Dawson<\/b>, clasificado mundial dentro del top 15 del peso ligero, en una contienda programada a tres episodios.<\/p>\n<p class=\"paragraph\">Torres, con marca profesional de 16 victorias y tres derrotas, atraviesa un momento clave en su carrera. <\/p>\n<p class=\"paragraph\">En su \u00faltimo combate noque\u00f3 en el primer asalto al experimentado <b>Drew Dober<\/b>, resultado que lo posicion\u00f3 como uno de los prospectos m\u00e1s explosivos de M\u00e9xico en las Artes Marciales Mixtas. Su \u00fanico descalabro dentro de la compa\u00f1\u00eda fue ante <b>Ignacio Bahamondes<\/b>.<\/p>\n<p class=\"paragraph\"><b>Grant Dawson<\/b>, su oponente, llega con triunfos recientes ante<b> Diego Ferreira <\/b>y con experiencia frente a peleadores mexicanos, como <b>Rafa Garc\u00eda<\/b>, a quien venci\u00f3 por sumisi\u00f3n en 2024. <\/p>\n<p class=\"paragraph\">El duelo representar\u00e1 para ambos la oportunidad de escalar posiciones en una de las divisiones m\u00e1s competitivas del circuito.<\/p>\n","protected":false},"excerpt":{"rendered":"Brandon Moreno y Manuel \u201cLoco\u201d Torres regresan al oct\u00e1gono con duelos clave que podr\u00edan definir su futuro en&hellip;\n","protected":false},"author":2,"featured_media":181226,"comment_status":"","ping_status":"","sticky":false,"template":"","format":"standard","meta":{"footnotes":""},"categories":[276],"tags":[168,25,24,23,167,343],"class_list":{"0":"post-181225","1":"post","2":"type-post","3":"status-publish","4":"format-standard","5":"has-post-thumbnail","7":"category-ufc","8":"tag-deportes","9":"tag-es","10":"tag-espana","11":"tag-spain","12":"tag-sports","13":"tag-ufc"},"share_on_mastodon":{"url":"","error":""},"_links":{"self":[{"href":"https:\/\/www.europesays.com\/es\/wp-json\/wp\/v2\/posts\/181225","targetHints":{"allow":["GET"]}}],"collection":[{"href":"https:\/\/www.europesays.com\/es\/wp-json\/wp\/v2\/posts"}],"about":[{"href":"https:\/\/www.europesays.com\/es\/wp-json\/wp\/v2\/types\/post"}],"author":[{"embeddable":true,"href":"https:\/\/www.europesays.com\/es\/wp-json\/wp\/v2\/users\/2"}],"replies":[{"embeddable":true,"href":"https:\/\/www.europesays.com\/es\/wp-json\/wp\/v2\/comments?post=181225"}],"version-history":[{"count":0,"href":"https:\/\/www.europesays.com\/es\/wp-json\/wp\/v2\/posts\/181225\/revisions"}],"wp:featuredmedia":[{"embeddable":true,"href":"https:\/\/www.europesays.com\/es\/wp-json\/wp\/v2\/media\/181226"}],"wp:attachment":[{"href":"https:\/\/www.europesays.com\/es\/wp-json\/wp\/v2\/media?parent=181225"}],"wp:term":[{"taxonomy":"category","embeddable":true,"href":"https:\/\/www.europesays.com\/es\/wp-json\/wp\/v2\/categories?post=181225"},{"taxonomy":"post_tag","embeddable":true,"href":"https:\/\/www.europesays.com\/es\/wp-json\/wp\/v2\/tags?post=181225"}],"curies":[{"name":"wp","href":"https:\/\/api.w.org\/{rel}","templated":true}]}}