{"id":181227,"date":"2025-10-16T18:59:10","date_gmt":"2025-10-16T18:59:10","guid":{"rendered":"https:\/\/www.europesays.com\/es\/181227\/"},"modified":"2025-10-16T18:59:10","modified_gmt":"2025-10-16T18:59:10","slug":"el-euskaltel-se-queda-con-un-solo-ciclista-alaves","status":"publish","type":"post","link":"https:\/\/www.europesays.com\/es\/181227\/","title":{"rendered":"El Euskaltel se queda con un solo ciclista alav\u00e9s"},"content":{"rendered":"<p>\n        Es cuesti\u00f3n de que se oficialice, pero<strong> el Euskaltel-Euskadi no tendr\u00e1 el a\u00f1o que viene en sus filas a dos de los tres ciclistas alaveses<\/strong> con los que ha contado este curso.\n<\/p>\n<p class=\"article-body__text \">\n        Y es que seg\u00fan ha podido saber este peri\u00f3dico, los rectores de la escuadra naranja, en concreto su director Jorge Azanza, han decidido <strong>no renovar a Jon Aberasturi y a Andoni L\u00f3pez de Abetxuko.<\/strong> As\u00ed que en 2026 \u00fanicamente<strong> Jokin Murguialday ser\u00e1 el \u00fanico ciclista provincial que vista el maillot naranja de dicha escuadra<\/strong>.\n<\/p>\n<p class=\"article-body__text \">\n        Tanto el corredor de Vitoria como el de Salvatierra <strong>forman parte de las seis bajas que dar\u00e1 el conjunto vasco<\/strong>. Y es que a ellos se suman <strong>Iker Bonillo, David Dekker, Unai Zubeldia<\/strong> \u2013cuelga la bicicleta\u2013 y el h\u00fangaro<strong> M\u00e1rton Dina. <\/strong>\n<\/p>\n<p class=\"article-body__text \">\n        De esta forma, la n\u00f3mina d<strong>e velocistas que formaban Aberasturi y Dekker no seguir\u00e1 en el Euskaltel<\/strong> el pr\u00f3ximo ejercicio, con lo que se entiende que <strong>la configuraci\u00f3n de equipo va por otros derroteros de cara al futuro m\u00e1s inminente<\/strong>.\n<\/p>\n<p>            <a href=\"https:\/\/www.noticiasdealava.eus\/deportes\/2025\/09\/25\/objetivo-profesional-creo-trabajo-suerte-jon-conejero-electro-alavesa-zuia-ingenieria-ciclismo-10125381.html\" title=\"\u201cMi objetivo es ser profesional y creo que con trabajo y algo de suerte lo puedo lograr\u201d\" class=\"new__media\" rel=\"nofollow noopener\" target=\"_blank\"><\/p>\n<p>                <img alt=\"\u201cMi objetivo es ser profesional y creo que con trabajo y algo de suerte lo puedo lograr\u201d\" data-src=\"https:\/\/www.europesays.com\/es\/wp-content\/uploads\/2025\/10\/f76b53b7-3fec-499c-b6fc-f34528938f5a_16-9-aspect-ratio_default_0.jpg\" class=\"lozad\"\/><\/p>\n<p>        <\/a><\/p>\n<p>        <a href=\"https:\/\/www.noticiasdealava.eus\/deportes\/2025\/09\/25\/objetivo-profesional-creo-trabajo-suerte-jon-conejero-electro-alavesa-zuia-ingenieria-ciclismo-10125381.html\" title=\"\u201cMi objetivo es ser profesional y creo que con trabajo y algo de suerte lo puedo lograr\u201d\" class=\"new__headline\" rel=\"nofollow noopener\" target=\"_blank\"><br \/>\n            \u201cMi objetivo es ser profesional y creo que con trabajo y algo de suerte lo puedo lograr\u201d<br \/>\n        <\/a><\/p>\n<p class=\"article-body__text \">\n        <strong>A ambos se les sumaba L\u00f3pez de Abetxuko como lanzador<\/strong>. Esa era, al menos, la misi\u00f3n que se le hab\u00eda encomendado para 2025, m\u00e1s all\u00e1 de resultados personales.\n<\/p>\n<p class=\"article-body__text \">\n        A sus 26 a\u00f1os, el corredor formado en el Arabarrak se hab\u00eda complementado bastante bien con el propio Aberasturi, <strong>compartiendo calendario durante una parte importante de este a\u00f1o<\/strong>, con la idea de protegerle y llevarle hasta los kil\u00f3metros finales en busca del triunfo.\n<\/p>\n<p class=\"article-photo__footer\">\n            Jon Aberasturi, en una imagen de archivo            Foto Tommaso Pelagalli &#8211; Sprint Cycling Agency        <\/p>\n<p class=\"article-body__text \">\n        Pero, por unas u otras razones, <strong>Aberasturi no ha podido levantar los brazos y eso que ha estado cerca de lograrlo en varias carreras<\/strong>. As\u00ed fue tercero en la tercera etapa de la Trans-Himalaya o cuarto en las dos primeras jornadas del Tour de Turqu\u00eda. En 2024 tambi\u00e9n logr\u00f3 cruzar la l\u00ednea de meta en tercer lugar la tercera etapa de la Vuelta a Espa\u00f1a, en suelo portugu\u00e9s, misma posici\u00f3n que en la segunda etapa del Tour de Hungr\u00eda.\n<\/p>\n<p class=\"article-photo__footer\">\n            L\u00f3pez de Abetxuko en una imagen de archivo con el Euskaltel            Euskaltel        <\/p>\n<p class=\"article-body__text \">\n        A sus 36 a\u00f1os, est\u00e1 por ver qu\u00e9 es de su futuro en un mercado ciclista dif\u00edcil y convulsionado, despu\u00e9s de la desaparici\u00f3n del Arkea o de la fusi\u00f3n de algunas estructuras. <strong>Aberasturi debut\u00f3 como profesional con el entonces Orbea-Oreka, filial del cuadro naranja antes de estrenarse precisamente en el Euskaltel.<\/strong> Luego pas\u00f3 por el Team Ukyo, Muria o el Caja Rural, donde consigui\u00f3 sus mejores resultados, lo que le vali\u00f3 para dar el salto al World Tour en 2022 con el Lidl-Trek.\n<\/p>\n<p>            <a href=\"https:\/\/www.noticiasdealava.eus\/deportes\/2025\/09\/25\/objetivo-profesional-creo-trabajo-suerte-jon-conejero-electro-alavesa-zuia-ingenieria-ciclismo-10125381.html\" title=\"\u201cMi objetivo es ser profesional y creo que con trabajo y algo de suerte lo puedo lograr\u201d\" class=\"new__media\" rel=\"nofollow noopener\" target=\"_blank\"><\/p>\n<p>                <img alt=\"\u201cMi objetivo es ser profesional y creo que con trabajo y algo de suerte lo puedo lograr\u201d\" data-src=\"https:\/\/www.europesays.com\/es\/wp-content\/uploads\/2025\/10\/f76b53b7-3fec-499c-b6fc-f34528938f5a_16-9-aspect-ratio_default_0.jpg\" class=\"lozad\"\/><\/p>\n<p>        <\/a><\/p>\n<p>        <a href=\"https:\/\/www.noticiasdealava.eus\/deportes\/2025\/09\/25\/objetivo-profesional-creo-trabajo-suerte-jon-conejero-electro-alavesa-zuia-ingenieria-ciclismo-10125381.html\" title=\"\u201cMi objetivo es ser profesional y creo que con trabajo y algo de suerte lo puedo lograr\u201d\" class=\"new__headline\" rel=\"nofollow noopener\" target=\"_blank\"><br \/>\n            \u201cMi objetivo es ser profesional y creo que con trabajo y algo de suerte lo puedo lograr\u201d<br \/>\n        <\/a><\/p>\n<p class=\"article-body__text \">\n        Mientras tanto, <strong>L\u00f3pez de Abetxuko ha defendido las tres \u00faltimas temporadas el maillot del Euskaltel<\/strong>, a donde lleg\u00f3 desde el filial del Caja Rural. Fue segundo en 2024 en la octava etapa de la Vuelta a Portugal, mismo lugar que cosech\u00f3 una edici\u00f3n antes en la cuarta entrega de la ronda lusa.\n<\/p>\n<p class=\"article-body__text \">\n        Durante este curso no ha brillado tanto al tener que estar pendiente de Aberasturi, pero s\u00ed que <strong>a sus 26 a\u00f1os ha mostrado condiciones y capacidades para desenvolverse al m\u00e1s alto nivel<\/strong>. Habr\u00e1 que ver hasta qu\u00e9 punto condiciona su futuro el hecho de que hayan conocido recientemente que no se les iba a renovar, cerr\u00e1ndoles ciertas puertas y minimizando su margen para buscar otro acomodo.<\/p>\n","protected":false},"excerpt":{"rendered":"Es cuesti\u00f3n de que se oficialice, pero el Euskaltel-Euskadi no tendr\u00e1 el a\u00f1o que viene en sus filas&hellip;\n","protected":false},"author":2,"featured_media":181228,"comment_status":"","ping_status":"","sticky":false,"template":"","format":"standard","meta":{"footnotes":""},"categories":[273],"tags":[51449,51450,313,312,22272,168,25,24,13145,2650,2138,23,167],"class_list":{"0":"post-181227","1":"post","2":"type-post","3":"status-publish","4":"format-standard","5":"has-post-thumbnail","7":"category-ciclismo","8":"tag-aberasturi","9":"tag-andoni-lopez-de-abetxuko","10":"tag-ciclismo","11":"tag-cycling","12":"tag-decide","13":"tag-deportes","14":"tag-es","15":"tag-espana","16":"tag-euskaltel","17":"tag-jon","18":"tag-renovar","19":"tag-spain","20":"tag-sports"},"share_on_mastodon":{"url":"","error":""},"_links":{"self":[{"href":"https:\/\/www.europesays.com\/es\/wp-json\/wp\/v2\/posts\/181227","targetHints":{"allow":["GET"]}}],"collection":[{"href":"https:\/\/www.europesays.com\/es\/wp-json\/wp\/v2\/posts"}],"about":[{"href":"https:\/\/www.europesays.com\/es\/wp-json\/wp\/v2\/types\/post"}],"author":[{"embeddable":true,"href":"https:\/\/www.europesays.com\/es\/wp-json\/wp\/v2\/users\/2"}],"replies":[{"embeddable":true,"href":"https:\/\/www.europesays.com\/es\/wp-json\/wp\/v2\/comments?post=181227"}],"version-history":[{"count":0,"href":"https:\/\/www.europesays.com\/es\/wp-json\/wp\/v2\/posts\/181227\/revisions"}],"wp:featuredmedia":[{"embeddable":true,"href":"https:\/\/www.europesays.com\/es\/wp-json\/wp\/v2\/media\/181228"}],"wp:attachment":[{"href":"https:\/\/www.europesays.com\/es\/wp-json\/wp\/v2\/media?parent=181227"}],"wp:term":[{"taxonomy":"category","embeddable":true,"href":"https:\/\/www.europesays.com\/es\/wp-json\/wp\/v2\/categories?post=181227"},{"taxonomy":"post_tag","embeddable":true,"href":"https:\/\/www.europesays.com\/es\/wp-json\/wp\/v2\/tags?post=181227"}],"curies":[{"name":"wp","href":"https:\/\/api.w.org\/{rel}","templated":true}]}}