{"id":181229,"date":"2025-10-16T19:00:08","date_gmt":"2025-10-16T19:00:08","guid":{"rendered":"https:\/\/www.europesays.com\/es\/181229\/"},"modified":"2025-10-16T19:00:08","modified_gmt":"2025-10-16T19:00:08","slug":"el-guino-de-gasly-a-colapinto-que-ilusiona-con-su-continuidad-en-la-formula-1-santa-fe-deportivo","status":"publish","type":"post","link":"https:\/\/www.europesays.com\/es\/181229\/","title":{"rendered":"El GUI\u00d1O de Gasly a Colapinto que ilusiona con su continuidad en la F\u00f3rmula 1 \u2013 Santa Fe Deportivo"},"content":{"rendered":"<p>A\u00fan sin confirmaciones sobre su continuidad el pr\u00f3ximo a\u00f1o en la F1 con Alpine, Franco Colapinto recibi\u00f3 un gui\u00f1o de su compa\u00f1ero de equipo Pierre Gasly en un juego din\u00e1mico que hizo con un auspiciante de la escuder\u00eda. El mismo consist\u00eda en que el franc\u00e9s deb\u00eda elegir a un piloto para ir al Super Bowl, otro para ir a un recital y uno m\u00e1s para asistir a la final del pr\u00f3ximo Mundial. En ese sentido, el galo se inclin\u00f3 por Lewis Hamilton, Charles Leclerc y Colapinto, respectivamente.<\/p>\n<p>\u00abIr\u00eda a la final del Mundial con Franco, por la revancha\u00bb, declar\u00f3 el corredor en el video. As\u00ed, caus\u00f3 mucho revuelo en redes sociales, con usuarios que aseguran que, puertas adentro en el equipo, la segunda butaca para el oriundo de Pilar ya est\u00e1 confirmada para el 2026, a\u00f1o en que se celebrar\u00e1 la Copa del Mundo.<\/p>\n<p>\u00abEsperando una final de la Copa del Mundo entre Francia y Argentina el pr\u00f3ximo a\u00f1o para poder enviar a Pierre Gasly y Franco Colapinto\u00bb, reza el texto que acompa\u00f1a al video del auspiciante, como para generar m\u00e1s ilusi\u00f3n de cara a la siguiente temporada en la F\u00f3rmula 1.<\/p>\n<p>Oficialmente, desde Alpine no se comunic\u00f3 nada. Solo se sabe que Gasly ser\u00e1 el piloto principal el a\u00f1o que viene y resta definir a su acompa\u00f1ante. Por m\u00e1s que Flavio Briatore, el jefe de equipo, haya planteado una especie de batalla interna por el puesto de segundo corredor para el a\u00f1o que viene, ya es inocultable que el nacido en Pilar no tiene competencia porque Paul Aron -el tester- ser\u00eda una apuesta riesgos\u00edsima, ya que no suma m\u00e1s que un pu\u00f1ado de pr\u00e1cticas en F1.<\/p>\n","protected":false},"excerpt":{"rendered":"A\u00fan sin confirmaciones sobre su continuidad el pr\u00f3ximo a\u00f1o en la F1 con Alpine, Franco Colapinto recibi\u00f3 un&hellip;\n","protected":false},"author":2,"featured_media":181230,"comment_status":"","ping_status":"","sticky":false,"template":"","format":"standard","meta":{"footnotes":""},"categories":[270],"tags":[168,25,24,306,271,272,23,167],"class_list":{"0":"post-181229","1":"post","2":"type-post","3":"status-publish","4":"format-standard","5":"has-post-thumbnail","7":"category-formula-1","8":"tag-deportes","9":"tag-es","10":"tag-espana","11":"tag-f1","12":"tag-formula-1","13":"tag-formula1","14":"tag-spain","15":"tag-sports"},"share_on_mastodon":{"url":"","error":""},"_links":{"self":[{"href":"https:\/\/www.europesays.com\/es\/wp-json\/wp\/v2\/posts\/181229","targetHints":{"allow":["GET"]}}],"collection":[{"href":"https:\/\/www.europesays.com\/es\/wp-json\/wp\/v2\/posts"}],"about":[{"href":"https:\/\/www.europesays.com\/es\/wp-json\/wp\/v2\/types\/post"}],"author":[{"embeddable":true,"href":"https:\/\/www.europesays.com\/es\/wp-json\/wp\/v2\/users\/2"}],"replies":[{"embeddable":true,"href":"https:\/\/www.europesays.com\/es\/wp-json\/wp\/v2\/comments?post=181229"}],"version-history":[{"count":0,"href":"https:\/\/www.europesays.com\/es\/wp-json\/wp\/v2\/posts\/181229\/revisions"}],"wp:featuredmedia":[{"embeddable":true,"href":"https:\/\/www.europesays.com\/es\/wp-json\/wp\/v2\/media\/181230"}],"wp:attachment":[{"href":"https:\/\/www.europesays.com\/es\/wp-json\/wp\/v2\/media?parent=181229"}],"wp:term":[{"taxonomy":"category","embeddable":true,"href":"https:\/\/www.europesays.com\/es\/wp-json\/wp\/v2\/categories?post=181229"},{"taxonomy":"post_tag","embeddable":true,"href":"https:\/\/www.europesays.com\/es\/wp-json\/wp\/v2\/tags?post=181229"}],"curies":[{"name":"wp","href":"https:\/\/api.w.org\/{rel}","templated":true}]}}