{"id":181249,"date":"2025-10-16T19:10:11","date_gmt":"2025-10-16T19:10:11","guid":{"rendered":"https:\/\/www.europesays.com\/es\/181249\/"},"modified":"2025-10-16T19:10:11","modified_gmt":"2025-10-16T19:10:11","slug":"la-dictadura-cubana-reconoce-tres-muertes-por-dengue-pero-los-medios-cubanos-apuntan-a-una-epidemia-mucho-mayor","status":"publish","type":"post","link":"https:\/\/www.europesays.com\/es\/181249\/","title":{"rendered":"La dictadura cubana reconoce tres muertes por dengue pero los medios cubanos apuntan a una epidemia mucho mayor"},"content":{"rendered":"<p>Cuba ha admitido por primera vez este mi\u00e9rcoles la muerte de tres personas por dengue en lo que va de 2025. La <a href=\"https:\/\/youtu.be\/NUHrTgjqvOg\" rel=\"nofollow noreferrer noopener\" target=\"_blank\">viceministra de Salud P\u00fablica del pa\u00eds caribe\u00f1o, Carilda Pe\u00f1a<\/a>, ha salido a dar explicaciones sobre la situaci\u00f3n epidemiol\u00f3gica ante la alerta social generada en los \u00faltimos d\u00edas. Sin embargo, <strong>no ha detallado el perfil de los fallecidos y tampoco las fechas o el lugar<\/strong> <strong>donde se produjeron los decesos<\/strong>. Lo que ha hecho saltar todas las alarmas.<\/p>\n<p>En un intento por restar importancia a la situaci\u00f3n epidemiol\u00f3gica de la isla por dengue, Pe\u00f1a ha se\u00f1alado que junto a este virus <strong>circulan otros de manera simult\u00e1nea <\/strong>que tambi\u00e9n son transmitidos por mosquitos, como el chikungunya y el oropouche. Pero lo cierto es que, aunque los s\u00edntomas son molestos, la enfermedad que se desarrolla tras la<strong> infecci\u00f3n es mucho menos grave<\/strong>.<\/p>\n<p>Llegados a este punto cabe se\u00f1alar que <strong>la tasa de mortalidad <\/strong>por estos dos virus mencionados por la viceministra cubana \u2014el chikungunya y el oropouche\u2014 es pr\u00e1cticamente nula. Mientras que la probabilidad de fallecer por dengue es de<strong> entre el 1% y el 2,5% <\/strong>si la persona infectada recibe el tratamiento adecuado y <strong>sube hasta el 50%<\/strong> en el caso de que la atenci\u00f3n m\u00e9dica sea insuficiente.<\/p>\n<p>\u00bfSolo tres muertos?<\/p>\n<p>Las<a href=\"https:\/\/www.who.int\/es\/news-room\/fact-sheets\/detail\/dengue-and-severe-dengue\" rel=\"nofollow noreferrer noopener\" target=\"_blank\"><strong> cifras reportadas por la Organizaci\u00f3n Mundial de la Salud (OMS)<\/strong><\/a> en 2024 son: 13 millones de casos notificados de infecci\u00f3n por Dengue en la \u00abRegi\u00f3n de las Am\u00e9ricas\u00bb y m\u00e1s de 12 000 muertes relacionadas con esta enfermedad, lo que supone que<strong> falleci\u00f3 el 0,09% de la poblaci\u00f3n que lo contrajo<\/strong>. Si atendemos a las cifras y los datos ofrecidos por el propio Ministerio de Salud P\u00fablica de Cuba (MINSAP), resulta inexplicable que la cifra de muertos en Cuba sea solo de tres en 2025.<\/p>\n<p>Se estima que uno de cada veinte afectados por dengue desarrolla una enfermedad grave. Y el propio director de Higiene y Epidemiolog\u00eda del MINSAP, Francisco Dur\u00e1n, <strong>reconoci\u00f3 en octubre de 2024 <\/strong>que en lo que iba de a\u00f1o se estimaba que hab\u00eda habido<strong> cerca de 20.000 contagios<\/strong> por dengue en la isla, reconociendo adem\u00e1s que el 80% de esas personas hab\u00eda pasado la enfermedad en casa sin haberse realizado ni siquiera un test.<\/p>\n<p>Seg\u00fan la proporci\u00f3n resultante de las cifras aportadas por la OMS en 2024, el n\u00famero de fallecidos con 20.000 afectados podr\u00eda ser cercano a 18. Especialmente si tenemos en cuenta la situaci\u00f3n de<strong> desabastecimiento y carest\u00eda \u2014de medicamentos, art\u00edculos de higiene y productos b\u00e1sicos\u2014<\/strong> que sufre la poblaci\u00f3n cubana, particularmente en estos \u00faltimos a\u00f1os en los que tambi\u00e9n son frecuentes los apagones el\u00e9ctricos, los cortes de agua y los problemas con el combustible.<\/p>\n<p>&#13;<br \/>\n    Relacionado&#13;<br \/>\n    &#13;<\/p>\n<p>\u00bfCu\u00e1l es la situaci\u00f3n real?<\/p>\n<p>Pe\u00f1a afirmaba, durante una entrevista concedida este mi\u00e9rcoles a la televisi\u00f3n estatal, que los virus que ella hab\u00eda mencionado representan un problema \u00abnacional\u00bb debido a que los \u00edndices de infestaci\u00f3n son \u00abmuy elevados\u00bb y la situaci\u00f3n es \u00abmuy compleja\u00bb porque<a href=\"https:\/\/www.libertaddigital.com\/libremercado\/2025-08-23\/sa-en-cuba-recurren-a-vehiculos-de-traccion-animal-ante-la-falta-de-combustible-7287617\/\" rel=\"nofollow noopener\" target=\"_blank\"><strong> la falta de combustible impide realizar las fumigaciones necesarias<\/strong><\/a>. El dengue, ha explicado, es una enfermedad end\u00e9mica en Cuba. Est\u00e1 presente en 12 de las 15 provincias cubanas.<\/p>\n<p>Si la situaci\u00f3n epidemiol\u00f3gica se ha agravado respecto del a\u00f1o anterior, que cerr\u00f3 con cerca de 20.000 infecciones, y las condiciones de higi\u00e9nico-sanitarias han empeorado, con la crisis econ\u00f3mica y los problemas en el abastecimiento de agua, <strong>cabe pensar que la cifra real de infectados y fallecidos es bastante peor<\/strong> que la que se ha hecho p\u00fablica. Precisamente eso es lo que destacan medios locales independientes, como <a href=\"https:\/\/diariodecuba.com\/cuba\/1760594378_63380.html#google_vignette\" rel=\"nofollow noreferrer noopener\" target=\"_blank\"><strong>Diario de Cuba<\/strong><\/a>.<\/p>\n<p>Este peri\u00f3dico recuerda adem\u00e1s que el reconocimiento de tres fallecidos por dengue llega apenas una semana <strong><a href=\"https:\/\/www.youtube.com\/watch?v=gIyA-yNQzB0\" rel=\"nofollow noreferrer noopener\" target=\"_blank\">despu\u00e9s de que Francisco Dur\u00e1n negara la existencia de muertes<\/a> <\/strong>por esta enfermedad. \u00abLa admisi\u00f3n tard\u00eda de las autoridades refuerza las sospechas de <strong>opacidad en el manejo de la informaci\u00f3n epidemiol\u00f3gica<\/strong>, una pr\u00e1ctica habitual del r\u00e9gimen cubano en crisis sanitarias anteriores\u00bb, recuerda.<\/p>\n<p>Las muertes, en medios y redes<\/p>\n<p>Desde <strong><a href=\"https:\/\/www.cibercuba.com\/noticias\/2025-10-16-u1-e199854-s27061-nid312997-dengue-cobra-otra-vida-cuba-reportan-mujer-cifuentes\" rel=\"nofollow noreferrer noopener\" target=\"_blank\">Cibercuba<\/a><\/strong> vienen informando de los contagios y muertes por dengue de personas de distintas provincias que han sido silenciados por parte del r\u00e9gimen comunista. Las familias de los fallecidos se han visto obligadas a difundir lo que est\u00e1 sucediendo a trav\u00e9s de los medios locales independientes y las redes sociales, que se han inundado de desgarradores testimonios como el del marido de Adelaida Yanes \u2014de 63 a\u00f1os\u2014, que muri\u00f3 el pasado martes en la provincia de Villa Clara.<\/p>\n<p>El medio <a href=\"https:\/\/www.martinoticias.com\/a\/testimonios-desde-cuba-ofrecen-la-real-dimension-de-la-crisis-epidemiologica\/426340.html\" rel=\"nofollow noreferrer noopener\" target=\"_blank\"><strong>Mart\u00ed Noticias<\/strong><\/a>, por su parte, recoge en una cr\u00f3nica la <strong>muertes de varias personas por dengue hemorr\u00e1gico<\/strong>, as\u00ed como la preocupante situaci\u00f3n ante el colapso de hospitales como el de Matanzas. Al descontrol de las infecciones hay que sumar el desabastecimiento de medicamentos y reactivos para confirmar los diagn\u00f3sticos, como reportan tambi\u00e9n habitantes de las provincias de Camag\u00fcey y Holgu\u00edn, que hacen largas colas para ser atendidos y en muchas ocasiones no obtienen ninguna de las dos cosas.<\/p>\n<p>Aunque <strong>el r\u00e9gimen comunista minimiza<\/strong> la situaci\u00f3n epidemiol\u00f3gica en sus comparecencias p\u00fablicas, <strong>en paralelo est\u00e1 adoptando medidas<\/strong> que evidencian una gravedad mayor. El Festival Nacional de Artistas Aficionados previsto para los d\u00edas 17 y 18 de octubre, por ejemplo, ha sido pospuesto ante el \u00abincremento sostenido de enfermedades transmitidas por vectores, especialmente la arbovirosis (grupo de enfermedades virales transmitidas por insectos, como el dengue, el chikungunya o el Zika)\u00bb, informa el peri\u00f3dico<strong> <a href=\"https:\/\/www.facebook.com\/PVenceremos\/posts\/1369214611880769\" rel=\"nofollow noreferrer noopener\" target=\"_blank\">Venceremos<\/a><\/strong>.<\/p>\n","protected":false},"excerpt":{"rendered":"Cuba ha admitido por primera vez este mi\u00e9rcoles la muerte de tres personas por dengue en lo que&hellip;\n","protected":false},"author":2,"featured_media":181250,"comment_status":"","ping_status":"","sticky":false,"template":"","format":"standard","meta":{"footnotes":""},"categories":[92],"tags":[15396,1164,2216,1471,51453,21303,25,24,165,4365,11238,3572,166,51454,23,2275],"class_list":{"0":"post-181249","1":"post","2":"type-post","3":"status-publish","4":"format-standard","5":"has-post-thumbnail","7":"category-salud","8":"tag-comunismo","9":"tag-cuba","10":"tag-dengue","11":"tag-dictadura","12":"tag-endemia","13":"tag-epidemia","14":"tag-es","15":"tag-espana","16":"tag-health","17":"tag-minsap","18":"tag-mortalidad","19":"tag-oms","20":"tag-salud","21":"tag-situacion-epidemiologica","22":"tag-spain","23":"tag-virus"},"share_on_mastodon":{"url":"","error":""},"_links":{"self":[{"href":"https:\/\/www.europesays.com\/es\/wp-json\/wp\/v2\/posts\/181249","targetHints":{"allow":["GET"]}}],"collection":[{"href":"https:\/\/www.europesays.com\/es\/wp-json\/wp\/v2\/posts"}],"about":[{"href":"https:\/\/www.europesays.com\/es\/wp-json\/wp\/v2\/types\/post"}],"author":[{"embeddable":true,"href":"https:\/\/www.europesays.com\/es\/wp-json\/wp\/v2\/users\/2"}],"replies":[{"embeddable":true,"href":"https:\/\/www.europesays.com\/es\/wp-json\/wp\/v2\/comments?post=181249"}],"version-history":[{"count":0,"href":"https:\/\/www.europesays.com\/es\/wp-json\/wp\/v2\/posts\/181249\/revisions"}],"wp:featuredmedia":[{"embeddable":true,"href":"https:\/\/www.europesays.com\/es\/wp-json\/wp\/v2\/media\/181250"}],"wp:attachment":[{"href":"https:\/\/www.europesays.com\/es\/wp-json\/wp\/v2\/media?parent=181249"}],"wp:term":[{"taxonomy":"category","embeddable":true,"href":"https:\/\/www.europesays.com\/es\/wp-json\/wp\/v2\/categories?post=181249"},{"taxonomy":"post_tag","embeddable":true,"href":"https:\/\/www.europesays.com\/es\/wp-json\/wp\/v2\/tags?post=181249"}],"curies":[{"name":"wp","href":"https:\/\/api.w.org\/{rel}","templated":true}]}}