{"id":181271,"date":"2025-10-16T19:23:11","date_gmt":"2025-10-16T19:23:11","guid":{"rendered":"https:\/\/www.europesays.com\/es\/181271\/"},"modified":"2025-10-16T19:23:11","modified_gmt":"2025-10-16T19:23:11","slug":"pobre-la-contundente-critica-de-alonso-a-la-transmision-de-la-formula-1","status":"publish","type":"post","link":"https:\/\/www.europesays.com\/es\/181271\/","title":{"rendered":"\u00abPOBRE\u00bb, la contundente cr\u00edtica de Alonso a la transmisi\u00f3n de la F\u00f3rmula 1"},"content":{"rendered":"<p>    <a title=\"F\u00f3rmula 1\" href=\"https:\/\/www.carburando.com\/categorias\/formula-1\" class=\"card-link\" rel=\"nofollow noopener\" target=\"_blank\"><\/p>\n<p>      F\u00f3rmula 1<\/p>\n<p>  <\/a><\/p>\n<p>Fernando Alonso dialog\u00f3 con la prensa en medio del Media Day del Gran Premio de Estados Unidos. \u00bfQu\u00e9 dijo?<\/p>\n<p>  <img decoding=\"async\" alt=\"&quot;POBRE&quot;, la contundente cr\u00edtica de Alonso a la transmisi\u00f3n de la F\u00f3rmula 1\" class=\"img-fluid\" src=\"https:\/\/www.europesays.com\/es\/wp-content\/uploads\/2025\/10\/68f1452b9551a042739842.jpg\"  \/><br \/>\n  \u00abPOBRE\u00bb, la contundente cr\u00edtica de Alonso a la transmisi\u00f3n de la F\u00f3rmula 1<\/p>\n<p bis_size=\"{&quot;x&quot;:20,&quot;y&quot;:20,&quot;w&quot;:850,&quot;h&quot;:41,&quot;abs_x&quot;:293,&quot;abs_y&quot;:756}\">Este fin de semana, la\u00a0<strong bis_size=\"{&quot;x&quot;:152,&quot;y&quot;:23,&quot;w&quot;:62,&quot;h&quot;:14,&quot;abs_x&quot;:425,&quot;abs_y&quot;:759}\">F\u00f3rmula 1<\/strong>\u00a0desembarcar\u00e1 en el Circuito de las Am\u00e9ricas para llevar a cabo el Gran Premio de Estados Unidos. All\u00ed,\u00a0<strong bis_size=\"{&quot;x&quot;:20,&quot;y&quot;:23,&quot;w&quot;:841,&quot;h&quot;:35,&quot;abs_x&quot;:293,&quot;abs_y&quot;:759}\">Franco Colapinto<\/strong>\u00a0tendr\u00e1 la oportunidad de sumar puntos valiosos con Alpine, que tiene buenos recuerdos en el trazado.<\/p>\n<p>&#13;<br \/>\n&#13;<\/p>\n<p bis_size=\"{&quot;x&quot;:20,&quot;y&quot;:74,&quot;w&quot;:850,&quot;h&quot;:20,&quot;abs_x&quot;:293,&quot;abs_y&quot;:810}\">Leer adem\u00e1s:\u00a0<a bis_size=\"{&quot;x&quot;:103,&quot;y&quot;:77,&quot;w&quot;:461,&quot;h&quot;:14,&quot;abs_x&quot;:376,&quot;abs_y&quot;:813}\" href=\"http:\/\/carburando.com\/notas\/f1-la-exigencia-de-alpine-para-la-continuidad-de-franco-colapinto-en-2026\" target=\"_blank\" rel=\"nofollow noopener\"><strong bis_size=\"{&quot;x&quot;:103,&quot;y&quot;:77,&quot;w&quot;:461,&quot;h&quot;:14,&quot;abs_x&quot;:376,&quot;abs_y&quot;:813}\">F1: la exigencia de Alpine para la continuidad de Franco Colapinto en 2026<\/strong><\/a><\/p>\n<p>&#13;<br \/>\n&#13;<br \/>\n&#13;<br \/>\n&#13;<\/p>\n<p bis_size=\"{&quot;x&quot;:20,&quot;y&quot;:108,&quot;w&quot;:850,&quot;h&quot;:41,&quot;abs_x&quot;:293,&quot;abs_y&quot;:844}\">Junto al piloto argentino, <strong bis_size=\"{&quot;x&quot;:165,&quot;y&quot;:111,&quot;w&quot;:110,&quot;h&quot;:14,&quot;abs_x&quot;:438,&quot;abs_y&quot;:847}\">Fernando Alonso\u00a0<\/strong>dialog\u00f3 con la prensa\u00a0en la previa al inicio de la actividad, en el marco del Media Day en Austin, y fue contundente sobre su opini\u00f3n con la transmisi\u00f3n de la carrera.<\/p>\n<p>&#13;<br \/>\n&#13;<\/p>\n<p bis_size=\"{&quot;x&quot;:20,&quot;y&quot;:108,&quot;w&quot;:850,&quot;h&quot;:41,&quot;abs_x&quot;:293,&quot;abs_y&quot;:844}\"><img decoding=\"async\" alt=\"Fernando Alonso sits in a press conference wearing a green Aston Martin Formula One Team cap and matching team shirt with sponsor logos including Aramco and Valvoline. He holds a black microphone labeled FIA World Championship and speaks into it. The background features a black banner with white text for Formula 1 and USGP 2019 branding.\" src=\"https:\/\/www.europesays.com\/es\/wp-content\/uploads\/2025\/10\/G3ZwCKhXMAAcNPN\" style=\"height:800px; width:800px\"\/><\/p>\n<p>&#13;<br \/>\n&#13;<\/p>\n<p bis_size=\"{&quot;x&quot;:20,&quot;y&quot;:163,&quot;w&quot;:850,&quot;h&quot;:20,&quot;abs_x&quot;:293,&quot;abs_y&quot;:899}\"><strong bis_size=\"{&quot;x&quot;:20,&quot;y&quot;:166,&quot;w&quot;:594,&quot;h&quot;:14,&quot;abs_x&quot;:293,&quot;abs_y&quot;:902}\">\u00abA veces se escogen pobremente los cortes de radio. Creo que se sacan de contexto en el 99%\u00bb<\/strong>, afirm\u00f3 el asturiano.<\/p>\n<p>&#13;<br \/>\n&#13;<\/p>\n<p bis_size=\"{&quot;x&quot;:20,&quot;y&quot;:196,&quot;w&quot;:850,&quot;h&quot;:41,&quot;abs_x&quot;:293,&quot;abs_y&quot;:932}\">A su vez, remarc\u00f3: <strong bis_size=\"{&quot;x&quot;:131,&quot;y&quot;:200,&quot;w&quot;:673,&quot;h&quot;:14,&quot;abs_x&quot;:404,&quot;abs_y&quot;:936}\">\u00abSi las radios son las protagonistas, quiere decir que la carrera ha sido POBRE en cuanto a entretenimiento.\u00a0<\/strong>El deporte tiene que mejorar en ese aspecto\u00bb.<\/p>\n<p>\n  Lo mas le\u00eddo<\/p>\n","protected":false},"excerpt":{"rendered":"F\u00f3rmula 1 Fernando Alonso dialog\u00f3 con la prensa en medio del Media Day del Gran Premio de Estados&hellip;\n","protected":false},"author":2,"featured_media":181272,"comment_status":"","ping_status":"","sticky":false,"template":"","format":"standard","meta":{"footnotes":""},"categories":[270],"tags":[168,25,24,4636,306,271,272,23,167],"class_list":{"0":"post-181271","1":"post","2":"type-post","3":"status-publish","4":"format-standard","5":"has-post-thumbnail","7":"category-formula-1","8":"tag-deportes","9":"tag-es","10":"tag-espana","11":"tag-frmula-1","12":"tag-f1","13":"tag-formula-1","14":"tag-formula1","15":"tag-spain","16":"tag-sports"},"share_on_mastodon":{"url":"","error":""},"_links":{"self":[{"href":"https:\/\/www.europesays.com\/es\/wp-json\/wp\/v2\/posts\/181271","targetHints":{"allow":["GET"]}}],"collection":[{"href":"https:\/\/www.europesays.com\/es\/wp-json\/wp\/v2\/posts"}],"about":[{"href":"https:\/\/www.europesays.com\/es\/wp-json\/wp\/v2\/types\/post"}],"author":[{"embeddable":true,"href":"https:\/\/www.europesays.com\/es\/wp-json\/wp\/v2\/users\/2"}],"replies":[{"embeddable":true,"href":"https:\/\/www.europesays.com\/es\/wp-json\/wp\/v2\/comments?post=181271"}],"version-history":[{"count":0,"href":"https:\/\/www.europesays.com\/es\/wp-json\/wp\/v2\/posts\/181271\/revisions"}],"wp:featuredmedia":[{"embeddable":true,"href":"https:\/\/www.europesays.com\/es\/wp-json\/wp\/v2\/media\/181272"}],"wp:attachment":[{"href":"https:\/\/www.europesays.com\/es\/wp-json\/wp\/v2\/media?parent=181271"}],"wp:term":[{"taxonomy":"category","embeddable":true,"href":"https:\/\/www.europesays.com\/es\/wp-json\/wp\/v2\/categories?post=181271"},{"taxonomy":"post_tag","embeddable":true,"href":"https:\/\/www.europesays.com\/es\/wp-json\/wp\/v2\/tags?post=181271"}],"curies":[{"name":"wp","href":"https:\/\/api.w.org\/{rel}","templated":true}]}}