{"id":181281,"date":"2025-10-16T19:28:11","date_gmt":"2025-10-16T19:28:11","guid":{"rendered":"https:\/\/www.europesays.com\/es\/181281\/"},"modified":"2025-10-16T19:28:11","modified_gmt":"2025-10-16T19:28:11","slug":"el-escritor-madrileno-jesus-benitez-presenta-en-madrid-su-libro-conversaciones-con-mi-abuelo-andres","status":"publish","type":"post","link":"https:\/\/www.europesays.com\/es\/181281\/","title":{"rendered":"El escritor madrile\u00f1o Jes\u00fas Ben\u00edtez presenta en Madrid su libro Conversaciones con mi abuelo Andr\u00e9s"},"content":{"rendered":"<p>La sede de la <strong>Editorial Sial Pigmali\u00f3n<\/strong> acogi\u00f3 la presentaci\u00f3n del libro <strong>Conversaciones con mi abuelo Andr\u00e9s<\/strong>, del escritor y abogado <strong>Jes\u00fas Ben\u00edtez Ben\u00edtez<\/strong>, galardonado con el <strong>Premio Internacional de Biograf\u00eda y Memorias \u201cStefan Zweig\u201d 2025.<\/strong><\/p>\n<p>Durante el acto, en el que el autor recibi\u00f3 oficialmente el reconocimiento, se destac\u00f3 el valor literario y humano de una obra que rescata los recuerdos, reflexiones y aprendizajes compartidos entre un nieto y su abuelo durante las d\u00e9cadas de los sesenta y setenta en Espa\u00f1a.<\/p>\n<p>Un homenaje al pensamiento libre y a la memoria familiar<\/p>\n<p>El evento fue conducido por <strong>Basilio Rodr\u00edguez Ca\u00f1ada<\/strong>, presidente del Grupo Editorial Sial Pigmali\u00f3n, acompa\u00f1ado por <strong>Francisco Rodr\u00edguez Carbajo<\/strong>, catedr\u00e1tico de la UNED y director del Aula Literaria del grupo, y <strong>Julieta Deossa<\/strong>, artista gr\u00e1fica y poeta.<\/p>\n<p>Tambi\u00e9n intervinieron <strong>Esther Ben\u00edtez<\/strong>, hija del autor; <strong>Armando Lozano<\/strong>, director de Espacio Ronda, quien represent\u00f3 la figura del abuelo; el ilustrador<strong> Marcelino Cort\u00e9s Mart\u00ednez<\/strong>, y <strong>Luis Ben\u00edtez,<\/strong> primo del escritor, quienes aportaron perspectivas personales sobre la obra y la trayectoria de Jes\u00fas Ben\u00edtez.<\/p>\n<p>Una conversaci\u00f3n entre generaciones sobre la vida, la ciencia y la libertad<\/p>\n<p>En Conversaciones con mi abuelo Andr\u00e9s, Ben\u00edtez recrea los di\u00e1logos que mantuvo en su ni\u00f1ez con un abuelo sabio y tolerante, un librepensador que ense\u00f1\u00f3 al peque\u00f1o a mirar el mundo con curiosidad y esp\u00edritu cr\u00edtico.<br \/>A trav\u00e9s de estas charlas, ambos reflexionan sobre historia, ciencia, filosof\u00eda y moral, con el trasfondo de una Espa\u00f1a a\u00fan marcada por los prejuicios y la rigidez social de su tiempo.<\/p>\n<p>El autor ofrece una mirada honesta sobre la b\u00fasqueda de la verdad, la importancia de la educaci\u00f3n y el papel de la ciencia como nueva forma de fe en la sociedad contempor\u00e1nea. El libro invita al lector a participar de ese di\u00e1logo generacional y a descubrir la trascendencia del amor, la paciencia y la libertad de pensamiento.<\/p>\n<p>Una trayectoria literaria marcada por la reflexi\u00f3n y la sensibilidad<\/p>\n<p>Nacido en Madrid en 1957, Jes\u00fas Ben\u00edtez Ben\u00edtez ha desarrollado una extensa carrera profesional en el \u00e1mbito jur\u00eddico, empresarial y cultural, con una destacada vinculaci\u00f3n a la docencia, el medio ambiente y la investigaci\u00f3n.<br \/>Su trayectoria literaria incluye t\u00edtulos como V\u00e9rtigo, el encuentro de una vida (2005), El proyecto del pasaporte planetario (2007), El viejo del tren (2017) o 2060 (2024), entre otros. En poes\u00eda, public\u00f3 El laberinto de los pensamientos imaginados (2011), y en ensayo Lexic\u00f3n, la crisis de valores en Occidente (2018).<\/p>\n<p>Con Conversaciones con mi abuelo Andr\u00e9s, Ben\u00edtez ampl\u00eda y revisa su anterior trabajo Historias con mi abuelo Andr\u00e9s (2020), para ofrecer una versi\u00f3n m\u00e1s madura, profunda y literariamente depurada, destinada a emocionar y hacer reflexionar al lector.<\/p>\n<p>Una obra que busca emocionar y hacer pensar<\/p>\n<p>El autor explic\u00f3 que su prop\u00f3sito es \u201ccompartir con los lectores una observaci\u00f3n sincera de la existencia y rescatar el valor de la palabra como veh\u00edculo de entendimiento entre generaciones\u201d.<\/p>\n<p>Conversaciones con mi abuelo Andr\u00e9s se presenta, as\u00ed, como una invitaci\u00f3n a detenerse en lo esencial: el amor, la curiosidad y la capacidad humana de aprender unos de otros.<\/p>\n<p>El acto concluy\u00f3 con la <strong>entrega del Premio Internacional \u201cStefan Zweig\u201d 2025<\/strong>, un reconocimiento que sit\u00faa a Ben\u00edtez entre las voces m\u00e1s destacadas de la narrativa biogr\u00e1fica y memorialista en lengua espa\u00f1ola.<\/p>\n","protected":false},"excerpt":{"rendered":"La sede de la Editorial Sial Pigmali\u00f3n acogi\u00f3 la presentaci\u00f3n del libro Conversaciones con mi abuelo Andr\u00e9s, del&hellip;\n","protected":false},"author":2,"featured_media":181282,"comment_status":"","ping_status":"","sticky":false,"template":"","format":"standard","meta":{"footnotes":""},"categories":[172],"tags":[224,43344,209,146,147,25,24,15890,43343,225,8594,23],"class_list":{"0":"post-181281","1":"post","2":"type-post","3":"status-publish","4":"format-standard","5":"has-post-thumbnail","7":"category-libros","8":"tag-books","9":"tag-cronica-cultural-por-jose-bello","10":"tag-cultura","11":"tag-entertainment","12":"tag-entretenimiento","13":"tag-es","14":"tag-espana","15":"tag-grupo-editorial-sial-pigmalion","16":"tag-jose-bello-aliaga","17":"tag-libros","18":"tag-presentacion-libro","19":"tag-spain"},"share_on_mastodon":{"url":"","error":""},"_links":{"self":[{"href":"https:\/\/www.europesays.com\/es\/wp-json\/wp\/v2\/posts\/181281","targetHints":{"allow":["GET"]}}],"collection":[{"href":"https:\/\/www.europesays.com\/es\/wp-json\/wp\/v2\/posts"}],"about":[{"href":"https:\/\/www.europesays.com\/es\/wp-json\/wp\/v2\/types\/post"}],"author":[{"embeddable":true,"href":"https:\/\/www.europesays.com\/es\/wp-json\/wp\/v2\/users\/2"}],"replies":[{"embeddable":true,"href":"https:\/\/www.europesays.com\/es\/wp-json\/wp\/v2\/comments?post=181281"}],"version-history":[{"count":0,"href":"https:\/\/www.europesays.com\/es\/wp-json\/wp\/v2\/posts\/181281\/revisions"}],"wp:featuredmedia":[{"embeddable":true,"href":"https:\/\/www.europesays.com\/es\/wp-json\/wp\/v2\/media\/181282"}],"wp:attachment":[{"href":"https:\/\/www.europesays.com\/es\/wp-json\/wp\/v2\/media?parent=181281"}],"wp:term":[{"taxonomy":"category","embeddable":true,"href":"https:\/\/www.europesays.com\/es\/wp-json\/wp\/v2\/categories?post=181281"},{"taxonomy":"post_tag","embeddable":true,"href":"https:\/\/www.europesays.com\/es\/wp-json\/wp\/v2\/tags?post=181281"}],"curies":[{"name":"wp","href":"https:\/\/api.w.org\/{rel}","templated":true}]}}