{"id":181293,"date":"2025-10-16T19:34:09","date_gmt":"2025-10-16T19:34:09","guid":{"rendered":"https:\/\/www.europesays.com\/es\/181293\/"},"modified":"2025-10-16T19:34:09","modified_gmt":"2025-10-16T19:34:09","slug":"la-cantautora-valeria-castro-anuncia-su-retirada-temporal-tras-su-actuacion-en-ot-todo-esto-es-imposible-de-gestionar-cultura","status":"publish","type":"post","link":"https:\/\/www.europesays.com\/es\/181293\/","title":{"rendered":"La cantautora Valeria Castro anuncia su retirada temporal tras su actuaci\u00f3n en \u2018OT\u2019: \u201cTodo esto es imposible de gestionar\u201d | Cultura"},"content":{"rendered":"<p class=\"\"><a href=\"https:\/\/elpais.com\/television\/2025-10-15\/os-deberiais-lavar-la-boca-con-lejia-viva-suecia-y-otros-artistas-apoyan-a-valeria-castro-tras-las-criticas-recibidas-por-su-actuacion-en-ot.html\" target=\"_self\" rel=\"nofollow noopener\" title=\"https:\/\/elpais.com\/television\/2025-10-15\/os-deberiais-lavar-la-boca-con-lejia-viva-suecia-y-otros-artistas-apoyan-a-valeria-castro-tras-las-criticas-recibidas-por-su-actuacion-en-ot.html\">Tres d\u00edas despu\u00e9s de su actuaci\u00f3n el lunes en OT, <\/a>que fue muy criticada en redes sociales, la cantante canaria Valeria Castro (Los Llanos de Aridane, 26 a\u00f1os) ha anunciado en un comunicado por Instagram su retirada temporal: \u201cLos \u00faltimos meses no han sido f\u00e1ciles para m\u00ed y las \u00faltimas semanas, de manera progresiva, todo se me ha ido agarrando a la garganta. El agotamiento y mi salud mental, que se ha ido mermando, me han ido apagando poquito a poco. Por mucho que haya intentado dar lo mejor de m\u00ed en cada escenario al que me he subido, hay veces en las que todo esto es imposible de gestionar\u00bb.<\/p>\n<p>M\u00e1s informaci\u00f3n<\/p>\n<p class=\"\">Se refer\u00eda a mensajes en X como \u201c\u00bfSe puede nominar a Valeria Castro?\u201d o \u201c\u00bfPor qu\u00e9 Valeria Castro est\u00e1 cantando c\u00f3mo si tuviera un polvor\u00f3n en la boca?\u00bb tras la actuaci\u00f3n de la artista canaria en la \u00faltima gala de Operaci\u00f3n Triunfo. La cantante sali\u00f3 al escenario del programa musical el lunes a interpretar en directo su tema junto a Dani Fern\u00e1ndez, \u00bfY si lo hacemos?, y muchos de los comentarios en redes se centraron en la actuaci\u00f3n de Castro.<\/p>\n<p class=\"\"><a href=\"https:\/\/elpais.com\/television\/2025-10-14\/gala-4-de-operacion-triunfo-lagrimas-el-romance-que-no-es-y-una-bajada-del-cielo-al-infierno.html\" rel=\"nofollow noopener\" title=\"https:\/\/elpais.com\/television\/2025-10-14\/gala-4-de-operacion-triunfo-lagrimas-el-romance-que-no-es-y-una-bajada-del-cielo-al-infierno.html\" target=\"_blank\">En la cr\u00edtica de la gala que public\u00f3 EL PA\u00cdS, Eva G\u00fcimil tambi\u00e9n destac\u00f3 ese momento<\/a>: \u00abNo es la primera vez que uno de los artistas invitados merece la nominaci\u00f3n, aunque tal vez nadie ha hecho m\u00e1s esfuerzos para ello que Valeria Castro y su interpretaci\u00f3n mitad cursiva y mitad falta de ox\u00edgeno\u00bb. E invit\u00f3 a indagar en su trabajo musical: \u201cSi alguien la ha visto por primera vez, que escuche la preciosa <a href=\"https:\/\/www.youtube.com\/watch?v=oo0kip8uhYU\" rel=\"nofollow noopener\" title=\"https:\/\/www.youtube.com\/watch?v=oo0kip8uhYU \" target=\"_blank\">Hoxe, ma\u00f1\u00e1 e sempre<\/a> que canta con Tanxugueiras, o cualquiera de su \u00faltimo disco El cuerpo despu\u00e9s de todo, y seguro que se reconcilia con ella\u00bb.<\/p>\n<p class=\"\">En el comunicado de este jueves, la cantautora aseguraba: \u201cAconsejada por expertos, me veo obligada a tomar una peque\u00f1a pausa en este camino para recuperarme f\u00edsica y mentalmente; tengo claro que en ning\u00fan sitio soy tan feliz como encima de un escenario, pero tambi\u00e9n creo que les debo a ustedes y a m\u00ed misma hacerlo desde el estado y el lugar que merece. Es por eso que no me queda otra que reubicar los conciertos de los pr\u00f3ximos meses de octubre y noviembre entre diciembre y febrero, as\u00ed como la gira de Latinoam\u00e9rica, que pasar\u00e1 a primavera\u201d.<\/p>\n<p class=\"\">Queda claro que es un descanso temporal: \u201cNecesito parar para que esto siga teniendo sentido y poder volver con fuerza, porque lo har\u00e9 [&#8230;]. Gracias de todo coraz\u00f3n por la comprensi\u00f3n y el cari\u00f1o que he recibido estos d\u00edas\u201d.<\/p>\n<p class=\"\">En todo caso, el mismo lunes, tras las cr\u00edticas surgieron numerosos mensajes de apoyo. Como <a href=\"https:\/\/x.com\/_anapastor_\/status\/1978193349682065601\" rel=\"nofollow\" title=\"https:\/\/x.com\/_anapastor_\/status\/1978193349682065601\">el de la periodista Ana Pastor<\/a>: \u201cEn un mundo lleno de ruido y odio, viva la gente que sale en defensa de la bondad y la ternura\u201d. Y por supuesto, el de su compa\u00f1ero Dani Fern\u00e1ndez, que fue el primero en salir a defender su interpretaci\u00f3n ante unos comentarios que consider\u00f3, estaban hechos desde el \u201cdesconocimiento de lo que realmente pasa\u201d y por parte de gente que \u201cse esconde tras el anonimato de las redes\u201d.\u00bbLos artistas somos m\u00e1s que una actuaci\u00f3n, una nota o un momento televisivo\u2026 Juzgarnos por una fotograf\u00eda tan est\u00e1tica de nuestro trabajo es perverso\u00bb, insisti\u00f3.<\/p>\n<p><img decoding=\"auto\" class=\"_re lazyload a_m-h\" height=\"234\"  width=\"414\"  src=\"https:\/\/www.europesays.com\/es\/wp-content\/uploads\/2025\/10\/Q2MLGH6DY5G5BGPC5J4DTZKTLM.png\" loading=\"lazy\"\/>Valeria Castro, en &#8216;Operaci\u00f3n Triunfo&#8217;.<\/p>\n<p class=\"\">Artistas como Viva Suecia y otras caras visibles no tardaron en poner en valor la trayectoria de la artista. El grupo murciano public\u00f3 un mensaje directo a los cr\u00edticos en el que alabaron a Castro: \u201cNo sabemos qu\u00e9 ha pasado, pero os deber\u00edais lavar la boca con lej\u00eda antes de perder el respeto y la empat\u00eda ante persona tan maravillosa\u201d.<\/p>\n<p class=\"\"><a href=\"https:\/\/elpais.com\/smoda\/placeres\/2025-03-15\/valeria-castro-he-sido-muy-cruel-con-mi-cuerpo.html#?rel=mas_sumario\" target=\"_self\" rel=\"nofollow noopener\" title=\"https:\/\/elpais.com\/smoda\/placeres\/2025-03-15\/valeria-castro-he-sido-muy-cruel-con-mi-cuerpo.html#?rel=mas_sumario\">Valeria Castro,<\/a> que fue nominada en los pasados premios Goya en la categor\u00eda a mejor Canci\u00f3n Original por El borde del mundo, sac\u00f3 en marzo El cuerpo despu\u00e9s de todo, un \u00e1lbum muy \u00edntimo en el que desnuda su alma y expone sus inseguridades. Por ah\u00ed va la despedida de la artista en el comunicado, porque lo hace con un fragmento de su tema Globo, acompa\u00f1ado de este texto: \u201cLas cosas que me pasan siempre las s\u00e9 nombrar primero en canciones, all\u00e1 por febrero escrib\u00eda esto, que hoy toma m\u00e1s sentido que nunca\u201d.<\/p>\n","protected":false},"excerpt":{"rendered":"Tres d\u00edas despu\u00e9s de su actuaci\u00f3n el lunes en OT, que fue muy criticada en redes sociales, la&hellip;\n","protected":false},"author":2,"featured_media":181294,"comment_status":"","ping_status":"","sticky":false,"template":"","format":"standard","meta":{"footnotes":""},"categories":[91],"tags":[3061,51463,209,146,147,25,24,185,222,1922,23,51462],"class_list":{"0":"post-181293","1":"post","2":"type-post","3":"status-publish","4":"format-standard","5":"has-post-thumbnail","7":"category-entretenimiento","8":"tag-cantantes","9":"tag-cantautores","10":"tag-cultura","11":"tag-entertainment","12":"tag-entretenimiento","13":"tag-es","14":"tag-espana","15":"tag-musica","16":"tag-operacion-triunfo","17":"tag-redes-sociales","18":"tag-spain","19":"tag-valeria-castro"},"share_on_mastodon":{"url":"","error":""},"_links":{"self":[{"href":"https:\/\/www.europesays.com\/es\/wp-json\/wp\/v2\/posts\/181293","targetHints":{"allow":["GET"]}}],"collection":[{"href":"https:\/\/www.europesays.com\/es\/wp-json\/wp\/v2\/posts"}],"about":[{"href":"https:\/\/www.europesays.com\/es\/wp-json\/wp\/v2\/types\/post"}],"author":[{"embeddable":true,"href":"https:\/\/www.europesays.com\/es\/wp-json\/wp\/v2\/users\/2"}],"replies":[{"embeddable":true,"href":"https:\/\/www.europesays.com\/es\/wp-json\/wp\/v2\/comments?post=181293"}],"version-history":[{"count":0,"href":"https:\/\/www.europesays.com\/es\/wp-json\/wp\/v2\/posts\/181293\/revisions"}],"wp:featuredmedia":[{"embeddable":true,"href":"https:\/\/www.europesays.com\/es\/wp-json\/wp\/v2\/media\/181294"}],"wp:attachment":[{"href":"https:\/\/www.europesays.com\/es\/wp-json\/wp\/v2\/media?parent=181293"}],"wp:term":[{"taxonomy":"category","embeddable":true,"href":"https:\/\/www.europesays.com\/es\/wp-json\/wp\/v2\/categories?post=181293"},{"taxonomy":"post_tag","embeddable":true,"href":"https:\/\/www.europesays.com\/es\/wp-json\/wp\/v2\/tags?post=181293"}],"curies":[{"name":"wp","href":"https:\/\/api.w.org\/{rel}","templated":true}]}}