{"id":181298,"date":"2025-10-16T19:38:11","date_gmt":"2025-10-16T19:38:11","guid":{"rendered":"https:\/\/www.europesays.com\/es\/181298\/"},"modified":"2025-10-16T19:38:11","modified_gmt":"2025-10-16T19:38:11","slug":"detenido-un-hombre-como-presunto-autor-del-homicidio-por-asfixia-de-una-mujer-en-zarautz","status":"publish","type":"post","link":"https:\/\/www.europesays.com\/es\/181298\/","title":{"rendered":"Detenido un hombre como presunto autor del homicidio por asfixia de una mujer en Zarautz"},"content":{"rendered":"<p class=\"v-mdl-ath__p v-mdl-ath__p--2\">\nMiguel \u00c1ngel Mata, Ainhoa Mu\u00f1oz, Lara Ochoa y Aitor Ansa\n<\/p>\n<p class=\"v-mdl-ath__p v-mdl-ath__p--6\">\nJueves, 16 de octubre 2025, 16:48<\/p>\n<p>| Actualizado 20:22h.<\/p>\n<p class=\"v-p\">n hombre de 47 a\u00f1os ha sido detenido por el presunto homicidio de una mujer de 53 en un domicilio del barrio Indamendi de Zarautz. Las primeras investigaciones llevadas a cabo por la Ertzaintza apuntan a que no se tratar\u00eda de un crimen de violencia de g\u00e9nero, ya que no hay indicios de que entre la fallecida y el arrestado hubiera relaci\u00f3n sentimental o de afectividad, aunque s\u00ed podr\u00edan conocerse de antemano. No obstante, al ser la v\u00edctima una mujer, las instituciones han condenado este jueves el suceso calific\u00e1ndolo como \u00abasesinato machista\u00bb. Fuentes pr\u00f3ximas a la investigaci\u00f3n a\u00f1aden que tanto en el caso del var\u00f3n como en el de la mujer se trata de personas drogodependientes. La Polic\u00eda auton\u00f3mica vasca investiga las causas del presunto homicidio que, seg\u00fan las primeras pesquisas, se habr\u00eda producido por asfixia.<\/p>\n<p class=\"v-p\">Seg\u00fan ha informado este jueves el departamento vasco de Seguridad, la Ertzaintza recibi\u00f3 el mi\u00e9rcoles por la noche el aviso de la existencia de una mujer fallecida en una vivienda de la localidad costera. Inmediatamente se inici\u00f3 una investigaci\u00f3n que tras las primeras pesquisas ha llevado a la detenci\u00f3n, por un presunto delito de homicidio, de un hombre de 47 a\u00f1os. Tanto este como la v\u00edctima son de nacionalidad espa\u00f1ola.<\/p>\n<p class=\"v-p\">Al ser la v\u00edctima una mujer, las instituciones han condenado este jueves el suceso calific\u00e1ndolo como \u00abasesinato machista\u00bb. El alcalde de Zarautz, Xabier Txurruka, ha le\u00eddo un comunicado en el que ha expresado su \u00abm\u00e1xima condena y m\u00e1s profunda indignaci\u00f3n ante el asesinato machista conocido recientemente\u00bb y ha a\u00f1adido que desde el Ayuntamiento se \u00abdenuncia y rechaza rotundamente todas las violencias machistas que sufren las mujeres\u00bb.<\/p>\n<p class=\"v-p\">La diputada general de Gipuzkoa, Eider Mendoza, tambi\u00e9n se ha sumado a la repulsa manifestando su \u00abprofundo dolor y total repulsa\u00bb. Adem\u00e1s, ha mostrado su \u00absolidaridad y apoyo a las y los familiares y personas cercanas de la v\u00edctima. Hoy es un d\u00eda de luto para Gipuzkoa. Debemos alzar la voz, con m\u00e1s fuerza que nunca, para reiterar que la violencia contra las mujeres no tiene cabida en nuestra sociedad ni en ning\u00fan lugar del mundo. Seguiremos trabajando sin descanso hasta erradicarla por completo\u00bb. Las instituciones han convocado una concentraci\u00f3n de repulsa para este viernes a las 19.00 horas en Lege Zaharren Plaza de Zarautz.<\/p>\n<p class=\"v-p\">La Asociaci\u00f3n de Municipios Vascos (Eudel) se ha sumado a los actos de repulsa convocados para condenar el \u00abasesinato machista\u00bb y ha llamado a \u00abreforzar la prevenci\u00f3n y sensibilizaci\u00f3n\u00bb para \u00abhacer efectiva la igualdad\u00bb. La entidad ha expresado su \u00abm\u00e1s en\u00e9rgica repulsa y condena\u00bb ante el suceso y ha se\u00f1alado que la violencia que \u00aben sus diferentes formas se ejerce contra las mujeres, psicol\u00f3gica, econ\u00f3mica, f\u00edsica, sexual o vicaria\u00bb, supone \u00abun serio atentado contra su dignidad e integridad f\u00edsica y moral\u00bb.<\/p>\n<p class=\"v-p\">Tambi\u00e9n el Instituto Vasco de la Mujer (Emakunde) ha condenado firmemente el presunto asesinato y ha mostrado su apoyo a la familia y al entorno m\u00e1s cercano de la v\u00edctima, al tiempo que ha animado a la ciudadan\u00eda a mostrar su repulsa. Emakunde ha explicado que ha puesto en marcha el protocolo que se activa en estos casos y participar\u00e1 junto con las y los representantes de la Comisi\u00f3n de seguimiento del III Acuerdo Interinstitucional para la coordinaci\u00f3n de la atenci\u00f3n a v\u00edctimas de violencia machista.<\/p>\n<p>Reporta un error<\/p>\n","protected":false},"excerpt":{"rendered":"Miguel \u00c1ngel Mata, Ainhoa Mu\u00f1oz, Lara Ochoa y Aitor Ansa Jueves, 16 de octubre 2025, 16:48 | Actualizado&hellip;\n","protected":false},"author":2,"featured_media":181299,"comment_status":"","ping_status":"","sticky":false,"template":"","format":"standard","meta":{"footnotes":""},"categories":[8],"tags":[988,17,18,8838,25,24,13,14,11,366,24733,19,20,2461,9,10,15,16,15039,23,12,21,22,13687],"class_list":{"0":"post-181298","1":"post","2":"type-post","3":"status-publish","4":"format-standard","5":"has-post-thumbnail","7":"category-espana","8":"tag-anos","9":"tag-breaking-news","10":"tag-breakingnews","11":"tag-detenido","12":"tag-es","13":"tag-espana","14":"tag-featured-news","15":"tag-featurednews","16":"tag-headlines","17":"tag-hombre","18":"tag-homicidio","19":"tag-latest-news","20":"tag-latestnews","21":"tag-mujer","22":"tag-news","23":"tag-noticias","24":"tag-noticias-destacadas","25":"tag-noticiasdestacadas","26":"tag-presunto","27":"tag-spain","28":"tag-titulares","29":"tag-ultimas-noticias","30":"tag-ultimasnoticias","31":"tag-zarautz"},"share_on_mastodon":{"url":"","error":""},"_links":{"self":[{"href":"https:\/\/www.europesays.com\/es\/wp-json\/wp\/v2\/posts\/181298","targetHints":{"allow":["GET"]}}],"collection":[{"href":"https:\/\/www.europesays.com\/es\/wp-json\/wp\/v2\/posts"}],"about":[{"href":"https:\/\/www.europesays.com\/es\/wp-json\/wp\/v2\/types\/post"}],"author":[{"embeddable":true,"href":"https:\/\/www.europesays.com\/es\/wp-json\/wp\/v2\/users\/2"}],"replies":[{"embeddable":true,"href":"https:\/\/www.europesays.com\/es\/wp-json\/wp\/v2\/comments?post=181298"}],"version-history":[{"count":0,"href":"https:\/\/www.europesays.com\/es\/wp-json\/wp\/v2\/posts\/181298\/revisions"}],"wp:featuredmedia":[{"embeddable":true,"href":"https:\/\/www.europesays.com\/es\/wp-json\/wp\/v2\/media\/181299"}],"wp:attachment":[{"href":"https:\/\/www.europesays.com\/es\/wp-json\/wp\/v2\/media?parent=181298"}],"wp:term":[{"taxonomy":"category","embeddable":true,"href":"https:\/\/www.europesays.com\/es\/wp-json\/wp\/v2\/categories?post=181298"},{"taxonomy":"post_tag","embeddable":true,"href":"https:\/\/www.europesays.com\/es\/wp-json\/wp\/v2\/tags?post=181298"}],"curies":[{"name":"wp","href":"https:\/\/api.w.org\/{rel}","templated":true}]}}