{"id":181310,"date":"2025-10-16T19:45:07","date_gmt":"2025-10-16T19:45:07","guid":{"rendered":"https:\/\/www.europesays.com\/es\/181310\/"},"modified":"2025-10-16T19:45:07","modified_gmt":"2025-10-16T19:45:07","slug":"paula-ostiz-ya-esta-en-casa","status":"publish","type":"post","link":"https:\/\/www.europesays.com\/es\/181310\/","title":{"rendered":"Paula Ostiz ya est\u00e1 en casa"},"content":{"rendered":"<p class=\"paragraph\">El tren desde Madrid ha llegado puntual esta tarde de jueves 16 de octubre. Cantidad de viajeros se han apeado <b>en el and\u00e9n de Pamplona<\/b> y muchos se han sorprendido a ver un grupo de gente que miraba hacia los vagones con insistencia. Le esperaban a ella, a<b> Paula Ostiz, la campeona del mundo j\u00fanior de ciclismo<\/b> que llegaba a casa con cuatro medallas en sus maletas:<b> tres oros y una plata.<\/b><\/p>\n<p class=\"paragraph\">Casi dos meses despu\u00e9s la ciclista pamplonesa de 18 a\u00f1os ha regresado a su casa. Lo ha hecho con los<b> t\u00edtulos de campeona del mundo j\u00fanior en ruta, subcampeona del mundo de contrarreloj, campeona de Europa de ruta y tambi\u00e9n de contrarreloj<\/b>. Su<b> madre Jessica Taco<\/b> ha sido una de las primeras en abrazarle. Ella ha llegado arrastrando una maleta y con dos mochilas en sus hombros.<\/p>\n<p class=\"paragraph\">Enseguida, uno de los vecinos conocido de su familia <b>Josu Hern\u00e1ndez<\/b> ha entonado <b>una jota<\/b>, cuya letra ha escrito y dedicado a Paula Ostiz. Una vez fuera de la estaci\u00f3n <b>dos j\u00f3venes vecinas han bailado un aurresku<\/b>, y la campeona ha atendido todas aquellas peticiones de fotograf\u00edas y firma de aut\u00f3grafos que le han requerido.\u00a0<\/p>\n","protected":false},"excerpt":{"rendered":"El tren desde Madrid ha llegado puntual esta tarde de jueves 16 de octubre. Cantidad de viajeros se&hellip;\n","protected":false},"author":2,"featured_media":181311,"comment_status":"","ping_status":"","sticky":false,"template":"","format":"standard","meta":{"footnotes":""},"categories":[273],"tags":[385,313,312,168,25,24,874,43324,8464,23,167],"class_list":{"0":"post-181310","1":"post","2":"type-post","3":"status-publish","4":"format-standard","5":"has-post-thumbnail","7":"category-ciclismo","8":"tag-casa","9":"tag-ciclismo","10":"tag-cycling","11":"tag-deportes","12":"tag-es","13":"tag-espana","14":"tag-esta","15":"tag-ostiz","16":"tag-paula","17":"tag-spain","18":"tag-sports"},"share_on_mastodon":{"url":"","error":""},"_links":{"self":[{"href":"https:\/\/www.europesays.com\/es\/wp-json\/wp\/v2\/posts\/181310","targetHints":{"allow":["GET"]}}],"collection":[{"href":"https:\/\/www.europesays.com\/es\/wp-json\/wp\/v2\/posts"}],"about":[{"href":"https:\/\/www.europesays.com\/es\/wp-json\/wp\/v2\/types\/post"}],"author":[{"embeddable":true,"href":"https:\/\/www.europesays.com\/es\/wp-json\/wp\/v2\/users\/2"}],"replies":[{"embeddable":true,"href":"https:\/\/www.europesays.com\/es\/wp-json\/wp\/v2\/comments?post=181310"}],"version-history":[{"count":0,"href":"https:\/\/www.europesays.com\/es\/wp-json\/wp\/v2\/posts\/181310\/revisions"}],"wp:featuredmedia":[{"embeddable":true,"href":"https:\/\/www.europesays.com\/es\/wp-json\/wp\/v2\/media\/181311"}],"wp:attachment":[{"href":"https:\/\/www.europesays.com\/es\/wp-json\/wp\/v2\/media?parent=181310"}],"wp:term":[{"taxonomy":"category","embeddable":true,"href":"https:\/\/www.europesays.com\/es\/wp-json\/wp\/v2\/categories?post=181310"},{"taxonomy":"post_tag","embeddable":true,"href":"https:\/\/www.europesays.com\/es\/wp-json\/wp\/v2\/tags?post=181310"}],"curies":[{"name":"wp","href":"https:\/\/api.w.org\/{rel}","templated":true}]}}