{"id":181326,"date":"2025-10-16T19:53:10","date_gmt":"2025-10-16T19:53:10","guid":{"rendered":"https:\/\/www.europesays.com\/es\/181326\/"},"modified":"2025-10-16T19:53:10","modified_gmt":"2025-10-16T19:53:10","slug":"novedades-sobre-el-proximo-disco-de-the-cure-y-una-pelicula","status":"publish","type":"post","link":"https:\/\/www.europesays.com\/es\/181326\/","title":{"rendered":"Novedades sobre el pr\u00f3ximo disco de The Cure \u00bfY una pel\u00edcula?"},"content":{"rendered":"<p class=\"left paragraph font__body-regular\"><a href=\"https:\/\/tn.com.ar\/musica\/noticias\/2025\/08\/26\/se-cumplen-40-anos-de-the-head-on-the-door-de-the-cure-la-oscuridad-que-encontro-luz-con-el-pop\/\" target=\"_self\" rel=\"nofollow noopener\" title=\"https:\/\/tn.com.ar\/musica\/noticias\/2025\/08\/26\/se-cumplen-40-anos-de-the-head-on-the-door-de-the-cure-la-oscuridad-que-encontro-luz-con-el-pop\/\">The Cure<\/a> grab\u00f3 13 canciones<b> para un nuevo \u00e1lbum y trabaja en la realizaci\u00f3n de una pel\u00edcula<\/b> del concierto que brindaron en Troxy el a\u00f1o pasado.<\/p>\n<p class=\"left paragraph font__body-regular\">Algunos seguidores de la banda inglesa descubrieron la actualizaci\u00f3n de la biograf\u00eda de su sitio web donde incluyeron la salida en junio de Mixes Of A Lost World, un disco de remezclas de su trabajo Songs Of A Lost World, y la aparici\u00f3n del l\u00edder de<b> The Cure, Robert Smith,<\/b> como artista invitado durante la actuaci\u00f3n de <a href=\"https:\/\/tn.com.ar\/musica\/noticias\/2025\/06\/30\/olivia-rodrigo-invito-a-robert-smith-al-escenario-para-hacer-dos-clasicos-de-the-cure\/\" target=\"_self\" rel=\"nofollow noopener\" title=\"https:\/\/tn.com.ar\/musica\/noticias\/2025\/06\/30\/olivia-rodrigo-invito-a-robert-smith-al-escenario-para-hacer-dos-clasicos-de-the-cure\/\">Olivia Rodrigo en Glastonbury<\/a>.<\/p>\n<p class=\"left paragraph font__body-regular\"><b>Le\u00e9 tambi\u00e9n<\/b>: <a href=\"https:\/\/tn.com.ar\/musica\/noticias\/2025\/08\/26\/se-cumplen-40-anos-de-the-head-on-the-door-de-the-cure-la-oscuridad-que-encontro-luz-con-el-pop\/\" target=\"_self\" rel=\"nofollow noopener\" title=\"https:\/\/tn.com.ar\/musica\/noticias\/2025\/08\/26\/se-cumplen-40-anos-de-the-head-on-the-door-de-the-cure-la-oscuridad-que-encontro-luz-con-el-pop\/\">\u201cThe Head on the Door\u201d de The Cure, la oscuridad que encontr\u00f3 luz con el pop<\/a><\/p>\n<p class=\"left paragraph font__body-regular\">El legendario grupo confirm\u00f3 nuevos proyectos, incluyendo la continuaci\u00f3n de Songs Of A Lost World, algo que Smith lleva insinuando m\u00e1s de un a\u00f1o. La biograf\u00eda destac\u00f3: \u201c<b>En marzo de 2025, la banda regres\u00f3 a Rockfield Studios para grabar 13 canciones<\/b> m\u00e1s para un \u00e1lbum posterior\u201d.<\/p>\n<p class=\"left paragraph font__body-regular\">Tambi\u00e9n destaca que luego de su presentaci\u00f3n en Glastonbury, Smith volvi\u00f3 al estudio para ayudar en la edici\u00f3n de la pel\u00edcula \u201c<b>The Show Of A Lost World<\/b>\u201d. Seg\u00fan record\u00f3 NME, cuando sali\u00f3 el \u00faltimo disco de la banda, el a\u00f1o pasado, el cantante y guitarrista cont\u00f3 que ten\u00eda canciones listas para un pr\u00f3ximo disco. <\/p>\n<p class=\"left paragraph font__body-regular\">\u201cHay 13 canciones de aquellas sesiones no se publicaron.<b> Era un disco doble y la idea de \u20184:13 Dream\u2019 <\/b>era que fuera como un sue\u00f1o febril. Al final no fue as\u00ed. No era ni de lejos lo que yo quer\u00eda que fuera\u201d, destac\u00f3 Robert Smith.<\/p>\n<p>Olivia Rodrigo invit\u00f3 a Robert Smith al escenario para hacer dos cl\u00e1sicos de The Cure<\/p>\n<p class=\"left paragraph font__body-regular\">La estadounidense fue una de las importantes figuras que pasaron por la \u00faltima edici\u00f3n del <b>festival Glastonbury en Inglaterra<\/b>. Olivia Rodrigo cerr\u00f3 el escenario Pyramid en Worthy Farm. Pasaron tres a\u00f1os del debut de la artista en el importante evento.<\/p>\n<p class=\"left paragraph font__body-regular\">La exitosa cantante mostr\u00f3 su costado m\u00e1s rockero, con impresionantes versiones de \u201c<b>Obsessed\u201d<\/b> y <b>\u201cBallad of a Homeschooled Girl\u201d, <\/b>con impresionantes solos de guitarra. Despu\u00e9s de una emocionante interpretaci\u00f3n de \u201cVampire\u201d, Rodrigo cont\u00f3 al p\u00fablico: \u201c\u00a1Guau! No puedo expresarles el honor que es estar aqu\u00ed esta noche en este escenario. Es un sue\u00f1o hecho realidad; no puedo creer que esta sea mi vida ahora mismo\u201d.<\/p>\n<p class=\"left paragraph font__body-regular\"><b>\u201cDrivers License\u201d, <\/b>\u201cTraitor\u201d,<b> \u201cBad Idea Right?\u201d<\/b> y \u201cLove Is Embarrassing\u201d fueron algunos de los temas que sonaron. La gran sorpresa de set fue la aparici\u00f3n de un invitado especial, Robert Simtih. \u201cProbablemente el mejor compositor de Inglaterra\u201d, sostuvo la cantante delante de la multitud.<\/p>\n<p class=\"left paragraph font__body-regular\">Juntos <a href=\"https:\/\/tn.com.ar\/musica\/noticias\/2025\/06\/30\/olivia-rodrigo-invito-a-robert-smith-al-escenario-para-hacer-dos-clasicos-de-the-cure\/\" target=\"_self\" rel=\"nofollow noopener\" title=\"https:\/\/tn.com.ar\/musica\/noticias\/2025\/06\/30\/olivia-rodrigo-invito-a-robert-smith-al-escenario-para-hacer-dos-clasicos-de-the-cure\/\">interpretaron <\/a><b>\u201cFriday I\u2019m In Love\u201d<\/b> y <b>\u201cJust Like Heaven<\/b>\u201d, dos cl\u00e1sicos de The Cure. Otros de los temas de Rodrigo fueron \u2018So American\u2019, \u2018Brutal\u2019, \u2018Good 4 U\u2019 y \u2018Get Him Back!\u2019.<\/p>\n","protected":false},"excerpt":{"rendered":"The Cure grab\u00f3 13 canciones para un nuevo \u00e1lbum y trabaja en la realizaci\u00f3n de una pel\u00edcula del&hellip;\n","protected":false},"author":2,"featured_media":181327,"comment_status":"","ping_status":"","sticky":false,"template":"","format":"standard","meta":{"footnotes":""},"categories":[170],"tags":[146,147,25,24,184,185,23,19306],"class_list":{"0":"post-181326","1":"post","2":"type-post","3":"status-publish","4":"format-standard","5":"has-post-thumbnail","7":"category-musica","8":"tag-entertainment","9":"tag-entretenimiento","10":"tag-es","11":"tag-espana","12":"tag-music","13":"tag-musica","14":"tag-spain","15":"tag-the-cure"},"share_on_mastodon":{"url":"","error":""},"_links":{"self":[{"href":"https:\/\/www.europesays.com\/es\/wp-json\/wp\/v2\/posts\/181326","targetHints":{"allow":["GET"]}}],"collection":[{"href":"https:\/\/www.europesays.com\/es\/wp-json\/wp\/v2\/posts"}],"about":[{"href":"https:\/\/www.europesays.com\/es\/wp-json\/wp\/v2\/types\/post"}],"author":[{"embeddable":true,"href":"https:\/\/www.europesays.com\/es\/wp-json\/wp\/v2\/users\/2"}],"replies":[{"embeddable":true,"href":"https:\/\/www.europesays.com\/es\/wp-json\/wp\/v2\/comments?post=181326"}],"version-history":[{"count":0,"href":"https:\/\/www.europesays.com\/es\/wp-json\/wp\/v2\/posts\/181326\/revisions"}],"wp:featuredmedia":[{"embeddable":true,"href":"https:\/\/www.europesays.com\/es\/wp-json\/wp\/v2\/media\/181327"}],"wp:attachment":[{"href":"https:\/\/www.europesays.com\/es\/wp-json\/wp\/v2\/media?parent=181326"}],"wp:term":[{"taxonomy":"category","embeddable":true,"href":"https:\/\/www.europesays.com\/es\/wp-json\/wp\/v2\/categories?post=181326"},{"taxonomy":"post_tag","embeddable":true,"href":"https:\/\/www.europesays.com\/es\/wp-json\/wp\/v2\/tags?post=181326"}],"curies":[{"name":"wp","href":"https:\/\/api.w.org\/{rel}","templated":true}]}}