{"id":181351,"date":"2025-10-16T20:08:13","date_gmt":"2025-10-16T20:08:13","guid":{"rendered":"https:\/\/www.europesays.com\/es\/181351\/"},"modified":"2025-10-16T20:08:13","modified_gmt":"2025-10-16T20:08:13","slug":"fecha-horario-recorrido-y-formato-de-la-prueba-con-pogacar-vingegaard-roglic-y-del-toro","status":"publish","type":"post","link":"https:\/\/www.europesays.com\/es\/181351\/","title":{"rendered":"fecha, horario, recorrido y formato de la prueba con Pogacar, Vingegaard, Roglic y Del Toro"},"content":{"rendered":"<p class=\"ft-text\">Se acerca el esperado pistoletazo de salida del <strong>Andorra Cycling Masters, una competici\u00f3n dividida en dos pruebas que promete animar el final de temporada ciclista<\/strong>. El Principado reune a cuatro de las grandes figuras del ciclismo para que midan sus fuerzas en una cronoescalada y a trav\u00e9s de un circuito urbano a trav\u00e9s del coraz\u00f3n de Andorra La Vella.<\/p>\n<p class=\"ft-text\"><strong>Tadej Pogacar, Jonas Vingegaard, Primoz Roglic e Isaac del Toro<\/strong> dan forma a un cartel dif\u00edcilmente mejorable que se da cita en las monta\u00f1as de Andorra para calibrar a sus rivales una vez finalizada la temporada. Si bien es cierto que Tadej Pogacar llega al pa\u00eds en Estado de Gracia, los dos escenarios en los que se desarrollar\u00e1 el Andorra Cycling Masters son propicios para los otros tres contencientes.<\/p>\n<p class=\"ft-text\">Tanto la cronoescalada como el circuito urbano se llevar\u00e1n a cabo el pr\u00f3ximo domingo 19 de octubre en un evento que, <strong>a pesar de toda la expectaci\u00f3n que ha generado, s\u00f3lo se podr\u00e1 ver &#8216;in situ&#8217;<\/strong>. La organizaci\u00f3n facilitar\u00e1 im\u00e1genes y v\u00eddeos de las dos pruebas una vez finalizada la competici\u00f3n.<\/p>\n<p><img decoding=\"async\" src=\"https:\/\/www.europesays.com\/es\/wp-content\/uploads\/2025\/10\/bd897147-449d-4c25-905a-b957310c60b1_alta-libre-aspect-ratio_default_0.jpg\" width=\"1200\" height=\"675\" alt=\"El cartel del Andorra Cycling Masters\" class=\"ft-helper-img-rd\" loading=\"lazy\" hasdataaida=\"true\"\/><\/p>\n<p class=\"ft-helper-fontColor-quaternary ft-helper-fontSize-body-S ft-helper-spacer-t-xxs\">El cartel del Andorra Cycling Masters  \/ ACM<\/p>\n<p>\u00bfCu\u00e1l es el formato del Andorra Cycling Masters?<\/p>\n<p class=\"ft-text\">El Andorra Cycling Masters dar\u00e1 el esperado pistoletazo de salida <strong>el pr\u00f3ximo domingo 19 de octubre a partir de las 9:00 horas (CET)<\/strong> con la disputa de la <strong>cronoescalada<\/strong>, que llevar\u00e1 a los cuatro aspirantes a enfrentarse al m\u00edtico<strong> Coll de la Gallina.<\/strong><\/p>\n<p class=\"ft-text\"><strong>8,23 kil\u00f3metros de recorrido y 749 metros de desnivel <\/strong>dan forma a uno de los puertos m\u00e1s emblem\u00e1ticos del principado. La salida est\u00e1 situada en Bixessarri y, como es habitual, cada ciclista afrontar\u00e1 el ascenso en solitario.<\/p>\n<p class=\"ft-text\">Una vez finalizada la primera prueba, Pogacar, Vingegaard, Roglic y Del Toro acudir\u00e1n a la <strong>Pla\u00e7a del Consell General<\/strong>, <strong>d\u00f3nde tendr\u00e1 lugar la presentaci\u00f3n oficial del Andorra Cycling Masters<\/strong>. Este ser\u00e1 el punto de partida de la segunda parte del evento, un circuito urbano de <strong>2,14 kil\u00f3metros <\/strong>al que los corredores deber\u00e1n dar un total de <strong>15 vueltas,<\/strong> lo que eleva el recorrido total hasta los <strong>32,1 kil\u00f3metros<\/strong>.<\/p>\n<p class=\"ft-text\">Una vez cruzada la meta, ubicada junto a la iglesia de Escaldes-Engordany, <strong>la organizaci\u00f3n proceder\u00e1 con la entrega de premios<\/strong> a partir de las 12:30 horas (CET)<\/p>\n","protected":false},"excerpt":{"rendered":"Se acerca el esperado pistoletazo de salida del Andorra Cycling Masters, una competici\u00f3n dividida en dos pruebas que&hellip;\n","protected":false},"author":2,"featured_media":181352,"comment_status":"","ping_status":"","sticky":false,"template":"","format":"standard","meta":{"footnotes":""},"categories":[273],"tags":[10098,313,312,168,25,24,1151,21642,319,5126,549,1786,23,167,325],"class_list":{"0":"post-181351","1":"post","2":"type-post","3":"status-publish","4":"format-standard","5":"has-post-thumbnail","7":"category-ciclismo","8":"tag-andorra","9":"tag-ciclismo","10":"tag-cycling","11":"tag-deportes","12":"tag-es","13":"tag-espana","14":"tag-fecha","15":"tag-formato","16":"tag-horario","17":"tag-masters","18":"tag-pogacar","19":"tag-recorrido","20":"tag-spain","21":"tag-sports","22":"tag-vingegaard"},"share_on_mastodon":{"url":"","error":""},"_links":{"self":[{"href":"https:\/\/www.europesays.com\/es\/wp-json\/wp\/v2\/posts\/181351","targetHints":{"allow":["GET"]}}],"collection":[{"href":"https:\/\/www.europesays.com\/es\/wp-json\/wp\/v2\/posts"}],"about":[{"href":"https:\/\/www.europesays.com\/es\/wp-json\/wp\/v2\/types\/post"}],"author":[{"embeddable":true,"href":"https:\/\/www.europesays.com\/es\/wp-json\/wp\/v2\/users\/2"}],"replies":[{"embeddable":true,"href":"https:\/\/www.europesays.com\/es\/wp-json\/wp\/v2\/comments?post=181351"}],"version-history":[{"count":0,"href":"https:\/\/www.europesays.com\/es\/wp-json\/wp\/v2\/posts\/181351\/revisions"}],"wp:featuredmedia":[{"embeddable":true,"href":"https:\/\/www.europesays.com\/es\/wp-json\/wp\/v2\/media\/181352"}],"wp:attachment":[{"href":"https:\/\/www.europesays.com\/es\/wp-json\/wp\/v2\/media?parent=181351"}],"wp:term":[{"taxonomy":"category","embeddable":true,"href":"https:\/\/www.europesays.com\/es\/wp-json\/wp\/v2\/categories?post=181351"},{"taxonomy":"post_tag","embeddable":true,"href":"https:\/\/www.europesays.com\/es\/wp-json\/wp\/v2\/tags?post=181351"}],"curies":[{"name":"wp","href":"https:\/\/api.w.org\/{rel}","templated":true}]}}