{"id":181362,"date":"2025-10-16T20:14:11","date_gmt":"2025-10-16T20:14:11","guid":{"rendered":"https:\/\/www.europesays.com\/es\/181362\/"},"modified":"2025-10-16T20:14:11","modified_gmt":"2025-10-16T20:14:11","slug":"uwu-esto-son-los-mejores-y-peores-libros-premio-planeta-segun-los-lectores","status":"publish","type":"post","link":"https:\/\/www.europesays.com\/es\/181362\/","title":{"rendered":"UwU: Esto son los mejores y peores libros Premio Planeta, seg\u00fan los lectores"},"content":{"rendered":"<p class=\"paragraph text-xl pb-7 w-full text-pretty [&amp;_a]:text-link-normal dark:[&amp;_a]:text-link-dark [&amp;_a]:decoration-1 [&amp;_a:hover]:underline [&amp;_a:hover]:text-link-hover [&amp;_a:hover]:decoration-2 [&amp;_b_a]:text-link-normal dark:[&amp;_b_a]:text-link-dark [&amp;_b_a]:decoration-1 [&amp;_b_a:hover]:underline [&amp;_b_a:hover]:text-link-hover desktop:leading-relaxed break-words font-serif\" data-original-text-size=\"text-xl\"><b>El <a href=\"https:\/\/www.publico.es\/tag\/premio-planeta\" title=\"Premio Planeta\" rel=\"nofollow noopener\" target=\"_blank\">Premio Planeta<\/a> es fuente de controversia perenne.<\/b> Sin embargo, no se le puede achacar que no sea relevante. Los nombres de los ganadores son esperados cada edici\u00f3n con ah\u00ednco, <a href=\"https:\/\/www.publico.es\/tremending\/juan-val-gana-premio-planeta-2025-redes-estallan-tuits-memes-falta-medalla-trabajo-santiago-abascal.html\" title=\"Juan del Val gana el Premio Planeta 2025 y las redes estallan en tuits y memes: \" ya=\"\" solo=\"\" falta=\"\" la=\"\" medalla=\"\" al=\"\" trabajo=\"\" a=\"\" santiago=\"\" abascal=\"\" medal abasc rel=\"nofollow noopener\" target=\"_blank\">aunque sea para despotricar contra ellos<\/a>. Y las obras galardonadas se leen; se leen mucho. Probablemente, el principal problema sea su sistema de elecci\u00f3n. O mejor dicho, la performance que en torno a ella se rodea. La participaci\u00f3n p\u00fablica, la entrega bajo pseud\u00f3nimo\u2026 <b>todo para que casi siempre gane alguien consagrado o un nombre conocido<\/b>. Cuando no ya relacionado con el propio Grupo Planeta.\u00a0<\/p>\n<p class=\"paragraph text-xl pb-7 w-full text-pretty [&amp;_a]:text-link-normal dark:[&amp;_a]:text-link-dark [&amp;_a]:decoration-1 [&amp;_a:hover]:underline [&amp;_a:hover]:text-link-hover [&amp;_a:hover]:decoration-2 [&amp;_b_a]:text-link-normal dark:[&amp;_b_a]:text-link-dark [&amp;_b_a]:decoration-1 [&amp;_b_a:hover]:underline [&amp;_b_a:hover]:text-link-hover desktop:leading-relaxed break-words font-serif\" data-original-text-size=\"text-xl\">Ya en su momento <b><a href=\"https:\/\/www.publico.es\/culturas\/delibes-rechazo-planeta-hoy-nadie-haria-espana.html\" rel=\"nofollow noopener\" target=\"_blank\">Miguel Delibes afirm\u00f3 que le hab\u00edan ofrecido ganar el Planeta en varias ocasiones<\/a>, algo que siempre rechaz\u00f3.<\/b> Una de ellas en 1994, cuyo galard\u00f3n acab\u00f3 finalmente en manos de Camilo Jos\u00e9 Cela. \u201cLarra (Jos\u00e9 Manuel) ha venido a Valladolid a ofrecerme el premio tratando de convencerme con el argumento de que <b>todos saldr\u00edamos beneficiados: \u00e9l, yo, el premio y la literatura<\/b>\u201d, dijo en una carta fechada en 1999. No es el \u00fanico autor en se\u00f1alar hacia la misma direcci\u00f3n, <a href=\"https:\/\/www.lr21.com.uy\/cultura\/44970-sabato-dijo-que-la-editorial-planeta-le-ofrecio-su-premio\" rel=\"nofollow noreferrer noopener\" target=\"_blank\"><b>Ernesto Sabato tambi\u00e9n asegur\u00f3 que le ofrecieron ganar aquel a\u00f1o<\/b><\/a>. Fernando Savater, finalista en 1993 y ganador en 2008, dijo que \u201c<b>sospechar del Planeta es como sospechar de los Reyes Magos\u201d<\/b>.<\/p>\n<p class=\"paragraph text-xl pb-7 w-full text-pretty [&amp;_a]:text-link-normal dark:[&amp;_a]:text-link-dark [&amp;_a]:decoration-1 [&amp;_a:hover]:underline [&amp;_a:hover]:text-link-hover [&amp;_a:hover]:decoration-2 [&amp;_b_a]:text-link-normal dark:[&amp;_b_a]:text-link-dark [&amp;_b_a]:decoration-1 [&amp;_b_a:hover]:underline [&amp;_b_a:hover]:text-link-hover desktop:leading-relaxed break-words font-serif\" data-original-text-size=\"text-xl\">Sea como fuere, el Premio Planeta desemboca en un libro editado y puesto en las estanter\u00edas de todas las librer\u00edas de Espa\u00f1a, generalmente a punto para la campa\u00f1a de Navidad. Llega entonces el momento de los lectores, quienes han de valorar si la obra vale <a href=\"https:\/\/www.publico.es\/culturas\/libros\/dinero-lleva-ganador-premio-planeta-2025.html\" title=\"Cu\u00e1nto dinero se lleva el ganador del Premio Planeta 2025\" rel=\"nofollow noopener\" target=\"_blank\">el mill\u00f3n de euros con el que es premiada<\/a>. Para conocer el sentimiento general de la comunidad lectora, <b>acudimos a <a href=\"https:\/\/www.publico.es\/uwu\/cultura\/triunfa-goodreads-formula-exito-red-social-lectores.html\" title=\"\u00bfPor qu\u00e9 triunfa Goodreads? La f\u00f3rmula de \u00e9xito de la red social para lectores\" rel=\"nofollow noopener\" target=\"_blank\">Goodreads<\/a> para conocer qu\u00e9 ganadores del Planeta est\u00e1n mejor valorados\u2026 <\/b>y tambi\u00e9n aquellos que han sido castigados por el p\u00fablico.\u00a0\u00a0<\/p>\n<p>Relacionado con este temaLos mejores libros ganadores del Planeta<\/p>\n<ul class=\"mb-7\">\n<li class=\"ml-6 marker:text-xl2 list-disc marker:text-publico dark:marker:text-publico-dark\">\n<p class=\"font-serif text-xl pb-1 text-pretty [&amp;_&gt;a]:text-link-normal [&amp;_&gt;a]:decoration-1 [&amp;_&gt;a]:underline [&amp;_&gt;a:hover]:text-link-hover [&amp;_&gt;a:focus]:text-link-hover [&amp;_&gt;a:hover]:decoration-2 dark:[&amp;_&gt;a]:text-link-dark dark:[&amp;_&gt;a:hover]:text-link-dark-hover dark:[&amp;_&gt;a:focus]:text-link-dark-hover desktop:leading-relaxed\" data-original-text-size=\"text-xl\"><b\/><b>Yo, Julia<\/b> (Santiago Posteguillo, Planeta 2018). Nota media: 4,34 sobre 5<\/p>\n<\/li>\n<li class=\"ml-6 marker:text-xl2 list-disc marker:text-publico dark:marker:text-publico-dark\">\n<p class=\"font-serif text-xl pb-1 text-pretty [&amp;_&gt;a]:text-link-normal [&amp;_&gt;a]:decoration-1 [&amp;_&gt;a]:underline [&amp;_&gt;a:hover]:text-link-hover [&amp;_&gt;a:focus]:text-link-hover [&amp;_&gt;a:hover]:decoration-2 dark:[&amp;_&gt;a]:text-link-dark dark:[&amp;_&gt;a:hover]:text-link-dark-hover dark:[&amp;_&gt;a:focus]:text-link-dark-hover desktop:leading-relaxed\" data-original-text-size=\"text-xl\"><b\/><b>Victoria<\/b> (Paloma S\u00e1nchez-Garnica, Planeta 2024). Nota media: 4,32\u00a0<\/p>\n<\/li>\n<li class=\"ml-6 marker:text-xl2 list-disc marker:text-publico dark:marker:text-publico-dark\">\n<p class=\"font-serif text-xl pb-1 text-pretty [&amp;_&gt;a]:text-link-normal [&amp;_&gt;a]:decoration-1 [&amp;_&gt;a]:underline [&amp;_&gt;a:hover]:text-link-hover [&amp;_&gt;a:focus]:text-link-hover [&amp;_&gt;a:hover]:decoration-2 dark:[&amp;_&gt;a]:text-link-dark dark:[&amp;_&gt;a:hover]:text-link-dark-hover dark:[&amp;_&gt;a:focus]:text-link-dark-hover desktop:leading-relaxed\" data-original-text-size=\"text-xl\"><b\/><b>El imperio eres t\u00fa <\/b>(Javier Moro, Planeta 2011). Nota media: 4,23<\/p>\n<\/li>\n<li class=\"ml-6 marker:text-xl2 list-disc marker:text-publico dark:marker:text-publico-dark\">\n<p class=\"font-serif text-xl pb-1 text-pretty [&amp;_&gt;a]:text-link-normal [&amp;_&gt;a]:decoration-1 [&amp;_&gt;a]:underline [&amp;_&gt;a:hover]:text-link-hover [&amp;_&gt;a:focus]:text-link-hover [&amp;_&gt;a:hover]:decoration-2 dark:[&amp;_&gt;a]:text-link-dark dark:[&amp;_&gt;a:hover]:text-link-dark-hover dark:[&amp;_&gt;a:focus]:text-link-dark-hover desktop:leading-relaxed\" data-original-text-size=\"text-xl\"><b>Todo esto te dar\u00e9 <\/b>(Dolores Redondo, Planeta 2016). Nota media: 4,14<\/p>\n<\/li>\n<li class=\"ml-6 marker:text-xl2 list-disc marker:text-publico dark:marker:text-publico-dark\">\n<p class=\"font-serif text-xl pb-1 text-pretty [&amp;_&gt;a]:text-link-normal [&amp;_&gt;a]:decoration-1 [&amp;_&gt;a]:underline [&amp;_&gt;a:hover]:text-link-hover [&amp;_&gt;a:focus]:text-link-hover [&amp;_&gt;a:hover]:decoration-2 dark:[&amp;_&gt;a]:text-link-dark dark:[&amp;_&gt;a:hover]:text-link-dark-hover dark:[&amp;_&gt;a:focus]:text-link-dark-hover desktop:leading-relaxed\" data-original-text-size=\"text-xl\"><b>La Gangrena <\/b>(Mercedes Salisachs, Planeta 1975). Nota media: 4,10<\/p>\n<\/li>\n<li class=\"ml-6 marker:text-xl2 list-disc marker:text-publico dark:marker:text-publico-dark\">\n<p class=\"font-serif text-xl pb-1 text-pretty [&amp;_&gt;a]:text-link-normal [&amp;_&gt;a]:decoration-1 [&amp;_&gt;a]:underline [&amp;_&gt;a:hover]:text-link-hover [&amp;_&gt;a:focus]:text-link-hover [&amp;_&gt;a:hover]:decoration-2 dark:[&amp;_&gt;a]:text-link-dark dark:[&amp;_&gt;a:hover]:text-link-dark-hover dark:[&amp;_&gt;a:focus]:text-link-dark-hover desktop:leading-relaxed\" data-original-text-size=\"text-xl\"><b>Filomeno, a mi pesar: memorias de un se\u00f1orito descolocado<\/b> (Gonzalo Torrente Ballester, Planeta 1988). Nota media: 4,09<\/p>\n<\/li>\n<li class=\"ml-6 marker:text-xl2 list-disc marker:text-publico dark:marker:text-publico-dark\">\n<p class=\"font-serif text-xl pb-1 text-pretty [&amp;_&gt;a]:text-link-normal [&amp;_&gt;a]:decoration-1 [&amp;_&gt;a]:underline [&amp;_&gt;a:hover]:text-link-hover [&amp;_&gt;a:focus]:text-link-hover [&amp;_&gt;a:hover]:decoration-2 dark:[&amp;_&gt;a]:text-link-dark dark:[&amp;_&gt;a:hover]:text-link-dark-hover dark:[&amp;_&gt;a:focus]:text-link-dark-hover desktop:leading-relaxed\" data-original-text-size=\"text-xl\"><b>La guerra del general Escobar <\/b>(Jos\u00e9 Luis Olaizola, Planeta 1983). Nota media: 4,07<\/p>\n<\/li>\n<li class=\"ml-6 marker:text-xl2 list-disc marker:text-publico dark:marker:text-publico-dark\">\n<p class=\"font-serif text-xl pb-1 text-pretty [&amp;_&gt;a]:text-link-normal [&amp;_&gt;a]:decoration-1 [&amp;_&gt;a]:underline [&amp;_&gt;a:hover]:text-link-hover [&amp;_&gt;a:focus]:text-link-hover [&amp;_&gt;a:hover]:decoration-2 dark:[&amp;_&gt;a]:text-link-dark dark:[&amp;_&gt;a:hover]:text-link-dark-hover dark:[&amp;_&gt;a:focus]:text-link-dark-hover desktop:leading-relaxed\" data-original-text-size=\"text-xl\"><b>El jinete polaco<\/b> (Antonio Mu\u00f1oz Molina, Planeta 1991). Nota media: 4,03<\/p>\n<\/li>\n<li class=\"ml-6 marker:text-xl2 list-disc marker:text-publico dark:marker:text-publico-dark\">\n<p class=\"font-serif text-xl pb-1 text-pretty [&amp;_&gt;a]:text-link-normal [&amp;_&gt;a]:decoration-1 [&amp;_&gt;a]:underline [&amp;_&gt;a:hover]:text-link-hover [&amp;_&gt;a:focus]:text-link-hover [&amp;_&gt;a:hover]:decoration-2 dark:[&amp;_&gt;a]:text-link-dark dark:[&amp;_&gt;a:hover]:text-link-dark-hover dark:[&amp;_&gt;a:focus]:text-link-dark-hover desktop:leading-relaxed\" data-original-text-size=\"text-xl\"><b>La c\u00e1rcel <\/b>(Jes\u00fas Z\u00e1rate, Planeta 1972). Nota media: 3,91<\/p>\n<\/li>\n<li class=\"ml-6 marker:text-xl2 list-disc marker:text-publico dark:marker:text-publico-dark\">\n<p class=\"font-serif text-xl pb-1 text-pretty [&amp;_&gt;a]:text-link-normal [&amp;_&gt;a]:decoration-1 [&amp;_&gt;a]:underline [&amp;_&gt;a:hover]:text-link-hover [&amp;_&gt;a:focus]:text-link-hover [&amp;_&gt;a:hover]:decoration-2 dark:[&amp;_&gt;a]:text-link-dark dark:[&amp;_&gt;a:hover]:text-link-dark-hover dark:[&amp;_&gt;a:focus]:text-link-dark-hover desktop:leading-relaxed\" data-original-text-size=\"text-xl\"><b>En busca del unicornio<\/b> (Juan Eslava Gal\u00e1n, Planeta 1987). Nota media: 3,89<\/p>\n<\/li>\n<\/ul>\n<p class=\"paragraph text-xl pb-7 w-full text-pretty [&amp;_a]:text-link-normal dark:[&amp;_a]:text-link-dark [&amp;_a]:decoration-1 [&amp;_a:hover]:underline [&amp;_a:hover]:text-link-hover [&amp;_a:hover]:decoration-2 [&amp;_b_a]:text-link-normal dark:[&amp;_b_a]:text-link-dark [&amp;_b_a]:decoration-1 [&amp;_b_a:hover]:underline [&amp;_b_a:hover]:text-link-hover desktop:leading-relaxed break-words font-serif\" data-original-text-size=\"text-xl\">Seg\u00fan los usuarios de Goodreads, <b>el mejor libro ganador del Premio Planeta es<\/b><b> Yo, Julia<\/b><b>, de Santiago Posteguillo<\/b>. Premiada en 2018, se trata de una novela hist\u00f3rica ambientada en la Antigua Roma. Concretamente, <b>la historia se centra en la figura de Julia Domna, una emperatriz consorte romana<\/b> que desarroll\u00f3 un papel fundamental durante el juego de tronos desarrollado a ra\u00edz de la guerra civil del a\u00f1o 197. El libro fue un \u00e9xito total de cr\u00edtica y p\u00fablico, lo que <b>dio pie a una segunda parte:<\/b><b> Y Julia ret\u00f3 a los dioses<\/b>. Juntos conforman lo que se conoce como la saga de Julia Domna.\u00a0\u00a0<\/p>\n<p class=\"paragraph text-xl pb-7 w-full text-pretty [&amp;_a]:text-link-normal dark:[&amp;_a]:text-link-dark [&amp;_a]:decoration-1 [&amp;_a:hover]:underline [&amp;_a:hover]:text-link-hover [&amp;_a:hover]:decoration-2 [&amp;_b_a]:text-link-normal dark:[&amp;_b_a]:text-link-dark [&amp;_b_a]:decoration-1 [&amp;_b_a:hover]:underline [&amp;_b_a:hover]:text-link-hover desktop:leading-relaxed break-words font-serif\" data-original-text-size=\"text-xl\">En segundo lugar se encuentra <b>Victoria<\/b><b>, Premio Planeta de 2024<\/b>. <a href=\"https:\/\/www.publico.es\/culturas\/paloma-sanchez-garnica-ganadora-premio-planeta.html\" rel=\"nofollow noopener\" target=\"_blank\">Se trata de una novela obra de Paloma S\u00e1nchez-Garnica<\/a>, escritora que ya hab\u00eda sido finalista en 2021 con \u00daltimos d\u00edas en Berl\u00edn. De hecho, en Victoria, la escritora madrile\u00f1a regresa a la capital alemana, en esta ocasi\u00f3n justo despu\u00e9s de la Segunda Guerra Mundial, para relatar la historia de Victoria, una joven germana que se ver\u00e1 obligada a viajar a los Estados Unidos de la \u00e9poca para descubrir que no es oro todo lo que reluce.\u00a0<\/p>\n<p class=\"paragraph text-xl pb-7 w-full text-pretty [&amp;_a]:text-link-normal dark:[&amp;_a]:text-link-dark [&amp;_a]:decoration-1 [&amp;_a:hover]:underline [&amp;_a:hover]:text-link-hover [&amp;_a:hover]:decoration-2 [&amp;_b_a]:text-link-normal dark:[&amp;_b_a]:text-link-dark [&amp;_b_a]:decoration-1 [&amp;_b_a:hover]:underline [&amp;_b_a:hover]:text-link-hover desktop:leading-relaxed break-words font-serif\" data-original-text-size=\"text-xl\">Finalmente, <b>el podio de los mejores Premios Planetas de la historia lo completa El imperio eres t\u00fa, de Javier Moro<\/b>, que se alz\u00f3 con el reconocimiento en 2011. Tambi\u00e9n se trata de una novela hist\u00f3rica, aunque en esta ocasi\u00f3n recoge la biograf\u00eda de <b>Pedro I, quien fue el primer emperador de Brasil<\/b>. Adem\u00e1s de los hechos hist\u00f3ricos que rodearon a la independencia brasile\u00f1a de Portugal, que constituy\u00f3 el \u00fanico imperio americano de la historia, el libro profundiza en las contradicciones y tribulaciones del monarca, as\u00ed como en sus relaciones sentimentales con Leopoldina de Austria, su esposa, y Domitila de Castro Canto y Belo, arist\u00f3crata brasile\u00f1a y amante de Pedro I.<\/p>\n<p>Los peores libros que han ganado el Premio Planeta<\/p>\n<ul class=\"mb-7\">\n<li class=\"ml-6 marker:text-xl2 list-disc marker:text-publico dark:marker:text-publico-dark\">\n<p class=\"font-serif text-xl pb-1 text-pretty [&amp;_&gt;a]:text-link-normal [&amp;_&gt;a]:decoration-1 [&amp;_&gt;a]:underline [&amp;_&gt;a:hover]:text-link-hover [&amp;_&gt;a:focus]:text-link-hover [&amp;_&gt;a:hover]:decoration-2 dark:[&amp;_&gt;a]:text-link-dark dark:[&amp;_&gt;a:hover]:text-link-dark-hover dark:[&amp;_&gt;a:focus]:text-link-dark-hover desktop:leading-relaxed\" data-original-text-size=\"text-xl\"><b\/><b>Jaque a la dama <\/b>(Jes\u00fas Fern\u00e1ndez Santos, Planeta 1982). Nota media: 2,47<\/p>\n<\/li>\n<li class=\"ml-6 marker:text-xl2 list-disc marker:text-publico dark:marker:text-publico-dark\">\n<p class=\"font-serif text-xl pb-1 text-pretty [&amp;_&gt;a]:text-link-normal [&amp;_&gt;a]:decoration-1 [&amp;_&gt;a]:underline [&amp;_&gt;a:hover]:text-link-hover [&amp;_&gt;a:focus]:text-link-hover [&amp;_&gt;a:hover]:decoration-2 dark:[&amp;_&gt;a]:text-link-dark dark:[&amp;_&gt;a:hover]:text-link-dark-hover dark:[&amp;_&gt;a:focus]:text-link-dark-hover desktop:leading-relaxed\" data-original-text-size=\"text-xl\"><b>La cruz de San Andr\u00e9s <\/b>(Camilo Jos\u00e9 Cela, Planeta 1994). Nota media: 2,53<\/p>\n<\/li>\n<li class=\"ml-6 marker:text-xl2 list-disc marker:text-publico dark:marker:text-publico-dark\">\n<p class=\"font-serif text-xl pb-1 text-pretty [&amp;_&gt;a]:text-link-normal [&amp;_&gt;a]:decoration-1 [&amp;_&gt;a]:underline [&amp;_&gt;a:hover]:text-link-hover [&amp;_&gt;a:focus]:text-link-hover [&amp;_&gt;a:hover]:decoration-2 dark:[&amp;_&gt;a]:text-link-dark dark:[&amp;_&gt;a:hover]:text-link-dark-hover dark:[&amp;_&gt;a:focus]:text-link-dark-hover desktop:leading-relaxed\" data-original-text-size=\"text-xl\"><b\/><b>La mirada del otro <\/b>(Fernando Delgado, Planeta 1995). Nota media: 2,62<\/p>\n<\/li>\n<li class=\"ml-6 marker:text-xl2 list-disc marker:text-publico dark:marker:text-publico-dark\">\n<p class=\"font-serif text-xl pb-1 text-pretty [&amp;_&gt;a]:text-link-normal [&amp;_&gt;a]:decoration-1 [&amp;_&gt;a]:underline [&amp;_&gt;a:hover]:text-link-hover [&amp;_&gt;a:focus]:text-link-hover [&amp;_&gt;a:hover]:decoration-2 dark:[&amp;_&gt;a]:text-link-dark dark:[&amp;_&gt;a:hover]:text-link-dark-hover dark:[&amp;_&gt;a:focus]:text-link-dark-hover desktop:leading-relaxed\" data-original-text-size=\"text-xl\"><b\/><b>El atentado <\/b>(Tom\u00e1s Salvador, Planeta 1961). Nota media: 2,76<\/p>\n<\/li>\n<li class=\"ml-6 marker:text-xl2 list-disc marker:text-publico dark:marker:text-publico-dark\">\n<p class=\"font-serif text-xl pb-1 text-pretty [&amp;_&gt;a]:text-link-normal [&amp;_&gt;a]:decoration-1 [&amp;_&gt;a]:underline [&amp;_&gt;a:hover]:text-link-hover [&amp;_&gt;a:focus]:text-link-hover [&amp;_&gt;a:hover]:decoration-2 dark:[&amp;_&gt;a]:text-link-dark dark:[&amp;_&gt;a:hover]:text-link-dark-hover dark:[&amp;_&gt;a:focus]:text-link-dark-hover desktop:leading-relaxed\" data-original-text-size=\"text-xl\"><b>La prueba del laberinto<\/b> (Fernando S\u00e1nchez Drag\u00f3, Planeta 1992). Nota media: 2,85<\/p>\n<\/li>\n<li class=\"ml-6 marker:text-xl2 list-disc marker:text-publico dark:marker:text-publico-dark\">\n<p class=\"font-serif text-xl pb-1 text-pretty [&amp;_&gt;a]:text-link-normal [&amp;_&gt;a]:decoration-1 [&amp;_&gt;a]:underline [&amp;_&gt;a:hover]:text-link-hover [&amp;_&gt;a:focus]:text-link-hover [&amp;_&gt;a:hover]:decoration-2 dark:[&amp;_&gt;a]:text-link-dark dark:[&amp;_&gt;a:hover]:text-link-dark-hover dark:[&amp;_&gt;a:focus]:text-link-dark-hover desktop:leading-relaxed\" data-original-text-size=\"text-xl\"><b\/><b>Una casa con goteras <\/b>(Santiago Lor\u00e9n, Planeta 1953). Nota media: 2,88<\/p>\n<\/li>\n<li class=\"ml-6 marker:text-xl2 list-disc marker:text-publico dark:marker:text-publico-dark\">\n<p class=\"font-serif text-xl pb-1 text-pretty [&amp;_&gt;a]:text-link-normal [&amp;_&gt;a]:decoration-1 [&amp;_&gt;a]:underline [&amp;_&gt;a:hover]:text-link-hover [&amp;_&gt;a:focus]:text-link-hover [&amp;_&gt;a:hover]:decoration-2 dark:[&amp;_&gt;a]:text-link-dark dark:[&amp;_&gt;a:hover]:text-link-dark-hover dark:[&amp;_&gt;a:focus]:text-link-dark-hover desktop:leading-relaxed\" data-original-text-size=\"text-xl\"><b>La hermandad de la mala suerte <\/b>(Fernando Savater, Planeta 2008). Nota media: 2,92<\/p>\n<\/li>\n<li class=\"ml-6 marker:text-xl2 list-disc marker:text-publico dark:marker:text-publico-dark\">\n<p class=\"font-serif text-xl pb-1 text-pretty [&amp;_&gt;a]:text-link-normal [&amp;_&gt;a]:decoration-1 [&amp;_&gt;a]:underline [&amp;_&gt;a:hover]:text-link-hover [&amp;_&gt;a:focus]:text-link-hover [&amp;_&gt;a:hover]:decoration-2 dark:[&amp;_&gt;a]:text-link-dark dark:[&amp;_&gt;a:hover]:text-link-dark-hover dark:[&amp;_&gt;a:focus]:text-link-dark-hover desktop:leading-relaxed\" data-original-text-size=\"text-xl\"><b>El cielo ha vuelto <\/b>(Clara S\u00e1nchez, Planeta 2013). Nota media: 2,94<\/p>\n<\/li>\n<li class=\"ml-6 marker:text-xl2 list-disc marker:text-publico dark:marker:text-publico-dark\">\n<p class=\"font-serif text-xl pb-1 text-pretty [&amp;_&gt;a]:text-link-normal [&amp;_&gt;a]:decoration-1 [&amp;_&gt;a]:underline [&amp;_&gt;a:hover]:text-link-hover [&amp;_&gt;a:focus]:text-link-hover [&amp;_&gt;a:hover]:decoration-2 dark:[&amp;_&gt;a]:text-link-dark dark:[&amp;_&gt;a:hover]:text-link-dark-hover dark:[&amp;_&gt;a:focus]:text-link-dark-hover desktop:leading-relaxed\" data-original-text-size=\"text-xl\"><b>La canci\u00f3n de Dorotea <\/b>(Rosa Reg\u00e1s, Planeta 2001). Nota media: 2,97<\/p>\n<\/li>\n<li class=\"ml-6 marker:text-xl2 list-disc marker:text-publico dark:marker:text-publico-dark\">\n<p class=\"font-serif text-xl pb-1 text-pretty [&amp;_&gt;a]:text-link-normal [&amp;_&gt;a]:decoration-1 [&amp;_&gt;a]:underline [&amp;_&gt;a:hover]:text-link-hover [&amp;_&gt;a:focus]:text-link-hover [&amp;_&gt;a:hover]:decoration-2 dark:[&amp;_&gt;a]:text-link-dark dark:[&amp;_&gt;a:hover]:text-link-dark-hover dark:[&amp;_&gt;a:focus]:text-link-dark-hover desktop:leading-relaxed\" data-original-text-size=\"text-xl\"><b>En la noche no hay caminos<\/b> (Juan Jos\u00e9 Mira, Planeta 1952). Nota media: 2,98<\/p>\n<\/li>\n<\/ul>\n<p class=\"paragraph text-xl pb-7 w-full text-pretty [&amp;_a]:text-link-normal dark:[&amp;_a]:text-link-dark [&amp;_a]:decoration-1 [&amp;_a:hover]:underline [&amp;_a:hover]:text-link-hover [&amp;_a:hover]:decoration-2 [&amp;_b_a]:text-link-normal dark:[&amp;_b_a]:text-link-dark [&amp;_b_a]:decoration-1 [&amp;_b_a:hover]:underline [&amp;_b_a:hover]:text-link-hover desktop:leading-relaxed break-words font-serif\" data-original-text-size=\"text-xl\">Si hay algunos libros que son considerados los mejores, tambi\u00e9n hay otros que son los peores. No obstante, esta lista necesita una aclaraci\u00f3n, pues <b>varios de ellos son publicaciones antiguas que tienen un n\u00famero de votos y valoraciones en Goodreads sensiblemente inferior<\/b> a las obras m\u00e1s modernas. Por su naturaleza de red social, es l\u00f3gico pensar que los usuarios de la plataforma son mayoritariamente j\u00f3venes que pueden estar m\u00e1s atra\u00eddos a leer obras contempor\u00e1neas o, en su defecto, grandes cl\u00e1sicos.<\/p>\n<p>Relacionado con este tema<\/p>\n<p class=\"paragraph text-xl pb-7 w-full text-pretty [&amp;_a]:text-link-normal dark:[&amp;_a]:text-link-dark [&amp;_a]:decoration-1 [&amp;_a:hover]:underline [&amp;_a:hover]:text-link-hover [&amp;_a:hover]:decoration-2 [&amp;_b_a]:text-link-normal dark:[&amp;_b_a]:text-link-dark [&amp;_b_a]:decoration-1 [&amp;_b_a:hover]:underline [&amp;_b_a:hover]:text-link-hover desktop:leading-relaxed break-words font-serif\" data-original-text-size=\"text-xl\">Una vez aclarado esto, el dudoso honor de ser <b>el peor Premio Planeta de la historia recae en <\/b><b>Jaque a la dama<\/b><b>, de Jes\u00fas Fern\u00e1ndez Santos<\/b>, que se llev\u00f3 el premio en 1982. El libro cuenta la historia de Marta, una ni\u00f1a de familia jud\u00eda que vive en Espa\u00f1a antes de la Guerra Civil. Se trata del \u00fanico suspenso de la lista, aunque en su descargo apenas cuenta con 47 votos.\u00a0<\/p>\n<p class=\"paragraph text-xl pb-7 w-full text-pretty [&amp;_a]:text-link-normal dark:[&amp;_a]:text-link-dark [&amp;_a]:decoration-1 [&amp;_a:hover]:underline [&amp;_a:hover]:text-link-hover [&amp;_a:hover]:decoration-2 [&amp;_b_a]:text-link-normal dark:[&amp;_b_a]:text-link-dark [&amp;_b_a]:decoration-1 [&amp;_b_a:hover]:underline [&amp;_b_a:hover]:text-link-hover desktop:leading-relaxed break-words font-serif\" data-original-text-size=\"text-xl\">El segundo puesto de la lista es el m\u00e1s llamativo, pues se trata de una de las ediciones de los Planeta m\u00e1s pol\u00e9micas de todas. Es, en efecto, la de 1994, aquella que tanto Delibes como Sabato dijeron haber rechazado. <b>El ganador fue Cela con una obra, La cruz de San Andr\u00e9s, que <a href=\"https:\/\/www.publico.es\/actualidad\/juez-ve-plagio-premio-planeta-cela.html\" rel=\"nofollow noopener\" target=\"_blank\">fue acusada de plagio<\/a><\/b>. La escritora Carmen Formoso, que se hab\u00eda presentado al concurso aquel a\u00f1o, asegur\u00f3 que la novela premiada era un calco de la suya, e incluso puso una demanda que fue desestimada. Seg\u00fan cuenta La Voz de Galicia, <a href=\"https:\/\/www.lavozdegalicia.es\/noticia\/cultura\/2010\/10\/31\/cela-admitio-haber-cometido-error-cruz-san-andres\/0003_8818940.htm\" rel=\"nofollow noreferrer noopener\" target=\"_blank\">el literato confes\u00f3 a su bibliotecaria que publicar aquello \u201cfue un error\u201d<\/a>. Tambi\u00e9n<b> su hijo, Camilo Jos\u00e9 Cela Conde, dijo que aquel libro no debi\u00f3 haber visto nunca la luz<\/b>.\u00a0<\/p>\n<p>Relacionado con este tema<\/p>\n<p class=\"paragraph text-xl pb-7 w-full text-pretty [&amp;_a]:text-link-normal dark:[&amp;_a]:text-link-dark [&amp;_a]:decoration-1 [&amp;_a:hover]:underline [&amp;_a:hover]:text-link-hover [&amp;_a:hover]:decoration-2 [&amp;_b_a]:text-link-normal dark:[&amp;_b_a]:text-link-dark [&amp;_b_a]:decoration-1 [&amp;_b_a:hover]:underline [&amp;_b_a:hover]:text-link-hover desktop:leading-relaxed break-words font-serif\" data-original-text-size=\"text-xl\">La creencia popular es que el autor de Viaje a La Alcarria estaba en problemas financieros cuando acept\u00f3 ser el galardonado y, como no ten\u00eda obra que presentar, acept\u00f3 copiar una de las que s\u00ed se hab\u00edan personado. Al menos <b>eso es lo que defiende Formoso, aunque nunca pudo probarlo<\/b>. Sea como fuere, el resultado tampoco convenci\u00f3 a los lectores de Goodreads, que le dan un pobre 2,53 sobre 5.\u00a0<\/p>\n<p class=\"paragraph text-xl pb-7 w-full text-pretty [&amp;_a]:text-link-normal dark:[&amp;_a]:text-link-dark [&amp;_a]:decoration-1 [&amp;_a:hover]:underline [&amp;_a:hover]:text-link-hover [&amp;_a:hover]:decoration-2 [&amp;_b_a]:text-link-normal dark:[&amp;_b_a]:text-link-dark [&amp;_b_a]:decoration-1 [&amp;_b_a:hover]:underline [&amp;_b_a:hover]:text-link-hover desktop:leading-relaxed break-words font-serif\" data-original-text-size=\"text-xl\">Cela no es el \u00fanico escritor de prestigio que glosa la lista de los peores Planeta, en la que tambi\u00e9n <b>hay nombres muy medi\u00e1ticos como <a href=\"https:\/\/www.publico.es\/culturas\/fernando-sanchez-drago-lolitas-japonesas-ramones-vox.html\" title=\"Fernando S\u00e1nchez Drag\u00f3: de las &quot;lolitas&quot; japonesas a los &#039;ramones&#039; de Vox\" rel=\"nofollow noopener\" target=\"_blank\">Fernando S\u00e1nchez Drag\u00f3<\/a><\/b>, que gan\u00f3 en 1992 con La prueba del laberinto, <a href=\"https:\/\/www.publico.es\/tag\/fernando-savater\" title=\"Fernando Savater\" rel=\"nofollow noopener\" target=\"_blank\">Fernando Savater<\/a>, Planeta 2008 con La hermandad de la mala suerte, o Fernando Delgado, rostro habitual de la televisi\u00f3n en los 90 y que gan\u00f3 en 1995 con La mirada del otro.\u00a0\u00a0<\/p>\n","protected":false},"excerpt":{"rendered":"El Premio Planeta es fuente de controversia perenne. Sin embargo, no se le puede achacar que no sea&hellip;\n","protected":false},"author":2,"featured_media":181363,"comment_status":"","ping_status":"","sticky":false,"template":"","format":"standard","meta":{"footnotes":""},"categories":[172],"tags":[224,146,147,25,24,1412,6611,27496,225,37248,23],"class_list":{"0":"post-181362","1":"post","2":"type-post","3":"status-publish","4":"format-standard","5":"has-post-thumbnail","7":"category-libros","8":"tag-books","9":"tag-entertainment","10":"tag-entretenimiento","11":"tag-es","12":"tag-espana","13":"tag-esto","14":"tag-ganadores","15":"tag-lectores","16":"tag-libros","17":"tag-opinan","18":"tag-spain"},"share_on_mastodon":{"url":"","error":""},"_links":{"self":[{"href":"https:\/\/www.europesays.com\/es\/wp-json\/wp\/v2\/posts\/181362","targetHints":{"allow":["GET"]}}],"collection":[{"href":"https:\/\/www.europesays.com\/es\/wp-json\/wp\/v2\/posts"}],"about":[{"href":"https:\/\/www.europesays.com\/es\/wp-json\/wp\/v2\/types\/post"}],"author":[{"embeddable":true,"href":"https:\/\/www.europesays.com\/es\/wp-json\/wp\/v2\/users\/2"}],"replies":[{"embeddable":true,"href":"https:\/\/www.europesays.com\/es\/wp-json\/wp\/v2\/comments?post=181362"}],"version-history":[{"count":0,"href":"https:\/\/www.europesays.com\/es\/wp-json\/wp\/v2\/posts\/181362\/revisions"}],"wp:featuredmedia":[{"embeddable":true,"href":"https:\/\/www.europesays.com\/es\/wp-json\/wp\/v2\/media\/181363"}],"wp:attachment":[{"href":"https:\/\/www.europesays.com\/es\/wp-json\/wp\/v2\/media?parent=181362"}],"wp:term":[{"taxonomy":"category","embeddable":true,"href":"https:\/\/www.europesays.com\/es\/wp-json\/wp\/v2\/categories?post=181362"},{"taxonomy":"post_tag","embeddable":true,"href":"https:\/\/www.europesays.com\/es\/wp-json\/wp\/v2\/tags?post=181362"}],"curies":[{"name":"wp","href":"https:\/\/api.w.org\/{rel}","templated":true}]}}