{"id":181366,"date":"2025-10-16T20:16:12","date_gmt":"2025-10-16T20:16:12","guid":{"rendered":"https:\/\/www.europesays.com\/es\/181366\/"},"modified":"2025-10-16T20:16:12","modified_gmt":"2025-10-16T20:16:12","slug":"ejae-audrey-nuna-y-rei-ami-las-voces-detras-del-bombazo-musical-golden","status":"publish","type":"post","link":"https:\/\/www.europesays.com\/es\/181366\/","title":{"rendered":"EJAE, Audrey Nuna y Rei Ami: las voces detr\u00e1s del bombazo musical &#8216;Golden&#8217;"},"content":{"rendered":"<p>Nadie las conoc\u00eda. No son un grupo. Y es probable que ni a ellas mismas se les pasara por la cabeza la locura que iba  &#8230; a desatar a nivel mundial su canci\u00f3n &#8216;Golden&#8217;. Son EJAE, Audrey Nuna y Rei Ami. O lo que es lo mismo: las guerreras K-Pop (Demon Hunters). Tras el estreno este verano de la pel\u00edcula de Netflix a la que ponen banda sonora su ascenso ha sido mete\u00f3rico. No solo es una de las producciones m\u00e1s vistas en la plataforma de televisi\u00f3n, sino que el &#8216;single&#8217; lidera en las \u00faltimas semanas las listas musicales de Espa\u00f1a. Y ojo, la Asociaci\u00f3n de la Insdustria Discogr\u00e1fica de EEUU le acaba de otorgar la certificaci\u00f3n de platino por lograr m\u00e1s de un mill\u00f3n de ventas de &#8216;Golden&#8217;. La noticia se dio a conocer el pasado 7 de octubre en el programa &#8216;The Tonight Show Starring Jimmy Fallon&#8217;, donde las tres actuaron por primera vez juntas en p\u00fablico. Y en directo.<\/p>\n<p class=\"v-p\">La que escribe estas l\u00edneas ha sido testigo de c\u00f3mo ni\u00f1as menores de diez a\u00f1os cantaban la letra de la canci\u00f3n a pleno pulm\u00f3n. \u00a1Incluso las partes en coreano! Flipan. Flipan mucho. Pero no solo es un fen\u00f3meno que atrae a los m\u00e1s peque\u00f1os, sino que tambi\u00e9n ha convencido a m\u00e1s de un adulto, que, recon\u00f3zcanlo, han incluido &#8216;Golden&#8217; en su &#8216;playlist&#8217; de temas pegadizos. <\/p>\n<p><a href=\"http:\/\/www.elcorreo.com\/vivir\/ocio\/ninos-flipan-demon-hunters-grupo-virtual-kpop-20251016002426-ntrc.html#vtm_modulosEngag=mod-rel:culturas:noticia:1:cmp:2-not\" class=\"v-a-link\" title=\"Por qu\u00e9 a los ni\u00f1os les flipan las tres guerreras K-Pop\" rel=\"nofollow noopener\" target=\"_blank\"><br \/>\n<img decoding=\"async\" loading=\"lazy\" class=\"v-a-img\" src=\"https:\/\/www.europesays.com\/es\/wp-content\/uploads\/2025\/10\/vivir-guerreras1-kfqG--366x256@RC.jpg\" alt=\"Por qu\u00e9 a los ni\u00f1os les flipan las tres guerreras K-Pop\"\/><br \/>\n<\/a><\/p>\n<p><a href=\"http:\/\/www.elcorreo.com\/vivir\/ocio\/construyen-estrellas-kpop-debutar-deben-tener-carisma-20251016002629-ntrc.html#vtm_modulosEngag=mod-rel:culturas:noticia:2:cmp:2-not\" class=\"v-a-link\" title=\"As\u00ed se construyen las estrellas de K-Pop: \u00abPara debutar deben tener carisma, buena imagen, cantar, bailar durante tres horas...\u00bb\" rel=\"nofollow noopener\" target=\"_blank\"><br \/>\n<img decoding=\"async\" loading=\"lazy\" class=\"v-a-img\" src=\"https:\/\/www.europesays.com\/es\/wp-content\/uploads\/2025\/10\/vivir-bts-kyOD-U2303382622347hzC-366x256@RC.jpg\" alt=\"As\u00ed se construyen las estrellas de K-Pop: \u00abPara debutar deben tener carisma, buena imagen, cantar, bailar durante tres horas...\u00bb\"\/><br \/>\n<\/a><\/p>\n<p class=\"v-p\">Pero, \u00bfqui\u00e9nes est\u00e1n detr\u00e1s del &#8216;boom&#8217; musical de este verano-oto\u00f1o? Detr\u00e1s del personaje animado de Rumi est\u00e1 la cantante AJAE (la l\u00edder del grupo con trenza drag\u00f3n), de Mira (pelo largo rosa) est\u00e1 Audrey Nuna y de Zoey (morena con dos mo\u00f1os), Rei Ami. Cuando surgi\u00f3 la pel\u00edcula cada una ten\u00eda su vida al margen la una de la otra. Hab\u00edan llevado caminos separados y lo de formar parte de un grupo, nada m\u00e1s lejos de la realidad. Ha sido gracias al bombazo de &#8216;Golden&#8217; que la &#8216;girl band&#8217; Huntr\/x ha traspasado la pantalla. <\/p>\n<ol class=\"v-cmp-u-b__u\">\n<li class=\"v-cmp-u-b__l\">\n<p><img decoding=\"async\" loading=\"lazy\" src=\"https:\/\/www.europesays.com\/es\/wp-content\/uploads\/2025\/10\/ejae-kIEB--80x80@El Correo.PNG\" class=\"v-cmp-u-b__img\" width=\"80\" height=\"80\" alt=\"Imagen principal - No cumpl\u00eda los est\u00e1ndares del K-Pop\"\/><\/p>\n<p>\nEJAE\n<\/p>\n<p>No cumpl\u00eda los est\u00e1ndares del K-Pop<\/p>\n<\/li>\n<\/ol>\n<p class=\"v-p\">Kim Eun-Jae, conocida como EJAE, es una cantante, escritora y productora coreanoamericana. Naci\u00f3 el 6 de diciembre de 1991 en Se\u00fal, Corea del Sur. Su talento pronto entr\u00f3 en el radar de SM Entertainment, una de las compa\u00f1\u00edas de K-pop m\u00e1s exitosas del pa\u00eds, empresa con la que entren\u00f3 durante diez a\u00f1os para convertirse en una, as\u00ed se denominan, idol.<\/p>\n<p class=\"v-p\">Pero no lo logr\u00f3. Pese a su incre\u00edble voz, la joven fue v\u00edctima de los estrictos est\u00e1ndares coreanos que se imponen, particularmente, sobre las mujeres K-Pop. Entre otras -surrealistas- razones, que era demasiado alta y mayor para encajar en el concepto de m\u00fasica juvenil. No debut\u00f3 baj\u00f3 el sello discogr\u00e1fico de la empresa, ni como parte de un grupo ni como solista. <\/p>\n<p class=\"v-p\">EJAE sigui\u00f3 buscando su sitio. Se fue a Estados Unidos para estudiar arte en la Universidad de Nueva York. All\u00ed inici\u00f3 su carrera como productora musical. Es conocida por sus trabajos como compositora para los grupos Red Velvet, Aespa, Twice, Nmixx, Le Sserafim, Kep1er, Billlie, Kard y otros artistas surcoreanos.<\/p>\n<p class=\"v-p\">En 2025, Kim firm\u00f3 con Prescription Songs, una editorial musical independiente y fue el pasado abril de este a\u00f1o cuando se anunci\u00f3 que participar\u00eda en la banda sonora de la pel\u00edcula de Netflix. Su interpretaci\u00f3n en &#8216;Golden&#8217;, de la que tambi\u00e9n es coescritora, ha sido la m\u00e1s aclamada. Ars Technica ha destacado que en la canci\u00f3n \u00ababarca un impresionante rango de tres octavas, llegando finalmente a un A-5 en el coro, una nota alta generalmente reservada para sopranos de \u00f3pera con formaci\u00f3n cl\u00e1sica\u00bb. \u00abEscribir esta canci\u00f3n me sirvi\u00f3 para superar un mal momento. Espero que compartirla ayude a otros tambi\u00e9n\u00bb, ha plasmado la artista en sus redes sociales.<\/p>\n<ol class=\"v-cmp-u-b__u\">\n<li class=\"v-cmp-u-b__l\">\n<p><img decoding=\"async\" loading=\"lazy\" src=\"https:\/\/www.europesays.com\/es\/wp-content\/uploads\/2025\/10\/nuna-kIEB--80x80@El Correo.PNG\" class=\"v-cmp-u-b__img\" width=\"80\" height=\"80\" alt=\"Imagen principal - Rapera y criada en Nueva Yersey\"\/><\/p>\n<p>\nAudrey Nuna\n<\/p>\n<p>Rapera y criada en Nueva Yersey<\/p>\n<\/li>\n<\/ol>\n<p class=\"v-p\">Audrey Chu (Manalapan, 2 de abril de 1999), m\u00e1s conocida por su nombre art\u00edstico Audrey Nuna, es una cantante y rapera estadounidense de origen coreano. Naci\u00f3 y creci\u00f3 en los suburbios de Nueva Jersey,\u200b y estudi\u00f3 en el Clive Davis Music Institute de la Universidad de Nueva York. Cambi\u00f3 su nombre art\u00edstico por el de Audrey Nuna tras inspirarse en su hermano peque\u00f1o. <\/p>\n<p class=\"v-p\">Nuna empez\u00f3 a hacer m\u00fasica en su adolescencia, versionando a artistas como Childish Gambino y Drake. Firm\u00f3 un contrato de grabaci\u00f3n con Arista Records, discogr\u00e1fica con la que ha publicado dos discos. Debut\u00f3 con los sencillos \u00abTime\u00bb, \u00abPaper\u00bb y \u00abComic Sans\u00bb, este \u00faltimo en colaboraci\u00f3n con el rapero Jack Harlow. \u200bSus canciones combinan m\u00faltiples g\u00e9neros, como el pop, el R&amp;B, el rap y el trap.<\/p>\n<ol class=\"v-cmp-u-b__u\">\n<li class=\"v-cmp-u-b__l\">\n<p><img decoding=\"async\" loading=\"lazy\" src=\"https:\/\/www.europesays.com\/es\/wp-content\/uploads\/2025\/10\/rei-kIEB--80x80@El Correo.PNG\" class=\"v-cmp-u-b__img\" width=\"80\" height=\"80\" alt=\"Imagen principal - Fan\u00e1tica del anime\"\/><\/p>\n<p>\nRei Ami\n<\/p>\n<p>Fan\u00e1tica del anime<\/p>\n<\/li>\n<\/ol>\n<p class=\"v-p\">\u00abLa animaci\u00f3n siempre ha sido mi g\u00e9nero favorito. La prefiero por encima de la gente real. Ten\u00eda cuatro a\u00f1os cuando me enamor\u00e9 de los dibujos animados. Mi madre trajo a casa una cinta de VHS de la pel\u00edcula de &#8216;La Sirenita&#8217; y alucin\u00e9 desde el primer momento\u00bb, ha revelado Rei Ami en sus redes sociales. Qui\u00e9n le iba a decir a ella que acabar\u00eda por dar voz a uno de los personajes m\u00e1s &#8216;top&#8217; de &#8216;Las guerreras K-Pop&#8217;. <\/p>\n<p class=\"v-p\">Sarah Yeeun Lee (nacida el 25 de mayo de 1995 en Se\u00fal), conocida profesionalmente como Rei Ami, es una cantante, rapera y actriz coreano-estadounidense. Inicialmente presentando un estilo de rap, lanz\u00f3 su \u00e1lbum de estudio debut &#8216;Foil&#8217;, y posteriormente salt\u00f3 a la fama con la canci\u00f3n &#8216;Freak&#8217; en 2020, que se viraliz\u00f3 en TikTok . <\/p>\n<p class=\"v-p\">Pese a nacer en Corea del Sur, Rey Ami se mud\u00f3 a Germantown, Maryland, Estados Unidos, con su familia cuando ten\u00eda solo seis a\u00f1os. De ra\u00edces cristinas, sus primeros escarceos con la m\u00fasica fueron con el piano y la guitarra. Pero ella optar\u00eda m\u00e1s adelante por otro seguir otro camino. Se gradu\u00f3 de la Universidad de Maryland, College Park en 2018, antes de comenzar su carrera. De hecho, ha reconocido que sufri\u00f3 depresi\u00f3n en su primer a\u00f1o universitario y que fue la m\u00fasica la que le ayud\u00f3 a seguir adelante. Es una autoproclamada fan\u00e1tica del anime. Su nombre art\u00edstico se debe, seg\u00fan ella misma revel\u00f3, a los personajes de &#8216;Sailor Moon&#8217; Hino Rei y Mizuno Ami. <\/p>\n","protected":false},"excerpt":{"rendered":"Nadie las conoc\u00eda. No son un grupo. Y es probable que ni a ellas mismas se les pasara&hellip;\n","protected":false},"author":2,"featured_media":181367,"comment_status":"","ping_status":"","sticky":false,"template":"","format":"standard","meta":{"footnotes":""},"categories":[170],"tags":[51476,51473,5734,1635,51472,146,147,25,24,10254,184,185,12212,51474,51475,23,5529],"class_list":{"0":"post-181366","1":"post","2":"type-post","3":"status-publish","4":"format-standard","5":"has-post-thumbnail","7":"category-musica","8":"tag-ami","9":"tag-audrey","10":"tag-bombazo","11":"tag-detras","12":"tag-ejae","13":"tag-entertainment","14":"tag-entretenimiento","15":"tag-es","16":"tag-espana","17":"tag-golden","18":"tag-music","19":"tag-musica","20":"tag-musical","21":"tag-nuna","22":"tag-rei","23":"tag-spain","24":"tag-voces"},"share_on_mastodon":{"url":"","error":""},"_links":{"self":[{"href":"https:\/\/www.europesays.com\/es\/wp-json\/wp\/v2\/posts\/181366","targetHints":{"allow":["GET"]}}],"collection":[{"href":"https:\/\/www.europesays.com\/es\/wp-json\/wp\/v2\/posts"}],"about":[{"href":"https:\/\/www.europesays.com\/es\/wp-json\/wp\/v2\/types\/post"}],"author":[{"embeddable":true,"href":"https:\/\/www.europesays.com\/es\/wp-json\/wp\/v2\/users\/2"}],"replies":[{"embeddable":true,"href":"https:\/\/www.europesays.com\/es\/wp-json\/wp\/v2\/comments?post=181366"}],"version-history":[{"count":0,"href":"https:\/\/www.europesays.com\/es\/wp-json\/wp\/v2\/posts\/181366\/revisions"}],"wp:featuredmedia":[{"embeddable":true,"href":"https:\/\/www.europesays.com\/es\/wp-json\/wp\/v2\/media\/181367"}],"wp:attachment":[{"href":"https:\/\/www.europesays.com\/es\/wp-json\/wp\/v2\/media?parent=181366"}],"wp:term":[{"taxonomy":"category","embeddable":true,"href":"https:\/\/www.europesays.com\/es\/wp-json\/wp\/v2\/categories?post=181366"},{"taxonomy":"post_tag","embeddable":true,"href":"https:\/\/www.europesays.com\/es\/wp-json\/wp\/v2\/tags?post=181366"}],"curies":[{"name":"wp","href":"https:\/\/api.w.org\/{rel}","templated":true}]}}