{"id":181381,"date":"2025-10-16T20:25:12","date_gmt":"2025-10-16T20:25:12","guid":{"rendered":"https:\/\/www.europesays.com\/es\/181381\/"},"modified":"2025-10-16T20:25:12","modified_gmt":"2025-10-16T20:25:12","slug":"si-quereis-que-salgan-ellos-y-echen-un-vistazo-el-tema-cual-seria","status":"publish","type":"post","link":"https:\/\/www.europesays.com\/es\/181381\/","title":{"rendered":"Si quer\u00e9is que salgan ellos y echen un vistazo&#8230; \u00bfEl tema cu\u00e1l ser\u00eda?"},"content":{"rendered":"<p class=\"ft-text ft-helper-closenews\">La Guardia Civil ha incorporado en un informe a la causa de la dana las conversaciones entre los t\u00e9cnicos de Emergencias y el Consorcio Provincial de Bomberos. Unas transcripciones, desconocidas hasta ahora que revelan la sorpresa de los bomberos al pedirles desde el centro de l&#8217;Eliana, al mediod\u00eda del 29-O, que vigilaran el barranco del Poyo: \u00abSi quer\u00e9is que salgan ellos y echen un vistazo&#8230; \u00bfEl tema cu\u00e1l ser\u00eda?\u00bb.<\/p>\n<p class=\"ft-text\">La llamada se registr\u00f3 a las 12.23 horas del 29 de octubre, escasos minutos despu\u00e9s de que se decretara la alerta hidrol\u00f3gica en la cuenca del barranco del Poyo. El jefe del servicio del 112, Eduardo Ventura, realiza una llamada al Consorcio Provincial de Bomberos de Valencia y se comunica con el \u00absargento coordinador\u00bb para movilizar a los bomberos y que vigilen puntos concretos de la rambla tambi\u00e9n conocida como el barranco de Chiva, Torrent, Massanassa o Catarroja.<\/p>\n<p class=\"ft-text\">\u00abEl motivo [de la llamada] era porque nos ha entrado informaci\u00f3n (&#8230;) en relaci\u00f3n a la situaci\u00f3n de emergencia, concretamente en la zona del r\u00edo Magro, donde est\u00e1 el puente de Carlet y la rambla del Poyo\u00bb, explica el jefe del 112. \u00abEn lo del Caballo\u00bb, le responde el sargento coordinador, en referencia al tramo del barranco del Poyo a su paso por Aldaia y conocido como \u00abel barranc dels cavalls\u00bb. Y el t\u00e9cnico de Emergencias asiente: \u00abS\u00ed Torrent, Paiporta y dem\u00e1s&#8230; Y nos estaban consultando si se pod\u00eda movilizar bomberos forestales a hacer unas rondas o controlar la zona al lugar\u00bb.<\/p>\n<p class=\"ft-text\">El sargento coordinador de bomberos parece sorprendido. \u00ab\u00bfPara qu\u00e9?\u00bb, pregunta de forma escueta a su interlocutor. \u00abPues para ver c\u00f3mo va la evoluci\u00f3n del paso de agua y dem\u00e1s\u00bb, se\u00f1ala el t\u00e9cnico de Emergencias.<\/p>\n<p class=\"ft-text\">A lo que el sargento de Bomberos responde: \u00abBueno, nosotros tenemos nuestros medios. Quiero decir, estamos solvent\u00e1ndolo todo de momento, si por ejemplo, hemos enviado a bomberos forestales a la zona de creo que l&#8217;Eliana, a un \u00e1rbol. No s\u00e9, si quer\u00e9is que salgan ellos y echen un vistazo, es cosa vuestra, no s\u00e9. A ver&#8230; No lo s\u00e9, si es por tema de estad\u00edstica y tal, por justificar un poco el trabajo que puedan tener ellos, pues no s\u00e9, lo que quer\u00e1is. Como &#8230; \u00bfEl tema qu\u00e9 ser\u00eda?\u00bb, pregunta el responsable de bomberos sorprendido.<\/p>\n<p class=\"ft-text\">El sargento coordinador anota los puntos donde Emergencias requer\u00eda acudir: \u00abEn espec\u00edfico en la zona del puente de Carlet, que se ve que ah\u00ed est\u00e1 el tema un poco delicado y tambi\u00e9n el barranco del Poyo de Torrent, Picanya y esta zona&#8230;\u00bb<\/p>\n<p class=\"ft-text\">La sorpresa que muestra el bombero al ser movilizado para controlar caudales podr\u00eda estar provocada porque la competencia de vigilar los barrancos corresponde a la Generalitat. Varias trabajadoras de Emergencias que han declarado como testigo han revelado que el 28 de octubre se solicitaron agentes medioambientales de la Generalitat en previsi\u00f3n de destinarlos a vigilar los barrancos, pero se denegaron por la Conselleria de Medio Ambiente. Aunque el 29 de octubre la conselleria s\u00ed que los ofreci\u00f3, aunque esta oferta nunca lleg\u00f3 al Centro de Coordinaci\u00f3n de Emergencias de l&#8217;Eliana. De ah\u00ed que Emergencias decidiera recurrir a los bomberos forestales del Consorcio Provincial de Bomberos que se enviaron a vigilar puntos de control de caudal al barranco del Poyo y del r\u00edo Magro, pero que se retiraron a las 14.43 horas, sin que nadie asuma esta decisi\u00f3n que result\u00f3 fatal.<\/p>\n<p data-close=\"closedContent\" class=\"subscribeHideForDisplay\">Suscr\u00edbete para seguir leyendo<\/p>\n","protected":false},"excerpt":{"rendered":"La Guardia Civil ha incorporado en un informe a la causa de la dana las conversaciones entre los&hellip;\n","protected":false},"author":2,"featured_media":181382,"comment_status":"","ping_status":"","sticky":false,"template":"","format":"standard","meta":{"footnotes":""},"categories":[5],"tags":[2809,4343,17,18,51481,1681,22352,25,24,13,14,11,49204,19,20,9,10,15,16,51480,5785,23,12,21,22,17744],"class_list":{"0":"post-181381","1":"post","2":"type-post","3":"status-publish","4":"format-standard","5":"has-post-thumbnail","7":"category-titulares","8":"tag-barranco","9":"tag-bomberos","10":"tag-breaking-news","11":"tag-breakingnews","12":"tag-consorcio-provincial-de-bomberos","13":"tag-dana","14":"tag-emergencias-112","15":"tag-es","16":"tag-espana","17":"tag-featured-news","18":"tag-featurednews","19":"tag-headlines","20":"tag-jueza-dana","21":"tag-latest-news","22":"tag-latestnews","23":"tag-news","24":"tag-noticias","25":"tag-noticias-destacadas","26":"tag-noticiasdestacadas","27":"tag-pedirles","28":"tag-sorpresa","29":"tag-spain","30":"tag-titulares","31":"tag-ultimas-noticias","32":"tag-ultimasnoticias","33":"tag-vigilaran"},"share_on_mastodon":{"url":"","error":""},"_links":{"self":[{"href":"https:\/\/www.europesays.com\/es\/wp-json\/wp\/v2\/posts\/181381","targetHints":{"allow":["GET"]}}],"collection":[{"href":"https:\/\/www.europesays.com\/es\/wp-json\/wp\/v2\/posts"}],"about":[{"href":"https:\/\/www.europesays.com\/es\/wp-json\/wp\/v2\/types\/post"}],"author":[{"embeddable":true,"href":"https:\/\/www.europesays.com\/es\/wp-json\/wp\/v2\/users\/2"}],"replies":[{"embeddable":true,"href":"https:\/\/www.europesays.com\/es\/wp-json\/wp\/v2\/comments?post=181381"}],"version-history":[{"count":0,"href":"https:\/\/www.europesays.com\/es\/wp-json\/wp\/v2\/posts\/181381\/revisions"}],"wp:featuredmedia":[{"embeddable":true,"href":"https:\/\/www.europesays.com\/es\/wp-json\/wp\/v2\/media\/181382"}],"wp:attachment":[{"href":"https:\/\/www.europesays.com\/es\/wp-json\/wp\/v2\/media?parent=181381"}],"wp:term":[{"taxonomy":"category","embeddable":true,"href":"https:\/\/www.europesays.com\/es\/wp-json\/wp\/v2\/categories?post=181381"},{"taxonomy":"post_tag","embeddable":true,"href":"https:\/\/www.europesays.com\/es\/wp-json\/wp\/v2\/tags?post=181381"}],"curies":[{"name":"wp","href":"https:\/\/api.w.org\/{rel}","templated":true}]}}