{"id":18139,"date":"2025-08-01T08:49:11","date_gmt":"2025-08-01T08:49:11","guid":{"rendered":"https:\/\/www.europesays.com\/es\/18139\/"},"modified":"2025-08-01T08:49:11","modified_gmt":"2025-08-01T08:49:11","slug":"ufc-fight-night-reinier-de-ridder-derrota-a-robert-whittaker-por-decision-dividida","status":"publish","type":"post","link":"https:\/\/www.europesays.com\/es\/18139\/","title":{"rendered":"UFC Fight Night: Reinier de Ridder derrota a Robert Whittaker por decisi\u00f3n dividida"},"content":{"rendered":"<p><img decoding=\"async\" src=\"https:\/\/www.europesays.com\/es\/wp-content\/uploads\/2025\/08\/26088856.jpg\"  alt=\"Syndication: The Des Moines Register\" class=\"w-full\"\/>Reinier de Ridder (red gloves)reacts after defeating Bo Nickal (blue gloves) during UFC Fight Night at Wells Fargo Arena on May 3, 2025, in Des Moines.   <\/p>\n<p>Reinier de Ridder se llev\u00f3 a casa una victoria por decisi\u00f3n dividida el s\u00e1bado sobre Robert Whittaker en el evento principal de UFC Fight Night en Abu Dhabi.<\/p>\n<p>De Ridder (21-2-0 MMA) obtuvo un margen de 48-47 de dos jueces, Ben Cartlidge y David Lethaby, mientras que Mike Bell fue el \u00fanico juez que le dio la ventaja a Whittaker (27-9-0 MMA) con 48-47.<\/p>\n<p>Whittaker conect\u00f3 un fuerte derribo con un golpe en el tercer asalto del combate de peso mediano, pero De Ridder se recuper\u00f3 y domin\u00f3 las estad\u00edsticas. De Ridder conect\u00f3 192 golpes en total, mientras que Whittaker solo conect\u00f3 70. Adem\u00e1s, De Ridder registr\u00f3 dos derribos.<\/p>\n<p>\u00abEsperaba derribarlo y estrangularlo\u00bb, dijo de Ridder. \u00abEstuvo incre\u00edble. Tan duro, tan resistente, con unas manos de mil demonios\u00bb.<\/p>\n<p>El peleador de 34 a\u00f1os contin\u00faa subiendo en la divisi\u00f3n de peso mediano, obteniendo su cuarta victoria consecutiva en UFC y su quinta victoria consecutiva en MMA.<\/p>\n<p> <\/p>\n<p>En otra pelea de la cartelera principal, Bogdan Guskov (18-3-0 MMA) noque\u00f3 a Nikita Krylov (30-11-0 MMA) a los 4:18 del primer asalto de su enfrentamiento de peso semipesado. Es la cuarta victoria consecutiva por nocaut o sumisi\u00f3n para el uzbeko.<\/p>\n<p>Petr Yan (19-5-0 MMA) derrot\u00f3 a Marcus McGhee (10-2-0 MMA) por decisi\u00f3n un\u00e1nime en un choque de peso gallo. Yan super\u00f3 a su oponente en golpes totales, golpes significativos, control y derribos.<\/p>\n<p>En el combate de peso mediano, Shara Magomedov (16-1-0 MMA) se recuper\u00f3 de su primera derrota profesional, la cual fue contra Michael Page (23-3-0 MMA) en febrero, para vencer a Marc-Andr\u00e9 Barriault (17-10-0 MMA) por decisi\u00f3n un\u00e1nime. Magomedov obtuvo una puntuaci\u00f3n de 30-27 de los tres jueces.<\/p>\n<p>El competidor de peso mosca Asu Almabayev (22-3-0 MMA) tambi\u00e9n gan\u00f3 por decisi\u00f3n un\u00e1nime, derrotando al peruano de 24 a\u00f1os Jos\u00e9 Ochoa (8-2-0 MMA). Ochoa luch\u00f3, conectando 118 golpes en total, pero Almabayev control\u00f3 la pelea con siete derribos.<\/p>\n<p>En las preliminares, Muslim Salikhov (22-5-0 MMA) consigui\u00f3 el punto culminante de la noche, noqueando a su oponente Carlos Leal (22-7-0 MMA) en solo 42 segundos en su pelea de peso welter.<\/p>\n<p>&#8211;Medios de nivel de campo<\/p>\n","protected":false},"excerpt":{"rendered":"Reinier de Ridder (red gloves)reacts after defeating Bo Nickal (blue gloves) during UFC Fight Night at Wells Fargo&hellip;\n","protected":false},"author":2,"featured_media":18140,"comment_status":"","ping_status":"","sticky":false,"template":"","format":"standard","meta":{"footnotes":""},"categories":[276],"tags":[168,25,24,23,167,343],"class_list":{"0":"post-18139","1":"post","2":"type-post","3":"status-publish","4":"format-standard","5":"has-post-thumbnail","7":"category-ufc","8":"tag-deportes","9":"tag-es","10":"tag-espana","11":"tag-spain","12":"tag-sports","13":"tag-ufc"},"share_on_mastodon":{"url":"","error":""},"_links":{"self":[{"href":"https:\/\/www.europesays.com\/es\/wp-json\/wp\/v2\/posts\/18139","targetHints":{"allow":["GET"]}}],"collection":[{"href":"https:\/\/www.europesays.com\/es\/wp-json\/wp\/v2\/posts"}],"about":[{"href":"https:\/\/www.europesays.com\/es\/wp-json\/wp\/v2\/types\/post"}],"author":[{"embeddable":true,"href":"https:\/\/www.europesays.com\/es\/wp-json\/wp\/v2\/users\/2"}],"replies":[{"embeddable":true,"href":"https:\/\/www.europesays.com\/es\/wp-json\/wp\/v2\/comments?post=18139"}],"version-history":[{"count":0,"href":"https:\/\/www.europesays.com\/es\/wp-json\/wp\/v2\/posts\/18139\/revisions"}],"wp:featuredmedia":[{"embeddable":true,"href":"https:\/\/www.europesays.com\/es\/wp-json\/wp\/v2\/media\/18140"}],"wp:attachment":[{"href":"https:\/\/www.europesays.com\/es\/wp-json\/wp\/v2\/media?parent=18139"}],"wp:term":[{"taxonomy":"category","embeddable":true,"href":"https:\/\/www.europesays.com\/es\/wp-json\/wp\/v2\/categories?post=18139"},{"taxonomy":"post_tag","embeddable":true,"href":"https:\/\/www.europesays.com\/es\/wp-json\/wp\/v2\/tags?post=18139"}],"curies":[{"name":"wp","href":"https:\/\/api.w.org\/{rel}","templated":true}]}}