{"id":181393,"date":"2025-10-16T20:32:08","date_gmt":"2025-10-16T20:32:08","guid":{"rendered":"https:\/\/www.europesays.com\/es\/181393\/"},"modified":"2025-10-16T20:32:08","modified_gmt":"2025-10-16T20:32:08","slug":"el-guino-de-gasly-a-colapinto-que-ilusiona-con-su-continuidad-en-la-f1","status":"publish","type":"post","link":"https:\/\/www.europesays.com\/es\/181393\/","title":{"rendered":"El gui\u00f1o de Gasly a Colapinto que ilusiona con su continuidad en la F1"},"content":{"rendered":"<p>Foto: GettyImages (TyC Sports).<br \/>\nEl piloto franc\u00e9s particip\u00f3 de un juego de la escuder\u00eda en el que ten\u00eda que elegir a tres corredores distintos para que lo acompa\u00f1aran a eventos: el Super Bowl, un concierto y la final de la Copa del Mundo.<\/p>\n<p>Franco Colapinto sigue generando ilusi\u00f3n entre los fan\u00e1ticos argentinos de la F\u00f3rmula 1. Aunque a\u00fan no hay confirmaci\u00f3n oficial sobre su continuidad en Alpine, un gesto de su compa\u00f1ero Pierre Gasly encendi\u00f3 las especulaciones sobre su futuro en la escuder\u00eda.<\/p>\n<p>En una din\u00e1mica promocional con un auspiciante del equipo, Gasly deb\u00eda elegir a tres pilotos para diferentes eventos: uno para el Super Bowl, otro para un recital y uno m\u00e1s para la final del Mundial. All\u00ed, el franc\u00e9s sorprendi\u00f3 al mencionar a Colapinto para acompa\u00f1arlo al partido decisivo del 2026. \u201cIr\u00eda a la final del Mundial con Franco, por la revancha\u201d, expres\u00f3 entre risas.<\/p>\n<p><a href=\"https:\/\/radio3cadenapatagonia.com.ar\/comesana-quedo-eliminado-en-el-atp-250-de-bruselas\/\" target=\"_blank\" rel=\"noopener nofollow\"><strong>MIR\u00c1 TAMBI\u00c9N: Comesa\u00f1a qued\u00f3 eliminado en el ATP 250 de Bruselas<\/strong><\/a><\/p>\n<p>El video se viraliz\u00f3 r\u00e1pidamente y gener\u00f3 gran revuelo en redes sociales, donde muchos usuarios interpretaron el gesto como una se\u00f1al interna de que el argentino ya tendr\u00eda asegurada la segunda butaca en Alpine para 2026. El mensaje del auspiciante no ayud\u00f3 a calmar los rumores: \u201cEsperando una final de la Copa del Mundo entre Francia y Argentina el pr\u00f3ximo a\u00f1o para poder enviar a Pierre Gasly y Franco Colapinto\u201d.<\/p>\n<p>Desde la escuder\u00eda a\u00fan no hubo anuncios oficiales. Por el momento, solo se confirm\u00f3 que Gasly ser\u00e1 el piloto principal la pr\u00f3xima temporada, mientras que el segundo asiento contin\u00faa sin definici\u00f3n. Flavio Briatore, jefe del equipo, habl\u00f3 de una competencia interna, aunque todo indica que Colapinto corre con ventaja frente al tester Paul Aron.<\/p>\n<p>Mientras tanto, los fan\u00e1ticos de la F\u00f3rmula 1 se preparan para el pr\u00f3ximo Gran Premio de Estados Unidos, que se disputar\u00e1 del 17 al 19 de octubre. La carrera principal ser\u00e1 el domingo a las 16 horas de Argentina, con un calendario que promete gran expectativa en la recta final del campeonato.<\/p>\n<p><strong>Fuente: TyC Sports.<\/strong><\/p>\n","protected":false},"excerpt":{"rendered":"Foto: GettyImages (TyC Sports). El piloto franc\u00e9s particip\u00f3 de un juego de la escuder\u00eda en el que ten\u00eda&hellip;\n","protected":false},"author":2,"featured_media":181394,"comment_status":"","ping_status":"","sticky":false,"template":"","format":"standard","meta":{"footnotes":""},"categories":[270],"tags":[168,25,24,306,271,272,23,167],"class_list":{"0":"post-181393","1":"post","2":"type-post","3":"status-publish","4":"format-standard","5":"has-post-thumbnail","7":"category-formula-1","8":"tag-deportes","9":"tag-es","10":"tag-espana","11":"tag-f1","12":"tag-formula-1","13":"tag-formula1","14":"tag-spain","15":"tag-sports"},"share_on_mastodon":{"url":"","error":""},"_links":{"self":[{"href":"https:\/\/www.europesays.com\/es\/wp-json\/wp\/v2\/posts\/181393","targetHints":{"allow":["GET"]}}],"collection":[{"href":"https:\/\/www.europesays.com\/es\/wp-json\/wp\/v2\/posts"}],"about":[{"href":"https:\/\/www.europesays.com\/es\/wp-json\/wp\/v2\/types\/post"}],"author":[{"embeddable":true,"href":"https:\/\/www.europesays.com\/es\/wp-json\/wp\/v2\/users\/2"}],"replies":[{"embeddable":true,"href":"https:\/\/www.europesays.com\/es\/wp-json\/wp\/v2\/comments?post=181393"}],"version-history":[{"count":0,"href":"https:\/\/www.europesays.com\/es\/wp-json\/wp\/v2\/posts\/181393\/revisions"}],"wp:featuredmedia":[{"embeddable":true,"href":"https:\/\/www.europesays.com\/es\/wp-json\/wp\/v2\/media\/181394"}],"wp:attachment":[{"href":"https:\/\/www.europesays.com\/es\/wp-json\/wp\/v2\/media?parent=181393"}],"wp:term":[{"taxonomy":"category","embeddable":true,"href":"https:\/\/www.europesays.com\/es\/wp-json\/wp\/v2\/categories?post=181393"},{"taxonomy":"post_tag","embeddable":true,"href":"https:\/\/www.europesays.com\/es\/wp-json\/wp\/v2\/tags?post=181393"}],"curies":[{"name":"wp","href":"https:\/\/api.w.org\/{rel}","templated":true}]}}