{"id":181401,"date":"2025-10-16T20:36:27","date_gmt":"2025-10-16T20:36:27","guid":{"rendered":"https:\/\/www.europesays.com\/es\/181401\/"},"modified":"2025-10-16T20:36:27","modified_gmt":"2025-10-16T20:36:27","slug":"atelier-ha-explica-el-uso-del-color-en-este-piso-de-60-metros-decorado-en-tonos-vibrantes-y-alegres","status":"publish","type":"post","link":"https:\/\/www.europesays.com\/es\/181401\/","title":{"rendered":"Atelier HA explica el uso del color en este piso de 60 metros decorado, en tonos vibrantes y alegres"},"content":{"rendered":"<p data-journey-content=\"true\" data-node-id=\"2\" class=\"body-dropcap css-z34acw emevuu60\">Nos paseamos por el pintoresco barrio parisino de Pigalle para dar con este piso que nos demuestra c\u00f3mo los colores atrevidos y contrastados pueden dar tambi\u00e9n con un estilo elegante. Y es que la casa de tan solo 60 metros cuadrados, obra de <strong data-node-id=\"2.1\">Ad\u00e8le Nourry &amp; Hugo Vince<\/strong>, de <strong data-node-id=\"2.3\">Atelier HA<\/strong>, presenta una relaci\u00f3n crom\u00e1tica sensacional con un gui\u00f3n que viene marcado por una<a href=\"https:\/\/www.elledecor.com\/es\/decoracion\/g25460015\/cocina-isla-ideas-ejemplos\/\" target=\"_blank\" data-vars-ga-outbound-link=\"https:\/\/www.elledecor.com\/es\/decoracion\/g25460015\/cocina-isla-ideas-ejemplos\/\" data-vars-ga-ux-element=\"Hyperlink\" data-vars-ga-call-to-action=\" cocina con isla\" data-node-id=\"2.5\" class=\"body-link css-15fjk10 emevuu60\" rel=\"nofollow noopener\"> cocina con isla<\/a> donde las rayas son las protagonistas.<\/p>\n<p><img draggable=\"true\" alt=\"una casa en paris decorada en rojo, naranja y azul de atelier ha\" title=\"Una casa en Paris decorada en rojo, naranja y azul de Atelier HA\" loading=\"lazy\" width=\"1321\" height=\"1761\" decoding=\"async\" data-nimg=\"1\" style=\"color:transparent;width:100%;height:auto;\"   src=\"https:\/\/www.europesays.com\/es\/wp-content\/uploads\/2025\/10\/cuadros-pared-atelier-ha-68e3994023be2.jpg\" class=\"css-0 e1g79fud0\"\/>Yannick Labrousse<\/p>\n<p>Pintura de Farrow &amp; Ball y cuadro de Caroline Derveaux.<\/p>\n<p><img draggable=\"true\" alt=\"casa parisina decorada en rojo, naranja y azul claro, de atelier ha\" title=\"Casa parisina decorada en rojo, naranja y azul claro, de Atelier HA\" loading=\"lazy\" width=\"1981\" height=\"1321\" decoding=\"async\" data-nimg=\"1\" style=\"color:transparent;width:100%;height:auto;\"   src=\"https:\/\/www.europesays.com\/es\/wp-content\/uploads\/2025\/10\/cocina-color-isla-atelier-ha-68e39a10f1a46.jpg\" class=\"css-0 e1g79fud0\"\/>Yannick Labrousse<\/p>\n<p>Cuadros de Caroline Derveaux. Toda la cocina es dise\u00f1o de Atelier HA, con revestimientos cer\u00e1micos y frentes de madera lacada.<\/p>\n<p data-journey-content=\"true\" data-node-id=\"7\" class=\"css-6wxqfj emevuu60\">El piso se localiza en <strong data-node-id=\"7.1\">un edificio del siglo XIX de<\/strong> <strong data-node-id=\"7.3\">estilo Haussmann<\/strong>. Esta arquitectura y el barrio marcaron el planteamiento de todo el proyecto: \u00abLa estructura del apartamento nos proporcion\u00f3 un marco estricto de \u00e9poca que quer\u00edamos respetar. Al mismo tiempo, quer\u00edamos que <strong data-node-id=\"7.5\">la casa se sintiera tan vivo y alegre como las calles del barrio, Pigalle<\/strong>\u00ab<\/p>\n<p data-journey-content=\"true\" data-node-id=\"9\" class=\"css-6wxqfj emevuu60\"> nos comentan Hugo Vince y Ad\u00e8le Nourry. La zona social es la parte m\u00e1s relevante de la vivienda. Un espacio di\u00e1fano que acoge la <a href=\"https:\/\/www.elledecor.com\/es\/decoracion\/a37032977\/cocina-barra-taburetes-ideas-decoracion-ejemplos\/\" target=\"_blank\" data-vars-ga-outbound-link=\"https:\/\/www.elledecor.com\/es\/decoracion\/a37032977\/cocina-barra-taburetes-ideas-decoracion-ejemplos\/\" data-vars-ga-ux-element=\"Hyperlink\" data-vars-ga-call-to-action=\"cocina con barra \" data-node-id=\"9.1\" class=\"body-link css-15fjk10 emevuu60\" rel=\"nofollow noopener\">cocina con barra <\/a>como comedor y una zona de estar, con ventanales que miran a la ciudad. En este espacio jugaron a <a href=\"https:\/\/www.elledecor.com\/es\/decoracion\/a20106085\/consejos-decoracion-combinar-colores-regla-60-30-10\/\" target=\"_blank\" data-vars-ga-outbound-link=\"https:\/\/www.elledecor.com\/es\/decoracion\/a20106085\/consejos-decoracion-combinar-colores-regla-60-30-10\/\" data-vars-ga-ux-element=\"Hyperlink\" data-vars-ga-call-to-action=\"combinar tres colores en la decoraci\u00f3n\" data-node-id=\"9.3\" class=\"body-link css-15fjk10 emevuu60\" rel=\"nofollow noopener\">combinar tres colores en la decoraci\u00f3n<\/a>: <strong data-node-id=\"9.5\">rojo, naranja y azul<\/strong>. Cada uno desempe\u00f1a un papel espec\u00edfico en la composici\u00f3n: \u00ab<strong data-node-id=\"9.7\">El rojo vibrante<\/strong> e intenso evoca la pasi\u00f3n y la energ\u00eda de Pigalle; <strong data-node-id=\"9.9\">el naranja, soleado y din\u00e1mico<\/strong>, infunde al espacio una calidez contagiosa, creando transiciones luminosas entre espacios y dinamizando el movimiento; y <strong data-node-id=\"9.11\">el azul, m\u00e1s relajante<\/strong>, act\u00faa como contrapunto, aportando amplitud y equilibrio\u00bb\u00bb, nos comentan los autores, que unieron estos tonos bajo un lenguaje coherente, donde cada color define una zona y crea equilibrio entre los diferentes espacios. <\/p>\n<p><img draggable=\"true\" alt=\"casa parisina decorada en rojo, naranja y azul claro, de atelier ha\" title=\"Casa parisina decorada en rojo, naranja y azul claro, de Atelier HA\" loading=\"lazy\" width=\"3072\" height=\"2048\" decoding=\"async\" data-nimg=\"1\" style=\"color:transparent;width:100%;height:auto;\"   src=\"https:\/\/www.europesays.com\/es\/wp-content\/uploads\/2025\/10\/salon-cocina-color-atelier-ha-68e39b113852e.jpg\" class=\"css-0 e1g79fud0\"\/><\/p>\n<p>Yannick Labrousse<\/p>\n<p><br data-node-id=\"13\"\/><img draggable=\"true\" alt=\"casa parisina decorada en rojo, naranja y azul claro, de atelier ha\" title=\"Casa parisina decorada en rojo, naranja y azul claro, de Atelier HA\" loading=\"lazy\" width=\"1321\" height=\"1761\" decoding=\"async\" data-nimg=\"1\" style=\"color:transparent;width:100%;height:auto;\"   src=\"https:\/\/www.europesays.com\/es\/wp-content\/uploads\/2025\/10\/muebles-cocina-tiradores-atelier-ha-68e39b53361f2.jpg\" class=\"css-0 e1g79fud0\"\/><\/p>\n<p>Yannick Labrousse<\/p>\n<p>Contenido relacionado<img draggable=\"true\" alt=\"casa parisina decorada en rojo, naranja y azul claro, de atelier ha\" title=\"Casa parisina decorada en rojo, naranja y azul claro, de Atelier HA\" loading=\"lazy\" width=\"1321\" height=\"1761\" decoding=\"async\" data-nimg=\"1\" style=\"color:transparent;width:100%;height:auto;\"   src=\"https:\/\/www.europesays.com\/es\/wp-content\/uploads\/2025\/10\/cocina-atelier-ha-68e39b924f562.jpg\" class=\"css-0 e1g79fud0\"\/>Yannick Labrousse<\/p>\n<p>Taburetes vintage de la colecci\u00f3n Benze en acero y madera lacada, La Kasbah \u2013 Bruselas. Los azulejos cer\u00e1micos son de CESI. Las l\u00e1mparas, dise\u00f1o de Atelier HA.<\/p>\n<p data-journey-content=\"true\" data-node-id=\"18\" class=\"css-6wxqfj emevuu60\">Las rayas de la cocina en la isla de cer\u00e1mica nos dan las pautas de la distribuci\u00f3n crom\u00e1tica. Su <a href=\"https:\/\/www.elledecor.com\/es\/decoracion\/a37032977\/cocina-barra-taburetes-ideas-decoracion-ejemplos\/\" target=\"_blank\" data-vars-ga-outbound-link=\"https:\/\/www.elledecor.com\/es\/decoracion\/a37032977\/cocina-barra-taburetes-ideas-decoracion-ejemplos\/\" data-vars-ga-ux-element=\"Hyperlink\" data-vars-ga-call-to-action=\"barra con taburetes\" data-node-id=\"18.1\" class=\"body-link css-15fjk10 emevuu60\" rel=\"nofollow noopener\">barra con taburetes<\/a> es sin duda la protagonista, que nos muestra el estilo de vida joven y desenfadado de los propietarios: \u00ab<strong data-node-id=\"18.3\">Los clientes tienen una mentalidad abierta, lo que nos permiti\u00f3 crear un universo s\u00f3lido y \u00fanico<\/strong>. Es poco com\u00fan que tengamos tanta libertad creativa, y este proyecto fue la oportunidad ideal para dise\u00f1ar un espacio vital audaz, c\u00e1lido e inspirador para una familia joven\u00bb. As\u00ed, la zona de estar, con <strong data-node-id=\"18.5\">u<\/strong><strong data-node-id=\"18.6\">na pared de espejo que duplica el espacio<\/strong>, tambi\u00e9n acoge dise\u00f1os divertidos y modernos que se combinan con unas cortinas encargadas de dar un toque mayor de teatralidad. Al mobiliario se suman adem\u00e1s <strong data-node-id=\"18.8\">cuadros colgados <\/strong>que nos traen un nuevo aire de sofisticaci\u00f3n. Y es que ning\u00fan detalle se escapa en este delicioso piso parisino.<\/p>\n<p><img draggable=\"true\" alt=\"casa parisina decorada en rojo, naranja y azul claro, de atelier ha\" title=\"Casa parisina decorada en rojo, naranja y azul claro, de Atelier HA\" loading=\"lazy\" width=\"3072\" height=\"2048\" decoding=\"async\" data-nimg=\"1\" style=\"color:transparent;width:100%;height:auto;\"   src=\"https:\/\/www.europesays.com\/es\/wp-content\/uploads\/2025\/10\/salon-color-cortinas-atelier-ha-68e39ccc4e88e.jpg\" class=\"css-0 e1g79fud0\"\/>Yannick Labrousse<\/p>\n<p>Sof\u00e1 Sandra de Annie Hieronimus. Taburete que hace las veces de mesa, de Lukas Corber, Galerie Gosserez. L\u00e1mpara de pie de vinilo lacado, 1970; sill\u00f3n Giampiero Vitelli, Italia, 1970; y mesa de centro circular lacada con dos compartimentos, 1970, todo en Galerie Vauvart. Cortinas de Nobilis.<\/p>\n<p><img draggable=\"true\" alt=\"casa parisina decorada en rojo, naranja y azul claro, de atelier ha\" title=\"Casa parisina decorada en rojo, naranja y azul claro, de Atelier HA\" loading=\"lazy\" width=\"1321\" height=\"1761\" decoding=\"async\" data-nimg=\"1\" style=\"color:transparent;width:100%;height:auto;\"   src=\"https:\/\/www.europesays.com\/es\/wp-content\/uploads\/2025\/10\/isla-cocina-atelier-ha-68e39d8b6e0eb.jpg\" class=\"css-0 e1g79fud0\"\/>Yannick Labrousse<\/p>\n<p>Aplique de cer\u00e1mica de Bello et Bello.<\/p>\n<p data-journey-content=\"true\" data-node-id=\"22\" class=\"css-6wxqfj emevuu60\"><a href=\"https:\/\/atelierha.com\/\" target=\"_blank\" rel=\"nofollow noopener\" data-vars-ga-outbound-link=\"https:\/\/atelierha.com\/\" data-vars-ga-ux-element=\"Hyperlink\" data-vars-ga-call-to-action=\"www.atelierha.com\" data-node-id=\"22.0\" class=\"body-link css-15fjk10 emevuu60\">www.atelierha.com<\/a><\/p>\n<p><img src=\"https:\/\/www.europesays.com\/es\/wp-content\/uploads\/2025\/10\/1760646987_51_882c5372-60ec-4b62-a60a-c341658650f9_1660891498.file\" alt=\"Headshot of Gema Marcos\" title=\"Headshot of Gema Marcos\" width=\"100%\" height=\"100%\" decoding=\"async\" loading=\"lazy\" class=\"css-o0wq4v ev8dhu53\"\/><\/p>\n<p>\u00a0Gema Marcos es periodista y est\u00e1 especializada en temas de decoraci\u00f3n, dise\u00f1o, arquitectura y hoteles. Licenciada en Ciencia de la Informaci\u00f3n por la Universidad Complutense de Madrid, ha trabajado muchos a\u00f1os en la redacci\u00f3n de revistas de interiorismo y estilo de vida.\u00a0<\/p>\n<p>\u00a0En la cabecera Nuevo Estilo es donde se form\u00f3 y adquiri\u00f3 sus conocimientos sobre el mundo de interiores. Entrevistar a decoradores y arquitectos del panorama nacional, viajar a las ferias europeas de dise\u00f1o y acudir cada semana a ruedas de prensa de las marcas de muebles le ayudaron a conocer m\u00e1s a fondo el mundo del interiorismo. Adem\u00e1s tuvo la suerte de coordinar la secci\u00f3n hoteles de esa revista, lo que le permiti\u00f3 entender mejor el funcionamiento y la puesta en escena de algunos de los mejores hoteles de Espa\u00f1a y Europa.\u00a0<\/p>\n<p>\u00a0Actualmente es freelance y colabora para nuestras revistas Elle Decor y Nuevo Estilo, adem\u00e1s de llevar la comunicaci\u00f3n y difusi\u00f3n en medios de algunos estudios de interiorismo nacionales. Le gusta su trabajo y disfruta escribiendo sobre proyectos de viviendas, contract, artesan\u00eda y viajes. En realidad el mundo de la decoraci\u00f3n le ha atra\u00eddo desde que era peque\u00f1a&#8230; Sabe que rodearse de cosas bonitas es algo esencial para estar contentos cada d\u00eda.\u00a0<\/p>\n<p>\u00a0Gema se divierte descubriendo nuevos alojamientos y localizando objetos curiosos en tiendas y almonedas que le inspiran, adem\u00e1s, a la hora de escribir. Le encanta cambiar y mover los muebles de casa cada dos por tres, encender la chimenea, pasar horas en la cocina y abrir un vino en compa\u00f1\u00eda. Prefiere el invierno al verano y le gustan m\u00e1s los potajes que el gazpacho. Su lugar favorito es Villarrube, su pueblecito materno.\u00a0<\/p>\n","protected":false},"excerpt":{"rendered":"Nos paseamos por el pintoresco barrio parisino de Pigalle para dar con este piso que nos demuestra c\u00f3mo&hellip;\n","protected":false},"author":2,"featured_media":181402,"comment_status":"","ping_status":"","sticky":false,"template":"","format":"standard","meta":{"footnotes":""},"categories":[173],"tags":[229,233,231,230,232,253,234,146,147,25,24,23],"class_list":{"0":"post-181401","1":"post","2":"type-post","3":"status-publish","4":"format-standard","5":"has-post-thumbnail","7":"category-arte-y-diseno","8":"tag-arte","9":"tag-arte-y-diseno","10":"tag-arts","11":"tag-arts-and-design","12":"tag-design","13":"tag-discover","14":"tag-diseno","15":"tag-entertainment","16":"tag-entretenimiento","17":"tag-es","18":"tag-espana","19":"tag-spain"},"share_on_mastodon":{"url":"","error":""},"_links":{"self":[{"href":"https:\/\/www.europesays.com\/es\/wp-json\/wp\/v2\/posts\/181401","targetHints":{"allow":["GET"]}}],"collection":[{"href":"https:\/\/www.europesays.com\/es\/wp-json\/wp\/v2\/posts"}],"about":[{"href":"https:\/\/www.europesays.com\/es\/wp-json\/wp\/v2\/types\/post"}],"author":[{"embeddable":true,"href":"https:\/\/www.europesays.com\/es\/wp-json\/wp\/v2\/users\/2"}],"replies":[{"embeddable":true,"href":"https:\/\/www.europesays.com\/es\/wp-json\/wp\/v2\/comments?post=181401"}],"version-history":[{"count":0,"href":"https:\/\/www.europesays.com\/es\/wp-json\/wp\/v2\/posts\/181401\/revisions"}],"wp:featuredmedia":[{"embeddable":true,"href":"https:\/\/www.europesays.com\/es\/wp-json\/wp\/v2\/media\/181402"}],"wp:attachment":[{"href":"https:\/\/www.europesays.com\/es\/wp-json\/wp\/v2\/media?parent=181401"}],"wp:term":[{"taxonomy":"category","embeddable":true,"href":"https:\/\/www.europesays.com\/es\/wp-json\/wp\/v2\/categories?post=181401"},{"taxonomy":"post_tag","embeddable":true,"href":"https:\/\/www.europesays.com\/es\/wp-json\/wp\/v2\/tags?post=181401"}],"curies":[{"name":"wp","href":"https:\/\/api.w.org\/{rel}","templated":true}]}}