{"id":181403,"date":"2025-10-16T20:37:09","date_gmt":"2025-10-16T20:37:09","guid":{"rendered":"https:\/\/www.europesays.com\/es\/181403\/"},"modified":"2025-10-16T20:37:09","modified_gmt":"2025-10-16T20:37:09","slug":"eva-diaz-perez-publica-el-libro-sevilla-biografia-de-la-ciudad-dorada","status":"publish","type":"post","link":"https:\/\/www.europesays.com\/es\/181403\/","title":{"rendered":"Eva D\u00edaz P\u00e9rez publica el libro &#8216;Sevilla. Biograf\u00eda de la ciudad dorada&#8217;"},"content":{"rendered":"<p style=\"\">La escritora y periodista sevillana<strong> Eva D\u00edaz P\u00e9rez<\/strong> publicar\u00e1 el pr\u00f3ximo 22 de octubre el libro<strong> &#8216;Sevilla. Biograf\u00eda de la ciudad dorada&#8217; <\/strong>(La Esfera de los Libros), una biograf\u00eda literaria, hist\u00f3rica, cultural y cr\u00edtica sobre una ciudad que no es s\u00f3lo  &#8230; un lugar, sino tambi\u00e9n un enigma renovado en cada mirada que nunca se deja atrapar del todo. Por tal motivo, la escritora ha organizado este jueves un recorrido por las calles de su \u00abprotagonista\u00bb en el que ha ido desgranando cada pasaje del libro.<\/p>\n<p class=\"voc-p\" style=\"\">El libro rescata la arquitectura de la memoria. En esta obra Eva D\u00edaz P\u00e9rez (Sevilla, 1971) <strong>l<\/strong><strong>evanta las capas del tiempo para descubrir la biograf\u00eda de la capital andaluza<\/strong>. A trav\u00e9s de estas p\u00e1ginas, el lector descubrir\u00e1 un antiguo templo romano, un palacio renacentista, la plaza donde la Inquisici\u00f3n celebraba autos de fe, el lugar donde estuvo la primera imprenta que viaj\u00f3 a Am\u00e9rica, los restos de una gran mezquita y los planos de la ciudad que guardan el recuerdo literario de Cervantes o de Cernuda.<\/p>\n<p class=\"voc-p\" style=\"\">Punto de llegada, partida y encuentro a lo largo de los siglos, morada de distintas civilizaciones y culturas, Sevilla es una fuente inagotable de leyendas, historia y personajes memorables. Los sentidos, la memoria, las curiosidades y an\u00e9cdotas, los grandes hechos y los peque\u00f1os, <strong>la autora no ha dejado nada al margen en el retrato de una ciudad mitificada y exaltada<\/strong>, pero tambi\u00e9n v\u00edctima de lugares comunes y juicios parciales.<\/p>\n<p class=\"voc-p\" style=\"\">Desde los ecos del m\u00edtico lago Ligustino hasta la Sevilla de los descubrimientos, de los alminares andalus\u00edes a los palacios barrocos y de los poetas del 27 a la ciudad contempor\u00e1nea\u2026, esta obra plantea un viaje, <strong>supone un encuentro del esplendor y la miseria, lo oficial y lo transgresor, lo sagrado y lo profano<\/strong>. Un relato sensible y evocador que desentra\u00f1a las sucesivas capas de un ente casi vivo, donde guerreros, reinas, herejes, santas o poetas vivieron y le dieron aliento a un mito universal.<\/p>\n","protected":false},"excerpt":{"rendered":"La escritora y periodista sevillana Eva D\u00edaz P\u00e9rez publicar\u00e1 el pr\u00f3ximo 22 de octubre el libro &#8216;Sevilla. Biograf\u00eda&hellip;\n","protected":false},"author":2,"featured_media":181404,"comment_status":"","ping_status":"","sticky":false,"template":"","format":"standard","meta":{"footnotes":""},"categories":[172],"tags":[3711,224,777,779,12977,146,147,25,24,519,1496,225,738,4500,1171,23],"class_list":{"0":"post-181403","1":"post","2":"type-post","3":"status-publish","4":"format-standard","5":"has-post-thumbnail","7":"category-libros","8":"tag-biografia","9":"tag-books","10":"tag-ciudad","11":"tag-diaz","12":"tag-dorada","13":"tag-entertainment","14":"tag-entretenimiento","15":"tag-es","16":"tag-espana","17":"tag-eva","18":"tag-libro","19":"tag-libros","20":"tag-perez","21":"tag-publica","22":"tag-sevilla","23":"tag-spain"},"share_on_mastodon":{"url":"","error":""},"_links":{"self":[{"href":"https:\/\/www.europesays.com\/es\/wp-json\/wp\/v2\/posts\/181403","targetHints":{"allow":["GET"]}}],"collection":[{"href":"https:\/\/www.europesays.com\/es\/wp-json\/wp\/v2\/posts"}],"about":[{"href":"https:\/\/www.europesays.com\/es\/wp-json\/wp\/v2\/types\/post"}],"author":[{"embeddable":true,"href":"https:\/\/www.europesays.com\/es\/wp-json\/wp\/v2\/users\/2"}],"replies":[{"embeddable":true,"href":"https:\/\/www.europesays.com\/es\/wp-json\/wp\/v2\/comments?post=181403"}],"version-history":[{"count":0,"href":"https:\/\/www.europesays.com\/es\/wp-json\/wp\/v2\/posts\/181403\/revisions"}],"wp:featuredmedia":[{"embeddable":true,"href":"https:\/\/www.europesays.com\/es\/wp-json\/wp\/v2\/media\/181404"}],"wp:attachment":[{"href":"https:\/\/www.europesays.com\/es\/wp-json\/wp\/v2\/media?parent=181403"}],"wp:term":[{"taxonomy":"category","embeddable":true,"href":"https:\/\/www.europesays.com\/es\/wp-json\/wp\/v2\/categories?post=181403"},{"taxonomy":"post_tag","embeddable":true,"href":"https:\/\/www.europesays.com\/es\/wp-json\/wp\/v2\/tags?post=181403"}],"curies":[{"name":"wp","href":"https:\/\/api.w.org\/{rel}","templated":true}]}}