{"id":181428,"date":"2025-10-16T20:50:35","date_gmt":"2025-10-16T20:50:35","guid":{"rendered":"https:\/\/www.europesays.com\/es\/181428\/"},"modified":"2025-10-16T20:50:35","modified_gmt":"2025-10-16T20:50:35","slug":"desafio-torista-en-las-ventas-serafin-marin-herido-grave-tras-una-cogida-espectacular-cultura","status":"publish","type":"post","link":"https:\/\/www.europesays.com\/es\/181428\/","title":{"rendered":"Desaf\u00edo torista en Las Ventas: Seraf\u00edn Mar\u00edn, herido grave tras una cogida espectacular | Cultura"},"content":{"rendered":"<p class=\"\"><a href=\"https:\/\/elpais.com\/noticias\/serafin-marin\/\" target=\"_self\" rel=\"nofollow noopener\" title=\"https:\/\/elpais.com\/noticias\/serafin-marin\/\">Seraf\u00edn Mar\u00edn<\/a> no tuvo tiempo de asentar las zapatillas en la arena de la plaza. Acababa de salir el toro, un berrendo lucero de preciosas hechuras que fue recibido con una ovaci\u00f3n. Apareci\u00f3 en el tercio el torero catal\u00e1n en esta su primera corrida de la temporada, lo par\u00f3 dos veces con el capote, y al tercer viaje ergui\u00f3 la figura y dibuj\u00f3 una airosa ver\u00f3nica, y, en vista de que el animal meti\u00f3 la cara en el enga\u00f1o, volvi\u00f3 a citarlo por el pit\u00f3n derecho. Pero ah\u00ed fue donde el toro ense\u00f1\u00f3 su carnet de identidad; no sigui\u00f3 el viaje que le mostraba el capote y prefiri\u00f3 dirigir su mirada hacia la ingle del torero, de modo que lo levant\u00f3 con violencia, y a continuaci\u00f3n le lanz\u00f3 un derrote con inusitada fuerza hacia arriba. El torero vol\u00f3 por encima de la testuz del toro y se estrell\u00f3 de espaldas contra el suelo, y fue arrollado por el animal en su hu\u00edda del lugar del suceso. <a href=\"https:\/\/elpais.com\/noticias\/serafin-marin\/\" target=\"_self\" rel=\"nofollow noopener\" title=\"https:\/\/elpais.com\/noticias\/serafin-marin\/\">Mar\u00edn qued\u00f3 boca abajo, <\/a>levant\u00f3 a duras penas la cabeza, la frente ensangrentada, y recuper\u00f3 la verticalidad con la ayuda imprescindible de sus compa\u00f1eros. As\u00ed, a duras penas, lleg\u00f3 hasta el callej\u00f3n, donde se desplom\u00f3 antes de ser trasladado a la enfermer\u00eda.<\/p>\n<p class=\"\">La corrida qued\u00f3 en un mano a mano entre el mexicano Juan Pablo S\u00e1nchez y <a href=\"https:\/\/elpais.com\/cultura\/2025-04-27\/un-presidiario-de-casta-desbordante.html\" target=\"_self\" rel=\"nofollow noopener\" title=\"https:\/\/elpais.com\/cultura\/2025-04-27\/un-presidiario-de-casta-desbordante.html\">el toledano Luis Gerpe<\/a>, con escaso bagaje a sus espaldas, pero con una encomiable disposici\u00f3n para salir airosos del dificultoso trance al que los sometieron los toros de Monteviejo y Partido de Resina.<\/p>\n<p class=\"\">Los primeros, de preciosa capa, derrocharon malas intenciones desde que salieron de chiqueros hasta que enfilaron el camino de desolladero. Mentirosos en el caballo, sin emplearse en ninguna entrada, orientados durante toda la lidia, sin recorrido ni clase, parados, sin fijeza ni humillaci\u00f3n, pusieron a prueba las actitudes de los toreros, que salvaron los muebles con dignidad.<\/p>\n<p class=\"\">Los de Partido de Resina, los m\u00e1s guapos de la caba\u00f1a brava, dejaron patente una vez m\u00e1s que solo les adorna la belleza externa. Con pitones astifinos como alfileres, mansearon ante los picadores, y embistieron con la cara alta, descompuestos, sin ganas ni clase alguna. Quiz\u00e1, el lidiado en cuarto lugar por <a href=\"https:\/\/elpais.com\/cultura\/2025-04-27\/un-presidiario-de-casta-desbordante.html\" target=\"_self\" rel=\"nofollow noopener\" title=\"https:\/\/elpais.com\/cultura\/2025-04-27\/un-presidiario-de-casta-desbordante.html\">Gerpe fue el \u00fanico que destac\u00f3 e<\/a>ntre la debacle general y acudi\u00f3 con algo m\u00e1s de franqueza a la muleta.<\/p>\n<p class=\"\">Sanchez y <a href=\"https:\/\/elpais.com\/cultura\/2025-04-27\/un-presidiario-de-casta-desbordante.html\" target=\"_self\" rel=\"nofollow noopener\" title=\"https:\/\/elpais.com\/cultura\/2025-04-27\/un-presidiario-de-casta-desbordante.html\">Gerpe derrocharon firmeza, tragaron lo que parec\u00eda intragable, <\/a>aguantaron embestidas violentas y demostraron una solvencia que les hace merecedora de nuevos contratos.<\/p>\n<p class=\"\">No hubo triunfo, porque era imposible, pero s\u00ed se pudo ver a dos toreros que mostraron verg\u00fcenza, dignidad, oficio, gallard\u00eda y arrestos, que no es poco. <\/p>\n<p>Monteviejo, Partido de Resina\/Mar\u00edn, S\u00e1nchez, Gerpe<\/p>\n<p>Tres toros de <strong>Monteviejo<\/strong>, primero, quinto y sexto, bien presentados y de bonitas hechuras, mansos y muy deslucidos; y tres de <strong>Partido de Resina<\/strong>, segundo, tercero y cuarto, bien presentados, muy astifinos, mansos, descastados y sin clase.\u00a0<\/p>\n<p><strong>Seraf\u00edn Mar\u00edn<\/strong>: cogido al recibir de capote al primer toro. Parte m\u00e9dico: Fue atendido de una herida en el tercio medio inferior de la cara externa del muslo derecho con una trayectoria ascendente de 30 cm que causa destrozos en fascia lata y vasto externo. Heridas inciso contusas en regi\u00f3n frontal izquierda y occipital. Pron\u00f3stico grave.<\/p>\n<p><strong>Juan Pablo S\u00e1nchez<\/strong>: estocada ca\u00edda y un descabello (silencio); estocada baja y tendida (ovaci\u00f3n); pinchazo, media estocada y un descabello (silencio).<\/p>\n<p><strong>Luis Gerpe<\/strong>: casi entera tendida (ovaci\u00f3n); estocada delantera (vuelta al ruedo); pinchazo atravesado que asoma y estocada (silencio).<\/p>\n<p><strong>Plaza de toros de Las Ventas<\/strong>. Desaf\u00edo ganadero. Domingo, 21 de septiembre. Un tercio de entrada (8.236 espectadores, seg\u00fan la empresa).<\/p>\n","protected":false},"excerpt":{"rendered":"Seraf\u00edn Mar\u00edn no tuvo tiempo de asentar las zapatillas en la arena de la plaza. Acababa de salir&hellip;\n","protected":false},"author":2,"featured_media":181429,"comment_status":"","ping_status":"","sticky":false,"template":"","format":"standard","meta":{"footnotes":""},"categories":[277],"tags":[373,209,168,25,24,1485,3728,11860,43736,23,167,374,2487,444],"class_list":{"0":"post-181428","1":"post","2":"type-post","3":"status-publish","4":"format-standard","5":"has-post-thumbnail","7":"category-toreo","8":"tag-bullfighting","9":"tag-cultura","10":"tag-deportes","11":"tag-es","12":"tag-espana","13":"tag-ferias-taurinas","14":"tag-las-ventas","15":"tag-plazas-toros","16":"tag-serafin-marin","17":"tag-spain","18":"tag-sports","19":"tag-toreo","20":"tag-toreros","21":"tag-toros"},"share_on_mastodon":{"url":"","error":""},"_links":{"self":[{"href":"https:\/\/www.europesays.com\/es\/wp-json\/wp\/v2\/posts\/181428","targetHints":{"allow":["GET"]}}],"collection":[{"href":"https:\/\/www.europesays.com\/es\/wp-json\/wp\/v2\/posts"}],"about":[{"href":"https:\/\/www.europesays.com\/es\/wp-json\/wp\/v2\/types\/post"}],"author":[{"embeddable":true,"href":"https:\/\/www.europesays.com\/es\/wp-json\/wp\/v2\/users\/2"}],"replies":[{"embeddable":true,"href":"https:\/\/www.europesays.com\/es\/wp-json\/wp\/v2\/comments?post=181428"}],"version-history":[{"count":0,"href":"https:\/\/www.europesays.com\/es\/wp-json\/wp\/v2\/posts\/181428\/revisions"}],"wp:featuredmedia":[{"embeddable":true,"href":"https:\/\/www.europesays.com\/es\/wp-json\/wp\/v2\/media\/181429"}],"wp:attachment":[{"href":"https:\/\/www.europesays.com\/es\/wp-json\/wp\/v2\/media?parent=181428"}],"wp:term":[{"taxonomy":"category","embeddable":true,"href":"https:\/\/www.europesays.com\/es\/wp-json\/wp\/v2\/categories?post=181428"},{"taxonomy":"post_tag","embeddable":true,"href":"https:\/\/www.europesays.com\/es\/wp-json\/wp\/v2\/tags?post=181428"}],"curies":[{"name":"wp","href":"https:\/\/api.w.org\/{rel}","templated":true}]}}