{"id":181434,"date":"2025-10-16T20:55:08","date_gmt":"2025-10-16T20:55:08","guid":{"rendered":"https:\/\/www.europesays.com\/es\/181434\/"},"modified":"2025-10-16T20:55:08","modified_gmt":"2025-10-16T20:55:08","slug":"la-alentadora-frase-de-franco-colapinto-sobre-su-continuidad-en-la-formula-1","status":"publish","type":"post","link":"https:\/\/www.europesays.com\/es\/181434\/","title":{"rendered":"La alentadora frase de Franco Colapinto sobre su continuidad en la F\u00f3rmula 1"},"content":{"rendered":"<p>A horas del inicio del Gran Premio de Estados Unidos que se llevar\u00e1 a cabo en el circuito de las Am\u00e9ricas, <strong><a href=\"https:\/\/eleditormendoza.com.ar\/deportes\/la-pista-del-futuro-alpine-y-un-llamativo-color-latino-que-renueva-las-esperanzas-franco-colapinto-n5374875\" target=\"_blank\" rel=\"follow nofollow noopener\" title=\"\u00bfLa pista del futuro? Alpine y un llamativo color &#039;latino&#039; que renueva las esperanzas de Franco Colapinto\">Franco Colapinto<\/a><\/strong> fue uno de los protagonistas de la conferencia de prensa que marc\u00f3 el inicio de las actividades de la nueva carrera en la F\u00f3rmula 1, donde habl\u00f3 sobre su presente y futuro en <strong><a href=\"https:\/\/eleditormendoza.com.ar\/deportes\/el-dato-que-ilusiona-franco-colapinto-conseguir-sus-primeros-puntos-alpine-estados-unidos-n5374855\" target=\"_blank\" rel=\"follow nofollow noopener\" title=\"El dato que ilusiona a Franco Colapinto para conseguir sus primeros puntos con Alpine en Estados Unidos\">Alpine<\/a><\/strong>.<\/p>\n<p>\u201c<strong>Ha ido mejor<\/strong> \u201d, reconoci\u00f3 Colapinto al referirse a sus \u00faltimas actuaciones. \u201cMe cost\u00f3 manejar, me costaba encontrar la consistencia del auto. Apenas estoy empezando a encontrar mi ritmo\u201d, explic\u00f3, dejando en claro que los primeros meses en Alpine fueron un desaf\u00edo importante.<\/p>\n<p> Franco Colapinto &#8211; Bak\u00fa   <\/p>\n<p>  <img decoding=\"async\" src=\"https:\/\/eleditormendoza.com.ar\/css-custom\/372\/lazy.svg\" data-td-src-property=\"https:\/\/media.eleditormendoza.com.ar\/p\/ef04425678aa58a18bce3ea5b0bc9e79\/adjuntos\/372\/imagenes\/100\/064\/0100064062\/790x0\/smart\/el-curioso-apodo-que-le-puso-la-prensa-europea-franco-colapinto.avif\" alt=\"La ilusi\u00f3n de Franco Colapinto por su futuro en la F\u00f3rmula 1.\" title=\"La ilusi\u00f3n de Franco Colapinto por su futuro en la F\u00f3rmula 1.\" width=\"790\" height=\"undefined\" id=\"58176-Libre-1663447160_embed\"\/>    <\/p>\n<p>La ilusi\u00f3n de Franco Colapinto por su futuro en la F\u00f3rmula 1.<\/p>\n<p>El joven oriundo de Pilar tambi\u00e9n fue autocr\u00edtico y reconoci\u00f3 las limitaciones actuales del monoplaza. \u201cHa sido duro\u201d, admiti\u00f3, aunque destac\u00f3 que tanto \u00e9l como el equipo buscan sacarle el m\u00e1ximo provecho al auto y continuar mejorando carrera a carrera.<\/p>\n<p>  La frase de Franco Colapinto que despert\u00f3 la ilusi\u00f3n de sus seguidores <\/p>\n<p>Pero la frase que m\u00e1s entusiasmo gener\u00f3 entre sus seguidores fue la que dej\u00f3 entrever su confianza en el futuro: \u201cSolo necesito seguir haciendo lo que estoy haciendo. Es bueno ver la motivaci\u00f3n del equipo para seguir esforz\u00e1ndose y encontrarle nuevas oportunidades al auto. Conf\u00edo en que el coche del a\u00f1o que viene sea r\u00e1pido.\u201d<\/p>\n<p>Finalmente, Colapinto fue cauto respecto a sus posibilidades de ser confirmado para la pr\u00f3xima temporada y dej\u00f3 en claro que a\u00fan queda camino por recorrer: \u201c<strong>Debo trabajar y crecer<\/strong> \u201d.<\/p>\n","protected":false},"excerpt":{"rendered":"A horas del inicio del Gran Premio de Estados Unidos que se llevar\u00e1 a cabo en el circuito&hellip;\n","protected":false},"author":2,"featured_media":166797,"comment_status":"","ping_status":"","sticky":false,"template":"","format":"standard","meta":{"footnotes":""},"categories":[270],"tags":[168,25,24,306,271,272,23,167],"class_list":{"0":"post-181434","1":"post","2":"type-post","3":"status-publish","4":"format-standard","5":"has-post-thumbnail","7":"category-formula-1","8":"tag-deportes","9":"tag-es","10":"tag-espana","11":"tag-f1","12":"tag-formula-1","13":"tag-formula1","14":"tag-spain","15":"tag-sports"},"share_on_mastodon":{"url":"","error":""},"_links":{"self":[{"href":"https:\/\/www.europesays.com\/es\/wp-json\/wp\/v2\/posts\/181434","targetHints":{"allow":["GET"]}}],"collection":[{"href":"https:\/\/www.europesays.com\/es\/wp-json\/wp\/v2\/posts"}],"about":[{"href":"https:\/\/www.europesays.com\/es\/wp-json\/wp\/v2\/types\/post"}],"author":[{"embeddable":true,"href":"https:\/\/www.europesays.com\/es\/wp-json\/wp\/v2\/users\/2"}],"replies":[{"embeddable":true,"href":"https:\/\/www.europesays.com\/es\/wp-json\/wp\/v2\/comments?post=181434"}],"version-history":[{"count":0,"href":"https:\/\/www.europesays.com\/es\/wp-json\/wp\/v2\/posts\/181434\/revisions"}],"wp:featuredmedia":[{"embeddable":true,"href":"https:\/\/www.europesays.com\/es\/wp-json\/wp\/v2\/media\/166797"}],"wp:attachment":[{"href":"https:\/\/www.europesays.com\/es\/wp-json\/wp\/v2\/media?parent=181434"}],"wp:term":[{"taxonomy":"category","embeddable":true,"href":"https:\/\/www.europesays.com\/es\/wp-json\/wp\/v2\/categories?post=181434"},{"taxonomy":"post_tag","embeddable":true,"href":"https:\/\/www.europesays.com\/es\/wp-json\/wp\/v2\/tags?post=181434"}],"curies":[{"name":"wp","href":"https:\/\/api.w.org\/{rel}","templated":true}]}}