{"id":181449,"date":"2025-10-16T21:03:08","date_gmt":"2025-10-16T21:03:08","guid":{"rendered":"https:\/\/www.europesays.com\/es\/181449\/"},"modified":"2025-10-16T21:03:08","modified_gmt":"2025-10-16T21:03:08","slug":"reparto-completo-y-primeras-imagenes-de-su-nueva-pelicula","status":"publish","type":"post","link":"https:\/\/www.europesays.com\/es\/181449\/","title":{"rendered":"reparto completo y primeras im\u00e1genes de su nueva pel\u00edcula"},"content":{"rendered":"<p class=\"c-paragraph\">Desde que convirtieran su musical de culto<b> La llamada<\/b>\u00a0en una pel\u00edcula de \u00e9xito all\u00e1 por 2017, la dupla de<b> Javier Ambrossi y Javier Calvo<\/b> (os\u00e9ase,<b> los Javis<\/b>) no hab\u00eda vuelto al cine. Solo que claro, esto no ha significado que se quedaran de brazos cruzados.\u00a0<\/p>\n<p class=\"c-paragraph\">Al frente de <b>Suma Content<\/b>, los Javis han llevado el audiovisual espa\u00f1ol a lo m\u00e1s alto gracias a las series que han seguido desarrollando en paralelo<b> (Paquita Salas, Veneno\u00a0y La mes\u00edas)<\/b>, y tambi\u00e9n han ejercido como productores en otros \u00e9xitos como <b>Cardo<\/b>\u00a0o <b>Superestar\u00a0de Nacho Vigalondo<\/b>, uno de los grandes hits\u00a0de 2025.<\/p>\n<p class=\"c-paragraph\">Ambrossi y Calvo han sabido c\u00f3mo mantenerse actuales y rodeados de prestigio, pero en alg\u00fan punto tendr\u00edan que volver a escribir y dirigir un largometraje y el elegido va a ser <b>La bola negra<\/b>. Una de las pel\u00edculas espa\u00f1olas m\u00e1s esperadas de los \u00faltimos tiempos, con los que Ambrossi y Calvo planean revalidar el impacto de La llamada<b>\u00a0hace ya ocho a\u00f1os<\/b>.\u00a0<\/p>\n<p>&#8216;La bola negra&#8217;: sinopsis<\/p>\n<p class=\"c-paragraph\">La bola negra\u00a0lo tiene todo para dar mucho que hablar. Se inspira en una obra inacabada de <b>Federico Garc\u00eda Lorca<\/b> que ya dio pie a un peque\u00f1o fen\u00f3meno teatral en 2015, cuando<b> Alberto Conejero <\/b>expandi\u00f3 el material en forma de <b>La piedra oscura<\/b>. Esta obra, a su vez, tambi\u00e9n sirve como referencia de La bola negra, dedicada a reflexionar sobre <b>\u00ablo que significa ser maric\u00f3n a lo largo del tiempo\u00bb<\/b>, en palabras de los Javis.<\/p>\n<p class=\"c-paragraph\">As\u00ed que La bola negra\u00a0narra las vidas interconectadas de tres hombres en tres \u00e9pocas distintas: <b>1932, 1937 y 2017<\/b>. No ha trascendido mucho m\u00e1s del argumento, pero los Javis seguramente est\u00e9n interesados en abordar <b>la identidad queer<\/b>\u00a0seg\u00fan la homofobia institucional, la represi\u00f3n y la aparente libertad que se le ha concedido en \u00e9pocas m\u00e1s tard\u00edas.<\/p>\n<p>&#8216;La bola negra&#8217;: reparto<\/p>\n<p class=\"c-paragraph\">El gran reclamo de La bola negra, al margen del talento de los Javis, descansa en el reparto que ha ido congregando en los \u00faltimos meses, y que a\u00fana rostros c\u00e9lebres o parcialmente desconocidos. En el primer t\u00e9rmino nos topamos con<b> Pen\u00e9lope Cruz, Lola Due\u00f1as, Antonio de la Torre, Natalia de Molina<\/b> (protagonista de Superestar) y<b> Albert Pla <\/b>(que dio mucho que hablar con su rol en La mes\u00edas).<\/p>\n<p class=\"c-paragraph\">En cuanto a rostros m\u00e1s j\u00f3venes de una generaci\u00f3n que poco a poco est\u00e1n acaparando los focos, nos topamos con <b>Miguel Bernardeu <\/b>(nominado al Feroz por <b>Querer<\/b>),<b> Carlos Gonz\u00e1lez <\/b>(visto en <b>Maric\u00f3n perdido\u00a0y Mariliendre<\/b>) o el <b>Daniel Ib\u00e1\u00f1ez de <\/b>Segundo premio (nominado por este papel al<b> Goya a Mejor actor revelaci\u00f3n<\/b>)<\/p>\n<p class=\"c-paragraph\">Hay que destacar que <b>Guitarricadelafuente<\/b> (m\u00fasico reconvertido en actor) tendr\u00e1 un rol principal, secundado por la cantante <b>Yenesi<\/b>, por el c\u00f3mico<b> Julio Torres <\/b>y por el actor italiano <b>Lorenzo Zurzolo<\/b>.\u00a0<\/p>\n<p>&#8216;La bola negra&#8217;: fecha de estreno<\/p>\n<p class=\"c-paragraph\">El rodaje de La bola negra\u00a0empez\u00f3 a finales de agosto en <b>Burgos<\/b>. De ah\u00ed ha pasado a <b>Cantabria, Granada y Guadalajara<\/b>, y se espera que en las pr\u00f3ximas semanas contin\u00fae en<b> Madrid<\/b> para ser completado fuera de Espa\u00f1a. Es una coproducci\u00f3n de Suma Content con <b>Movistar Plus+<\/b> y la idea es que la distribuya en cines<b> Elastica <\/b>para m\u00e1s tarde incorporarse al cat\u00e1logo de Movistar Plus+. A\u00fan no tiene fecha de estreno pero podemos esperarla para <b>alg\u00fan punto de 2026<\/b>.<\/p>\n","protected":false},"excerpt":{"rendered":"Desde que convirtieran su musical de culto La llamada\u00a0en una pel\u00edcula de \u00e9xito all\u00e1 por 2017, la dupla&hellip;\n","protected":false},"author":2,"featured_media":181450,"comment_status":"","ping_status":"","sticky":false,"template":"","format":"standard","meta":{"footnotes":""},"categories":[169],"tags":[177,146,147,25,24,176,51486,4417,3238,175,23,2292],"class_list":{"0":"post-181449","1":"post","2":"type-post","3":"status-publish","4":"format-standard","5":"has-post-thumbnail","7":"category-cine","8":"tag-cine","9":"tag-entertainment","10":"tag-entretenimiento","11":"tag-es","12":"tag-espana","13":"tag-film","14":"tag-javis","15":"tag-los","16":"tag-mano","17":"tag-movies","18":"tag-spain","19":"tag-vuelven"},"share_on_mastodon":{"url":"","error":""},"_links":{"self":[{"href":"https:\/\/www.europesays.com\/es\/wp-json\/wp\/v2\/posts\/181449","targetHints":{"allow":["GET"]}}],"collection":[{"href":"https:\/\/www.europesays.com\/es\/wp-json\/wp\/v2\/posts"}],"about":[{"href":"https:\/\/www.europesays.com\/es\/wp-json\/wp\/v2\/types\/post"}],"author":[{"embeddable":true,"href":"https:\/\/www.europesays.com\/es\/wp-json\/wp\/v2\/users\/2"}],"replies":[{"embeddable":true,"href":"https:\/\/www.europesays.com\/es\/wp-json\/wp\/v2\/comments?post=181449"}],"version-history":[{"count":0,"href":"https:\/\/www.europesays.com\/es\/wp-json\/wp\/v2\/posts\/181449\/revisions"}],"wp:featuredmedia":[{"embeddable":true,"href":"https:\/\/www.europesays.com\/es\/wp-json\/wp\/v2\/media\/181450"}],"wp:attachment":[{"href":"https:\/\/www.europesays.com\/es\/wp-json\/wp\/v2\/media?parent=181449"}],"wp:term":[{"taxonomy":"category","embeddable":true,"href":"https:\/\/www.europesays.com\/es\/wp-json\/wp\/v2\/categories?post=181449"},{"taxonomy":"post_tag","embeddable":true,"href":"https:\/\/www.europesays.com\/es\/wp-json\/wp\/v2\/tags?post=181449"}],"curies":[{"name":"wp","href":"https:\/\/api.w.org\/{rel}","templated":true}]}}