{"id":181469,"date":"2025-10-16T21:17:09","date_gmt":"2025-10-16T21:17:09","guid":{"rendered":"https:\/\/www.europesays.com\/es\/181469\/"},"modified":"2025-10-16T21:17:09","modified_gmt":"2025-10-16T21:17:09","slug":"2a-tour-holanda-hayter-tambien-gana-la-crono-larga","status":"publish","type":"post","link":"https:\/\/www.europesays.com\/es\/181469\/","title":{"rendered":"2\u00aa Tour Holanda: Hayter tambi\u00e9n gana la crono larga"},"content":{"rendered":"<p><strong>2\u00aa: Jueves 16 octubre. Etten-Leur \u2013 Etten-Leur (CRI) (14,8 km)<\/strong><\/p>\n<blockquote class=\"twitter-tweet\" data-media-max-width=\"560\">\n<p dir=\"ltr\" lang=\"es\">\ud83d\udea8\ud83e\udd75 La \ud835\udfd1\ud835\udfd1 en Pa\u00edses Bajos<\/p>\n<p>\ud83d\udd25 Jakob S\u00f6derqvist no puede con Ethan Hauter por casi cuatro segundos con Christophe Laporte (3\u00ba) en la crono del <a href=\"https:\/\/twitter.com\/hashtag\/TourofHolland?src=hash&amp;ref_src=twsrc%5Etfw\" rel=\"nofollow noopener\" target=\"_blank\">#TourofHolland<\/a> y Soudal suma su \ud835\ude00\ud835\uddf2\ud835\ude05\ud835\ude01\ud835\uddee \ud835\ude03\ud835\uddf6\ud835\uddf0\ud835\ude01\ud835\uddfc\ud835\uddff\ud835\uddf6\ud835\uddee \ud835\uddf0\ud835\uddfc\ud835\uddfb\ud835\ude00\ud835\uddf2\ud835\uddf0\ud835\ude02\ud835\ude01\ud835\uddf6\ud835\ude03\ud835\uddee<\/p>\n<p>\ud83d\udcfa Lo has podido vivir en Eurosport y <a href=\"https:\/\/twitter.com\/StreamMaxES?ref_src=twsrc%5Etfw\" rel=\"nofollow noopener\" target=\"_blank\">@StreamMaxES<\/a> <a href=\"https:\/\/t.co\/g8SLH9OqLq\" rel=\"nofollow\">pic.twitter.com\/g8SLH9OqLq<\/a><\/p>\n<p>\u2014 Eurosport.es (@Eurosport_ES) <a href=\"https:\/\/twitter.com\/Eurosport_ES\/status\/1978818155154640969?ref_src=twsrc%5Etfw\" rel=\"nofollow noopener\" target=\"_blank\">October 16, 2025<\/a><\/p>\n<\/blockquote>\n<p><strong>Redacci\u00f3n \/\u00a0<a href=\"https:\/\/www.ciclo21.com\/whatsapp-telegram-2025\/\" target=\"_blank\" rel=\"noopener nofollow\">Ciclo 21<\/a><\/strong><\/p>\n<p style=\"text-align: justify;\"><strong>Ethan Hayter recuper\u00f3 el maillot naranja<\/strong> <strong>de l\u00edder<\/strong> del Tour de Holanda tras volver a imponerse en una contrarreloj individual. El brit\u00e1nico gan\u00f3 hace dos d\u00edas el <a href=\"https:\/\/www.ciclo21.com\/prologo-tour-holanda-2025-hayter\/\" target=\"_blank\" rel=\"noopener nofollow\"><strong>pr\u00f3logo en La Haya<\/strong><\/a> y este jueves ha vuelto a triunfar en la <strong>crono de 15 kil\u00f3metros<\/strong> en Etten-Leur. Con un tiempo de 16 minutos y 56 segundos venci\u00f3 al anterior l\u00edder y su mayor rival de cara a lo que resta de carrera, <strong>Jakob S\u00f6derqvist<\/strong>, que se qued\u00f3<strong> a tres segundos de la victoria<\/strong>.<\/p>\n<p style=\"text-align: justify;\">Esta pelea contra el crono s\u00ed permiti\u00f3 abrir mayores diferencias en la general y apenas una veintena de corredores terminaron a menos de un minuto del ganador. <strong>Christophe Laporte fue tercero<\/strong> a 15 segundos, solo un segundo mejor que <strong>Alec Segaert<\/strong> y dos en comparaci\u00f3n con <strong>Daan Hoole<\/strong>. Hayter aventaja ahora en <strong>solo dos segundos a S\u00f6derqvist<\/strong>, por lo que las bonificaciones de pr\u00f3ximos d\u00edas cobrar\u00e1n un papel a\u00fan m\u00e1s importante.<\/p>\n<p><strong>PR\u00d3XIMA ETAPA<\/strong><\/p>\n<p><strong>3\u00aa: Viernes 17 octubre. Sittard-Geleen \u2013 Watersley (149,3 km)<\/strong><\/p>\n<p><a href=\"https:\/\/www.europesays.com\/es\/wp-content\/uploads\/2025\/10\/Tour-of-Holland-2025-Tappa-3-Altimetria.jpg\" target=\"_blank\" rel=\"noopener\"><img fetchpriority=\"high\" decoding=\"async\" aria-describedby=\"caption-attachment-450265\" class=\"wp-image-450265  lazy\" src=\"data:image\/svg+xml,%3Csvg%20xmlns=\" http:=\"\" data-src=\"https:\/\/www.europesays.com\/es\/wp-content\/uploads\/2025\/10\/Tour-of-Holland-2025-Tappa-3-Altimetria.jpg\" alt=\"\" width=\"750\" height=\"344\" data- data-\/><\/a><\/p>\n<p id=\"caption-attachment-450265\" class=\"wp-caption-text\">Perfil de la 3\u00aa etapa \u00a9 Tour Holanda<\/p>\n<p><a href=\"https:\/\/www.ciclo21.com\/tour-holanda-2025-previa\/\" target=\"_blank\" rel=\"noopener nofollow\"><strong>TODAS LAS ETAPAS<\/strong><\/a><\/p>\n<p><a href=\"https:\/\/x.com\/hashtag\/TourofHolland?src=hashtag_click&amp;f=live\" target=\"_blank\" rel=\"noopener nofollow\"><strong>DIRECTO X (TWITTER)<\/strong><\/a><\/p>\n<p><strong>DECLARACIONES<\/strong><\/p>\n<p style=\"text-align: justify;\"><strong>Ethan Hayter (Soudal<\/strong>):\u00a0\u00abLa lluvia matinal dificult\u00f3 las cosas, ya que las carreteras a\u00fan estaban h\u00famedas y hab\u00eda algunas hojas, lo que hac\u00eda dif\u00edcil calcular bien, pero pude hacer una contrarreloj s\u00f3lida de principio a fin y estoy contento de haber podido conseguir otra victoria para el equipo. Es la cuarta vez en mi carrera que gano dos etapas en una carrera y me siento muy bien, sobre todo porque confirma todo el esfuerzo que he dedicado este a\u00f1o. Los pr\u00f3ximos d\u00edas hay algunas subidas exigentes, pero quiero disfrutar de volver a estar en cabeza de la clasificaci\u00f3n general y ya veremos qu\u00e9 podemos hacer en la clasificaci\u00f3n general. El equipo est\u00e1 teniendo una fant\u00e1stica recta final de temporada, ganando aqu\u00ed y tambi\u00e9n en China, as\u00ed que podemos estar orgullosos. Es incre\u00edble conseguir seis victorias esta semana y esperamos no parar aqu\u00ed, ya que deber\u00eda haber un par de oportunidades m\u00e1s\u00bb.<\/p>\n<p style=\"text-align: justify;\"><strong>Jakob S\u00f6derqvist (Lidl)<\/strong>: \u00abAl principio, me decepcion\u00f3 un poco perder contra Ethan otra vez por un peque\u00f1o margen, pero es un buen corredor y est\u00e1 en buena forma, as\u00ed que no puedo estar decepcionado mucho tiempo. Las pr\u00f3ximas etapas ser\u00e1n a\u00fan m\u00e1s interesantes que las contrarreloj; s\u00e9 que puedo competir en ellas, pero para m\u00ed es m\u00e1s divertido y un mayor reto intentar demostrar mi val\u00eda en terrenos diferentes, y con el equipo bien preparado tengo muchas ganas de afrontarlas. Ahora que Ethan lidera, no puedo fijarme demasiado en los dem\u00e1s, es \u00e9l a quien est\u00e1n buscando, y estoy concentrado en desafiarlo por el liderato. Una vez que conoces tus propios l\u00edmites, empieza a ser bastante aburrido, as\u00ed que solo quiero descubrirlos; es muy dif\u00edcil decir cu\u00e1les son mis l\u00edmites. No llevo mucho tiempo en este deporte y siempre he practicado ciclismo de monta\u00f1a. Las contrarreloj siempre me ir\u00e1n bien y seguiremos trabajando en ello durante el resto de mi carrera. El tiempo dir\u00e1 si me centrar\u00e9 m\u00e1s en las cl\u00e1sicas explosivas o en las carreras por etapas en el futuro\u00bb.<\/p>\n<p>\u00a0<\/p>\n<p><a href=\"https:\/\/www.europesays.com\/es\/wp-content\/uploads\/2025\/10\/Ethan-Hayter-en-el-podio-de-la-2a-etapa-del-Tour-de-Holanda-c-Soudal-Ciclo-21.jpg\" target=\"_blank\" rel=\"noopener\"><img loading=\"lazy\" decoding=\"async\" aria-describedby=\"caption-attachment-450576\" class=\"wp-image-450576 size-full lazy\" src=\"data:image\/svg+xml,%3Csvg%20xmlns=\" http:=\"\" data-src=\"https:\/\/www.europesays.com\/es\/wp-content\/uploads\/2025\/10\/Ethan-Hayter-en-el-podio-de-la-2a-etapa-del-Tour-de-Holanda-c-Soudal-Ciclo-21.jpg\" alt=\"\" width=\"1200\" height=\"800\" data- data-\/><\/a><\/p>\n<p id=\"caption-attachment-450576\" class=\"wp-caption-text\">Ethan Hayter en el podio de la 2\u00aa etapa del Tour de Holanda (c) Soudal<\/p>\n<p><a href=\"https:\/\/www.ciclo21.com\/prologo-tour-holanda-2025-hayter\/\" target=\"_blank\" rel=\"noopener nofollow\"><strong>Pr\u00f3logo: Hayter (Hayter)<\/strong><\/a> \/ <a href=\"https:\/\/www.ciclo21.com\/1a-tour-holanda-2025-merlier\/\" target=\"_blank\" rel=\"noopener nofollow\"><strong>1\u00aa: Merlier (S\u00f6derqvist)<\/strong><\/a>\u00a0<\/p>\n<p>Puntos\u00a0<a href=\"https:\/\/www.ciclo21.com\/category\/espana\/topciclo21\/\" target=\"_blank\" rel=\"noopener nofollow\"><strong>#TOPCiclo21<\/strong><\/a>:\u00a0<strong>Javier Serrano, 2<\/strong> (primer espa\u00f1ol etapa 2.1) \/\u00a0<strong>Manuel Pe\u00f1alver, 1<\/strong>\u00a0(primer sub-26)<\/p>\n<p><strong>CLASIFICACI\u00d3N 2\u00aa ETAPA<\/strong><\/p>\n<tr>\n<td>1<\/td>\n<td>\u00a0Hayter Ethan<\/td>\n<td>Soudal Quick-Step<\/td>\n<td>16.56,36<\/td>\n<\/tr>\n<tr>\n<td>2<\/td>\n<td>\u00a0S\u00f6derqvist Jakob<\/td>\n<td>Lidl \u2013 Trek<\/td>\n<td>0.03,47<\/td>\n<\/tr>\n<tr>\n<td>3<\/td>\n<td>\u00a0Laporte Christophe<\/td>\n<td>Team Visma | Lease a Bike<\/td>\n<td>0.15,14<\/td>\n<\/tr>\n<tr>\n<td>4<\/td>\n<td>\u00a0Segaert Alec<\/td>\n<td>Lotto<\/td>\n<td>0.16,05<\/td>\n<\/tr>\n<tr>\n<td>5<\/td>\n<td>\u00a0Hoole Daan<\/td>\n<td>Lidl \u2013 Trek<\/td>\n<td>0.17,99<\/td>\n<\/tr>\n<tr>\n<td>6<\/td>\n<td>\u00a0Tratnik Jan<\/td>\n<td>Red Bull \u2013 BORA \u2013 hansgrohe<\/td>\n<td>0.24,71<\/td>\n<\/tr>\n<tr>\n<td>7<\/td>\n<td>\u00a0Lampaert Yves<\/td>\n<td>Soudal Quick-Step<\/td>\n<td>0.25,18<\/td>\n<\/tr>\n<tr>\n<td>8<\/td>\n<td>\u00a0Lemmen Bart<\/td>\n<td>Team Visma | Lease a Bike<\/td>\n<td>0.26,73<\/td>\n<\/tr>\n<tr>\n<td>9<\/td>\n<td>\u00a0Frison Frederik<\/td>\n<td>Q36.5 Pro Cycling Team<\/td>\n<td>0.37,08<\/td>\n<\/tr>\n<tr>\n<td>10<\/td>\n<td>\u00a0Teutenberg Tim Torn<\/td>\n<td>Lidl \u2013 Trek<\/td>\n<td>0.39,07<\/td>\n<\/tr>\n<tr>\n<td>11<\/td>\n<td>\u00a0Van Hemelen Vincent<\/td>\n<td>Team Flanders \u2013 Baloise<\/td>\n<td>0.39,37<\/td>\n<\/tr>\n<tr>\n<td>12<\/td>\n<td>\u00a0Artz Huub<\/td>\n<td>Intermarch\u00e9 \u2013 Wanty<\/td>\n<td>0.40,96<\/td>\n<\/tr>\n<tr>\n<td>13<\/td>\n<td>\u00a0Eekhoff Nils<\/td>\n<td>Team Picnic PostNL<\/td>\n<td>0.41,81<\/td>\n<\/tr>\n<tr>\n<td>14<\/td>\n<td>\u00a0Rogers Cameron<\/td>\n<td>Lidl \u2013 Trek<\/td>\n<td>0.42,91<\/td>\n<\/tr>\n<tr>\n<td>15<\/td>\n<td>\u00a0Kubi\u0161 Luk\u00e1\u0161<\/td>\n<td>Unibet Tietema Rockets<\/td>\n<td>0.43,47<\/td>\n<\/tr>\n<tr>\n<td>16<\/td>\n<td>\u00a0Marsman Tim<\/td>\n<td>VolkerWessels Cycling Team<\/td>\n<td>0.43,61<\/td>\n<\/tr>\n<tr>\n<td>17<\/td>\n<td>\u00a0Price-Pejtersen Johan<\/td>\n<td>Alpecin \u2013 Deceuninck<\/td>\n<td>0.47,8<\/td>\n<\/tr>\n<tr>\n<td>18<\/td>\n<td>\u00a0Kopeck\u00fd Tom\u00e1\u0161<\/td>\n<td>Unibet Tietema Rockets<\/td>\n<td>0.48,26<\/td>\n<\/tr>\n<tr>\n<td>19<\/td>\n<td>\u00a0Lanhove Milan<\/td>\n<td>Team Flanders \u2013 Baloise<\/td>\n<td>0.50,18<\/td>\n<\/tr>\n<tr>\n<td>20<\/td>\n<td>\u00a0van der Wal Rik<\/td>\n<td>Diftar Continental Cyclingteam<\/td>\n<td>0.52,94<\/td>\n<\/tr>\n<tr>\n<td>21<\/td>\n<td>\u00a0Vanhoof Ward<\/td>\n<td>Team Flanders \u2013 Baloise<\/td>\n<td>0.53,16<\/td>\n<\/tr>\n<tr>\n<td>22<\/td>\n<td>\u00a0Veistroffer Baptiste<\/td>\n<td>Lotto<\/td>\n<td>0.53,46<\/td>\n<\/tr>\n<tr>\n<td>23<\/td>\n<td>\u00a0Orins Robin<\/td>\n<td>Lotto<\/td>\n<td>0.54,07<\/td>\n<\/tr>\n<tr>\n<td>24<\/td>\n<td>\u00a0Kockelmann Mathieu<\/td>\n<td>Lotto<\/td>\n<td>0.54,84<\/td>\n<\/tr>\n<tr>\n<td>25<\/td>\n<td>\u00a0Ma\u0142ecki Kamil<\/td>\n<td>Q36.5 Pro Cycling Team<\/td>\n<td>0.55,18<\/td>\n<\/tr>\n<tr>\n<td>26<\/td>\n<td>\u00a0Biesterbos Frits<\/td>\n<td>BEAT Cycling Club<\/td>\n<td>0.56,26<\/td>\n<\/tr>\n<tr>\n<td>27<\/td>\n<td>\u00a0Bol Cees<\/td>\n<td>XDS Astana Team<\/td>\n<td>1.01,38<\/td>\n<\/tr>\n<tr>\n<td>28<\/td>\n<td>\u00a0Reinderink Pepijn<\/td>\n<td>Soudal Quick-Step<\/td>\n<td>1.02,2<\/td>\n<\/tr>\n<tr>\n<td>29<\/td>\n<td>\u00a0Pajur Romet<\/td>\n<td>Red Bull \u2013 BORA \u2013 hansgrohe<\/td>\n<td>1.02,59<\/td>\n<\/tr>\n<tr>\n<td>30<\/td>\n<td>\u00a0Teunissen Mike<\/td>\n<td>XDS Astana Team<\/td>\n<td>1.03,64<\/td>\n<\/tr>\n<tr>\n<td>31<\/td>\n<td>\u00a0H\u00f8ydahl Jonas Kind<\/td>\n<td>Team Visma | Lease a Bike<\/td>\n<td>1.05,72<\/td>\n<\/tr>\n<tr>\n<td>32<\/td>\n<td>\u00a0Sinschek Nils<\/td>\n<td>Parkhotel Valkenburg<\/td>\n<td>1.05,75<\/td>\n<\/tr>\n<tr>\n<td>33<\/td>\n<td>\u00a0van den Berg Julius<\/td>\n<td>Team Picnic PostNL<\/td>\n<td>1.10,35<\/td>\n<\/tr>\n<tr>\n<td>34<\/td>\n<td>\u00a0Vermote Julien<\/td>\n<td>Team Visma | Lease a Bike<\/td>\n<td>1.11,08<\/td>\n<\/tr>\n<tr>\n<td>35<\/td>\n<td>\u00a0Coppens Michiel<\/td>\n<td>BEAT Cycling Club<\/td>\n<td>1.11,8<\/td>\n<\/tr>\n<tr>\n<td>36<\/td>\n<td>\u00a0Kooij Olav<\/td>\n<td>Team Visma | Lease a Bike<\/td>\n<td>1.11,85<\/td>\n<\/tr>\n<tr>\n<td>37<\/td>\n<td>\u00a0Plowright Jensen<\/td>\n<td>Alpecin \u2013 Deceuninck<\/td>\n<td>1.12,82<\/td>\n<\/tr>\n<tr>\n<td>38<\/td>\n<td>\u00a0Schelling Ide<\/td>\n<td>XDS Astana Team<\/td>\n<td>1.13,0<\/td>\n<\/tr>\n<tr>\n<td>39<\/td>\n<td>\u00a0Vader Milan<\/td>\n<td>Q36.5 Pro Cycling Team<\/td>\n<td>1.13,63<\/td>\n<\/tr>\n<tr>\n<td>40<\/td>\n<td>\u00a0de Vries Hartthijs<\/td>\n<td>Unibet Tietema Rockets<\/td>\n<td>1.13,76<\/td>\n<\/tr>\n<tr>\n<td>41<\/td>\n<td>\u00a0Vercouillie Victor<\/td>\n<td>Team Flanders \u2013 Baloise<\/td>\n<td>1.14,68<\/td>\n<\/tr>\n<tr>\n<td>42<\/td>\n<td>\u00a0Ottema Rick<\/td>\n<td>Diftar Continental Cyclingteam<\/td>\n<td>1.15,81<\/td>\n<\/tr>\n<tr>\n<td>43<\/td>\n<td>\u00a0Rasenberg Martijn<\/td>\n<td>Parkhotel Valkenburg<\/td>\n<td>1.17,14<\/td>\n<\/tr>\n<tr>\n<td>44<\/td>\n<td>\u00a0Sentjens Sente<\/td>\n<td>Alpecin \u2013 Deceuninck<\/td>\n<td>1.17,64<\/td>\n<\/tr>\n<tr>\n<td>45<\/td>\n<td>\u00a0Roosen Timo<\/td>\n<td>Team Picnic PostNL<\/td>\n<td>1.17,9<\/td>\n<\/tr>\n<tr>\n<td>46<\/td>\n<td>\u00a0Abma Elmar<\/td>\n<td>Intermarch\u00e9 \u2013 Wanty<\/td>\n<td>1.18,14<\/td>\n<\/tr>\n<tr>\n<td>47<\/td>\n<td>\u00a0Maestri Mirco<\/td>\n<td>Team Polti VisitMalta<\/td>\n<td>1.18,3<\/td>\n<\/tr>\n<tr>\n<td>48<\/td>\n<td>\u00a0Boulahoite Rayan<\/td>\n<td>Team TotalEnergies<\/td>\n<td>1.19,08<\/td>\n<\/tr>\n<tr>\n<td>49<\/td>\n<td>\u00a0Degenkolb John<\/td>\n<td>Team Picnic PostNL<\/td>\n<td>1.20,33<\/td>\n<\/tr>\n<tr>\n<td>50<\/td>\n<td>\u00a0van Poppel Danny<\/td>\n<td>Red Bull \u2013 BORA \u2013 hansgrohe<\/td>\n<td>1.20,5<\/td>\n<\/tr>\n<tr>\n<td>51<\/td>\n<td>\u00a0Bronswijk Mike<\/td>\n<td>Diftar Continental Cyclingteam<\/td>\n<td>1.21,64<\/td>\n<\/tr>\n<tr>\n<td>52<\/td>\n<td>\u00a0Turgis Anthony<\/td>\n<td>Team TotalEnergies<\/td>\n<td>1.23,69<\/td>\n<\/tr>\n<tr>\n<td>53<\/td>\n<td>\u00a0Grignard S\u00e9bastien<\/td>\n<td>Lotto<\/td>\n<td>1.23,72<\/td>\n<\/tr>\n<tr>\n<td>54<\/td>\n<td>\u00a0Visser Guillaume<\/td>\n<td>Diftar Continental Cyclingteam<\/td>\n<td>1.23,91<\/td>\n<\/tr>\n<tr>\n<td>55<\/td>\n<td>\u00a0Merlier Tim<\/td>\n<td>Soudal Quick-Step<\/td>\n<td>1.24,81<\/td>\n<\/tr>\n<tr>\n<td>56<\/td>\n<td>\u00a0Bouma Jelle<\/td>\n<td>Diftar Continental Cyclingteam<\/td>\n<td>1.26,61<\/td>\n<\/tr>\n<tr>\n<td>57<\/td>\n<td>\u00a0van Sintmaartensdijk Roel<\/td>\n<td>Intermarch\u00e9 \u2013 Wanty<\/td>\n<td>1.28,33<\/td>\n<\/tr>\n<tr>\n<td>58<\/td>\n<td>\u00a0Pietrobon Andrea<\/td>\n<td>Team Polti VisitMalta<\/td>\n<td>1.29,27<\/td>\n<\/tr>\n<tr>\n<td>59<\/td>\n<td>\u00a0Deweirdt Siebe<\/td>\n<td>Team Flanders \u2013 Baloise<\/td>\n<td>1.29,54<\/td>\n<\/tr>\n<tr>\n<td>60<\/td>\n<td>\u00a0Theuns Edward<\/td>\n<td>Lidl \u2013 Trek<\/td>\n<td>1.33,41<\/td>\n<\/tr>\n<tr>\n<td>61<\/td>\n<td>\u00a0Uglehus Mikal Grimstad<\/td>\n<td>Team Visma | Lease a Bike<\/td>\n<td>1.34,41<\/td>\n<\/tr>\n<tr>\n<td>62<\/td>\n<td>\u00a0Daemen Stijn<\/td>\n<td>VolkerWessels Cycling Team<\/td>\n<td>1.34,62<\/td>\n<\/tr>\n<tr>\n<td>63<\/td>\n<td>\u00a0Andresen Tobias Lund<\/td>\n<td>Team Picnic PostNL<\/td>\n<td>1.35,27<\/td>\n<\/tr>\n<tr>\n<td>64<\/td>\n<td>\u00a0de Jong Timo<\/td>\n<td>VolkerWessels Cycling Team<\/td>\n<td>1.36,62<\/td>\n<\/tr>\n<tr>\n<td>65<\/td>\n<td>\u00a0Smirnov Ivan<\/td>\n<td>XDS Astana Team<\/td>\n<td>1.37,28<\/td>\n<\/tr>\n<tr>\n<td>66<\/td>\n<td>\u00a0Liepi\u0146\u0161 Em\u012bls<\/td>\n<td>Q36.5 Pro Cycling Team<\/td>\n<td>1.37,29<\/td>\n<\/tr>\n<tr>\n<td>67<\/td>\n<td>\u00a0Clemmensen Theodor August<\/td>\n<td>Red Bull \u2013 BORA \u2013 hansgrohe<\/td>\n<td>1.37,3<\/td>\n<\/tr>\n<tr>\n<td>68<\/td>\n<td>\u00a0Goossens Simon<\/td>\n<td>Alpecin \u2013 Deceuninck<\/td>\n<td>1.38,4<\/td>\n<\/tr>\n<tr>\n<td>69<\/td>\n<td>\u00a0De Lie Arnaud<\/td>\n<td>Lotto<\/td>\n<td>1.38,75<\/td>\n<\/tr>\n<tr>\n<td>70<\/td>\n<td>\u00a0Crockett Finn<\/td>\n<td>VolkerWessels Cycling Team<\/td>\n<td>1.39,67<\/td>\n<\/tr>\n<tr>\n<td>71<\/td>\n<td>\u00a0G\u00f3mez Germ\u00e1n Dar\u00edo<\/td>\n<td>Team Polti VisitMalta<\/td>\n<td>1.42,14<\/td>\n<\/tr>\n<tr>\n<td>72<\/td>\n<td>\u00a0Bastiaens Ayco<\/td>\n<td>Soudal Quick-Step<\/td>\n<td>1.42,63<\/td>\n<\/tr>\n<tr>\n<td>73<\/td>\n<td>\u00a0Ballerini Davide<\/td>\n<td>XDS Astana Team<\/td>\n<td>1.44,42<\/td>\n<\/tr>\n<tr>\n<td>74<\/td>\n<td>\u00a0Raccagni Gabriele<\/td>\n<td>Team Polti VisitMalta<\/td>\n<td>1.45,31<\/td>\n<\/tr>\n<tr>\n<td>75<\/td>\n<td>\u00a0Thijssen Gerben<\/td>\n<td>Intermarch\u00e9 \u2013 Wanty<\/td>\n<td>1.46,94<\/td>\n<\/tr>\n<tr>\n<td>76<\/td>\n<td>\u00a0Appel Stijn<\/td>\n<td>BEAT Cycling Club<\/td>\n<td>1.47,15<\/td>\n<\/tr>\n<tr>\n<td>77<\/td>\n<td>\u00a0Habets Jordan<\/td>\n<td>Metec \u2013 SOLARWATT p\/b Mantel<\/td>\n<td>1.47,28<\/td>\n<\/tr>\n<tr>\n<td>78<\/td>\n<td>\u00a0Van Lerberghe Bert<\/td>\n<td>Soudal Quick-Step<\/td>\n<td>1.48,24<\/td>\n<\/tr>\n<tr>\n<td>79<\/td>\n<td>\u00a0Heremans Joppe<\/td>\n<td>VolkerWessels Cycling Team<\/td>\n<td>1.48,78<\/td>\n<\/tr>\n<tr>\n<td>80<\/td>\n<td>\u00a0Koch Jonas<\/td>\n<td>Red Bull \u2013 BORA \u2013 hansgrohe<\/td>\n<td>1.51,16<\/td>\n<\/tr>\n<tr>\n<td>81<\/td>\n<td>\u00a0Konings Roan<\/td>\n<td>Metec \u2013 SOLARWATT p\/b Mantel<\/td>\n<td>1.58,79<\/td>\n<\/tr>\n<tr>\n<td>82<\/td>\n<td>\u00a0Moschetti Matteo<\/td>\n<td>Q36.5 Pro Cycling Team<\/td>\n<td>1.59,3<\/td>\n<\/tr>\n<tr>\n<td>83<\/td>\n<td>\u00a0Declercq Tim<\/td>\n<td>Lidl \u2013 Trek<\/td>\n<td>1.59,6<\/td>\n<\/tr>\n<tr>\n<td>84<\/td>\n<td>\u00a0Syritsa Gleb<\/td>\n<td>XDS Astana Team<\/td>\n<td>2.00,39<\/td>\n<\/tr>\n<tr>\n<td>85<\/td>\n<td>\u00a0van der Hoorn Taco<\/td>\n<td>Intermarch\u00e9 \u2013 Wanty<\/td>\n<td>2.02,71<\/td>\n<\/tr>\n<tr>\n<td>86<\/td>\n<td>\u00a0Kroonen Max<\/td>\n<td>VolkerWessels Cycling Team<\/td>\n<td>2.03,62<\/td>\n<\/tr>\n<tr>\n<td>87<\/td>\n<td>\u00a0Dujardin Sandy<\/td>\n<td>Team TotalEnergies<\/td>\n<td>2.04,05<\/td>\n<\/tr>\n<tr>\n<td>88<\/td>\n<td>\u00a0Verburg Luke<\/td>\n<td>Parkhotel Valkenburg<\/td>\n<td>2.04,08<\/td>\n<\/tr>\n<tr>\n<td>89<\/td>\n<td>\u00a0Kerckhaert Jochem<\/td>\n<td>BEAT Cycling Club<\/td>\n<td>2.05,14<\/td>\n<\/tr>\n<tr>\n<td>90<\/td>\n<td>\u00a0Dissel Bram<\/td>\n<td>BEAT Cycling Club<\/td>\n<td>2.07,31<\/td>\n<\/tr>\n<tr>\n<td>91<\/td>\n<td>\u00a0Behrens Timo<\/td>\n<td>Alpecin \u2013 Deceuninck<\/td>\n<td>2.08,82<\/td>\n<\/tr>\n<tr>\n<td>92<\/td>\n<td>\u00a0Crabbe Tom<\/td>\n<td>Team Flanders \u2013 Baloise<\/td>\n<td>2.09,48<\/td>\n<\/tr>\n<tr>\n<td>93<\/td>\n<td>\u00a0Hoogendoorn Roy<\/td>\n<td>Metec \u2013 SOLARWATT p\/b Mantel<\/td>\n<td>2.09,82<\/td>\n<\/tr>\n<tr>\n<td>94<\/td>\n<td>\u00a0Parisini Nicol\u00f2<\/td>\n<td>Q36.5 Pro Cycling Team<\/td>\n<td>2.16,94<\/td>\n<\/tr>\n<tr>\n<td>95<\/td>\n<td>\u00a0Tusveld Martijn<\/td>\n<td>BEAT Cycling Club<\/td>\n<td>2.18,78<\/td>\n<\/tr>\n<tr>\n<td>96<\/td>\n<td>\u00a0Tesson Jason<\/td>\n<td>Team TotalEnergies<\/td>\n<td>2.20,68<\/td>\n<\/tr>\n<tr>\n<td>97<\/td>\n<td>\u00a0Dehairs Simon<\/td>\n<td>Alpecin \u2013 Deceuninck<\/td>\n<td>2.20,98<\/td>\n<\/tr>\n<tr>\n<td>98<\/td>\n<td>\u00a0Serrano Javier<\/td>\n<td>Team Polti VisitMalta<\/td>\n<td>2.24,23<\/td>\n<\/tr>\n<tr>\n<td>99<\/td>\n<td>\u00a0Pe\u00f1alver Manuel<\/td>\n<td>Team Polti VisitMalta<\/td>\n<td>2.25,6<\/td>\n<\/tr>\n<tr>\n<td>100<\/td>\n<td>\u00a0Marcerou Nicola<\/td>\n<td>Team TotalEnergies<\/td>\n<td>2.34,51<\/td>\n<\/tr>\n<tr>\n<td>101<\/td>\n<td>\u00a0Weulink Meindert<\/td>\n<td>Parkhotel Valkenburg<\/td>\n<td>2.34,8<\/td>\n<\/tr>\n<tr>\n<td>102<\/td>\n<td>\u00a0Broex Victor<\/td>\n<td>Metec \u2013 SOLARWATT p\/b Mantel<\/td>\n<td>2.36,13<\/td>\n<\/tr>\n<tr>\n<td>103<\/td>\n<td>\u00a0\u0164oupal\u00edk Adam<\/td>\n<td>Unibet Tietema Rockets<\/td>\n<td>2.36,95<\/td>\n<\/tr>\n<tr>\n<td>104<\/td>\n<td>\u00a0Bloem Joren<\/td>\n<td>Unibet Tietema Rockets<\/td>\n<td>2.39,58<\/td>\n<\/tr>\n<tr>\n<td>105<\/td>\n<td>\u00a0Avondts Mathis<\/td>\n<td>Parkhotel Valkenburg<\/td>\n<td>2.41,27<\/td>\n<\/tr>\n<tr>\n<td>106<\/td>\n<td>\u00a0Hoornsman Niek<\/td>\n<td>Metec \u2013 SOLARWATT p\/b Mantel<\/td>\n<td>2.46,2<\/td>\n<\/tr>\n<tr>\n<td>107<\/td>\n<td>\u00a0Vergouw Julian<\/td>\n<td>Metec \u2013 SOLARWATT p\/b Mantel<\/td>\n<td>2.48,63<\/td>\n<\/tr>\n<tr>\n<td>108<\/td>\n<td>\u00a0Rouffaer Lars<\/td>\n<td>Diftar Continental Cyclingteam<\/td>\n<td>2.57,0<\/td>\n<\/tr>\n<tr>\n<td>109<\/td>\n<td>\u00a0Jakobsen Fabio<\/td>\n<td>Team Picnic PostNL<\/td>\n<td>3.45,62<\/td>\n<\/tr>\n<p><strong>GENERAL TRAS 2\u00aa ETAPA<\/strong><\/p>\n<tr>\n<td>1<\/td>\n<td>\u00a0Hayter Ethan<\/td>\n<td>Soudal Quick-Step<\/td>\n<td>2:54:28<\/td>\n<\/tr>\n<tr>\n<td>2<\/td>\n<td>\u00a0S\u00f6derqvist Jakob<\/td>\n<td>Lidl \u2013 Trek<\/td>\n<td>0:02<\/td>\n<\/tr>\n<tr>\n<td>3<\/td>\n<td>\u00a0Laporte Christophe<\/td>\n<td>Team Visma | Lease a Bike<\/td>\n<td>0:19<\/td>\n<\/tr>\n<tr>\n<td>4<\/td>\n<td>\u00a0Segaert Alec<\/td>\n<td>Lotto<\/td>\n<td>0:24<\/td>\n<\/tr>\n<tr>\n<td>5<\/td>\n<td>\u00a0Hoole Daan<\/td>\n<td>Lidl \u2013 Trek<\/td>\n<td>0:26<\/td>\n<\/tr>\n<tr>\n<td>6<\/td>\n<td>\u00a0Lampaert Yves<\/td>\n<td>Soudal Quick-Step<\/td>\n<td>0:33<\/td>\n<\/tr>\n<tr>\n<td>7<\/td>\n<td>\u00a0Lemmen Bart<\/td>\n<td>Team Visma | Lease a Bike<\/td>\n<td>0:36<\/td>\n<\/tr>\n<tr>\n<td>8<\/td>\n<td>\u00a0Tratnik Jan<\/td>\n<td>Red Bull \u2013 BORA \u2013 hansgrohe<\/td>\n<td>0:37<\/td>\n<\/tr>\n<tr>\n<td>9<\/td>\n<td>\u00a0Rogers Cameron<\/td>\n<td>Lidl \u2013 Trek<\/td>\n<td>0:42<\/td>\n<\/tr>\n<tr>\n<td>10<\/td>\n<td>\u00a0Teutenberg Tim Torn<\/td>\n<td>Lidl \u2013 Trek<\/td>\n<td>0:45<\/td>\n<\/tr>\n<tr>\n<td>11<\/td>\n<td>\u00a0Artz Huub<\/td>\n<td>Intermarch\u00e9 \u2013 Wanty<\/td>\n<td>,,<\/td>\n<\/tr>\n<tr>\n<td>12<\/td>\n<td>\u00a0Eekhoff Nils<\/td>\n<td>Team Picnic PostNL<\/td>\n<td>0:48<\/td>\n<\/tr>\n<tr>\n<td>13<\/td>\n<td>\u00a0Van Hemelen Vincent<\/td>\n<td>Team Flanders \u2013 Baloise<\/td>\n<td>,,<\/td>\n<\/tr>\n<tr>\n<td>14<\/td>\n<td>\u00a0Frison Frederik<\/td>\n<td>Q36.5 Pro Cycling Team<\/td>\n<td>0:49<\/td>\n<\/tr>\n<tr>\n<td>15<\/td>\n<td>\u00a0Marsman Tim<\/td>\n<td>VolkerWessels Cycling Team<\/td>\n<td>0:53<\/td>\n<\/tr>\n<tr>\n<td>16<\/td>\n<td>\u00a0Kubi\u0161 Luk\u00e1\u0161<\/td>\n<td>Unibet Tietema Rockets<\/td>\n<td>0:54<\/td>\n<\/tr>\n<tr>\n<td>17<\/td>\n<td>\u00a0Lanhove Milan<\/td>\n<td>Team Flanders \u2013 Baloise<\/td>\n<td>0:58<\/td>\n<\/tr>\n<tr>\n<td>18<\/td>\n<td>\u00a0Kopeck\u00fd Tom\u00e1\u0161<\/td>\n<td>Unibet Tietema Rockets<\/td>\n<td>1:00<\/td>\n<\/tr>\n<tr>\n<td>19<\/td>\n<td>\u00a0Vanhoof Ward<\/td>\n<td>Team Flanders \u2013 Baloise<\/td>\n<td>1:05<\/td>\n<\/tr>\n<tr>\n<td>20<\/td>\n<td>\u00a0Ma\u0142ecki Kamil<\/td>\n<td>Q36.5 Pro Cycling Team<\/td>\n<td>,,<\/td>\n<\/tr>\n<tr>\n<td>21<\/td>\n<td>\u00a0Orins Robin<\/td>\n<td>Lotto<\/td>\n<td>1:06<\/td>\n<\/tr>\n<tr>\n<td>22<\/td>\n<td>\u00a0Biesterbos Frits<\/td>\n<td>BEAT Cycling Club<\/td>\n<td>1:08<\/td>\n<\/tr>\n<tr>\n<td>23<\/td>\n<td>\u00a0Kockelmann Mathieu<\/td>\n<td>Lotto<\/td>\n<td>,,<\/td>\n<\/tr>\n<tr>\n<td>24<\/td>\n<td>\u00a0Veistroffer Baptiste<\/td>\n<td>Lotto<\/td>\n<td>,,<\/td>\n<\/tr>\n<tr>\n<td>25<\/td>\n<td>\u00a0Pajur Romet<\/td>\n<td>Red Bull \u2013 BORA \u2013 hansgrohe<\/td>\n<td>1:12<\/td>\n<\/tr>\n<tr>\n<td>26<\/td>\n<td>\u00a0Kooij Olav<\/td>\n<td>Team Visma | Lease a Bike<\/td>\n<td>1:13<\/td>\n<\/tr>\n<tr>\n<td>27<\/td>\n<td>\u00a0Bol Cees<\/td>\n<td>XDS Astana Team<\/td>\n<td>,,<\/td>\n<\/tr>\n<tr>\n<td>28<\/td>\n<td>\u00a0Reinderink Pepijn<\/td>\n<td>Soudal Quick-Step<\/td>\n<td>1:14<\/td>\n<\/tr>\n<tr>\n<td>29<\/td>\n<td>\u00a0van der Wal Rik<\/td>\n<td>Diftar Continental Cyclingteam<\/td>\n<td>,,<\/td>\n<\/tr>\n<tr>\n<td>30<\/td>\n<td>\u00a0Teunissen Mike<\/td>\n<td>XDS Astana Team<\/td>\n<td>1:25<\/td>\n<\/tr>\n<tr>\n<td>31<\/td>\n<td>\u00a0H\u00f8ydahl Jonas Kind<\/td>\n<td>Team Visma | Lease a Bike<\/td>\n<td>,,<\/td>\n<\/tr>\n<tr>\n<td>32<\/td>\n<td>\u00a0Vercouillie Victor<\/td>\n<td>Team Flanders \u2013 Baloise<\/td>\n<td>1:26<\/td>\n<\/tr>\n<tr>\n<td>33<\/td>\n<td>\u00a0Plowright Jensen<\/td>\n<td>Alpecin \u2013 Deceuninck<\/td>\n<td>1:27<\/td>\n<\/tr>\n<tr>\n<td>34<\/td>\n<td>\u00a0Schelling Ide<\/td>\n<td>XDS Astana Team<\/td>\n<td>1:29<\/td>\n<\/tr>\n<tr>\n<td>35<\/td>\n<td>\u00a0de Vries Hartthijs<\/td>\n<td>Unibet Tietema Rockets<\/td>\n<td>1:30<\/td>\n<\/tr>\n<tr>\n<td>36<\/td>\n<td>\u00a0van Poppel Danny<\/td>\n<td>Red Bull \u2013 BORA \u2013 hansgrohe<\/td>\n<td>1:31<\/td>\n<\/tr>\n<tr>\n<td>37<\/td>\n<td>\u00a0Vader Milan<\/td>\n<td>Q36.5 Pro Cycling Team<\/td>\n<td>,,<\/td>\n<\/tr>\n<tr>\n<td>38<\/td>\n<td>\u00a0Roosen Timo<\/td>\n<td>Team Picnic PostNL<\/td>\n<td>1:32<\/td>\n<\/tr>\n<tr>\n<td>39<\/td>\n<td>\u00a0Sentjens Sente<\/td>\n<td>Alpecin \u2013 Deceuninck<\/td>\n<td>,,<\/td>\n<\/tr>\n<tr>\n<td>40<\/td>\n<td>\u00a0Vermote Julien<\/td>\n<td>Team Visma | Lease a Bike<\/td>\n<td>,,<\/td>\n<\/tr>\n<tr>\n<td>41<\/td>\n<td>\u00a0Sinschek Nils<\/td>\n<td>Parkhotel Valkenburg<\/td>\n<td>,,<\/td>\n<\/tr>\n<tr>\n<td>42<\/td>\n<td>\u00a0Merlier Tim<\/td>\n<td>Soudal Quick-Step<\/td>\n<td>1:34<\/td>\n<\/tr>\n<tr>\n<td>43<\/td>\n<td>\u00a0Maestri Mirco<\/td>\n<td>Team Polti VisitMalta<\/td>\n<td>1:36<\/td>\n<\/tr>\n<tr>\n<td>44<\/td>\n<td>\u00a0Rasenberg Martijn<\/td>\n<td>Parkhotel Valkenburg<\/td>\n<td>,,<\/td>\n<\/tr>\n<tr>\n<td>45<\/td>\n<td>\u00a0Ottema Rick<\/td>\n<td>Diftar Continental Cyclingteam<\/td>\n<td>,,<\/td>\n<\/tr>\n<tr>\n<td>46<\/td>\n<td>\u00a0Boulahoite Rayan<\/td>\n<td>Team TotalEnergies<\/td>\n<td>1:37<\/td>\n<\/tr>\n<tr>\n<td>47<\/td>\n<td>\u00a0Turgis Anthony<\/td>\n<td>Team TotalEnergies<\/td>\n<td>1:40<\/td>\n<\/tr>\n<tr>\n<td>48<\/td>\n<td>\u00a0Bronswijk Mike<\/td>\n<td>Diftar Continental Cyclingteam<\/td>\n<td>1:41<\/td>\n<\/tr>\n<tr>\n<td>49<\/td>\n<td>\u00a0Visser Guillaume<\/td>\n<td>Diftar Continental Cyclingteam<\/td>\n<td>1:43<\/td>\n<\/tr>\n<tr>\n<td>50<\/td>\n<td>\u00a0Abma Elmar<\/td>\n<td>Intermarch\u00e9 \u2013 Wanty<\/td>\n<td>,,<\/td>\n<\/tr>\n<tr>\n<td>51<\/td>\n<td>\u00a0Pietrobon Andrea<\/td>\n<td>Team Polti VisitMalta<\/td>\n<td>1:47<\/td>\n<\/tr>\n<tr>\n<td>52<\/td>\n<td>\u00a0Theuns Edward<\/td>\n<td>Lidl \u2013 Trek<\/td>\n<td>1:48<\/td>\n<\/tr>\n<tr>\n<td>53<\/td>\n<td>\u00a0Grignard S\u00e9bastien<\/td>\n<td>Lotto<\/td>\n<td>,,<\/td>\n<\/tr>\n<tr>\n<td>54<\/td>\n<td>\u00a0Andresen Tobias Lund<\/td>\n<td>Team Picnic PostNL<\/td>\n<td>1:50<\/td>\n<\/tr>\n<tr>\n<td>55<\/td>\n<td>\u00a0van Sintmaartensdijk Roel<\/td>\n<td>Intermarch\u00e9 \u2013 Wanty<\/td>\n<td>1:53<\/td>\n<\/tr>\n<tr>\n<td>56<\/td>\n<td>\u00a0De Lie Arnaud<\/td>\n<td>Lotto<\/td>\n<td>1:54<\/td>\n<\/tr>\n<tr>\n<td>57<\/td>\n<td>\u00a0Price-Pejtersen Johan<\/td>\n<td>Alpecin \u2013 Deceuninck<\/td>\n<td>,,<\/td>\n<\/tr>\n<tr>\n<td>58<\/td>\n<td>\u00a0Goossens Simon<\/td>\n<td>Alpecin \u2013 Deceuninck<\/td>\n<td>,,<\/td>\n<\/tr>\n<tr>\n<td>59<\/td>\n<td>\u00a0Clemmensen Theodor August<\/td>\n<td>Red Bull \u2013 BORA \u2013 hansgrohe<\/td>\n<td>,,<\/td>\n<\/tr>\n<tr>\n<td>60<\/td>\n<td>\u00a0Liepi\u0146\u0161 Em\u012bls<\/td>\n<td>Q36.5 Pro Cycling Team<\/td>\n<td>1:55<\/td>\n<\/tr>\n<tr>\n<td>61<\/td>\n<td>\u00a0Deweirdt Siebe<\/td>\n<td>Team Flanders \u2013 Baloise<\/td>\n<td>,,<\/td>\n<\/tr>\n<tr>\n<td>62<\/td>\n<td>\u00a0de Jong Timo<\/td>\n<td>VolkerWessels Cycling Team<\/td>\n<td>1:56<\/td>\n<\/tr>\n<tr>\n<td>63<\/td>\n<td>\u00a0Uglehus Mikal Grimstad<\/td>\n<td>Team Visma | Lease a Bike<\/td>\n<td>,,<\/td>\n<\/tr>\n<tr>\n<td>64<\/td>\n<td>\u00a0Daemen Stijn<\/td>\n<td>VolkerWessels Cycling Team<\/td>\n<td>1:57<\/td>\n<\/tr>\n<tr>\n<td>65<\/td>\n<td>\u00a0Crockett Finn<\/td>\n<td>VolkerWessels Cycling Team<\/td>\n<td>2:00<\/td>\n<\/tr>\n<tr>\n<td>66<\/td>\n<td>\u00a0Ballerini Davide<\/td>\n<td>XDS Astana Team<\/td>\n<td>2:02<\/td>\n<\/tr>\n<tr>\n<td>67<\/td>\n<td>\u00a0van den Berg Julius<\/td>\n<td>Team Picnic PostNL<\/td>\n<td>2:03<\/td>\n<\/tr>\n<tr>\n<td>68<\/td>\n<td>\u00a0Van Lerberghe Bert<\/td>\n<td>Soudal Quick-Step<\/td>\n<td>2:05<\/td>\n<\/tr>\n<tr>\n<td>69<\/td>\n<td>\u00a0Raccagni Gabriele<\/td>\n<td>Team Polti VisitMalta<\/td>\n<td>2:06<\/td>\n<\/tr>\n<tr>\n<td>70<\/td>\n<td>\u00a0Heremans Joppe<\/td>\n<td>VolkerWessels Cycling Team<\/td>\n<td>2:10<\/td>\n<\/tr>\n<tr>\n<td>71<\/td>\n<td>\u00a0G\u00f3mez Germ\u00e1n Dar\u00edo<\/td>\n<td>Team Polti VisitMalta<\/td>\n<td>,,<\/td>\n<\/tr>\n<tr>\n<td>72<\/td>\n<td>\u00a0Appel Stijn<\/td>\n<td>BEAT Cycling Club<\/td>\n<td>2:14<\/td>\n<\/tr>\n<tr>\n<td>73<\/td>\n<td>\u00a0Declercq Tim<\/td>\n<td>Lidl \u2013 Trek<\/td>\n<td>2:25<\/td>\n<\/tr>\n<tr>\n<td>74<\/td>\n<td>\u00a0Kroonen Max<\/td>\n<td>VolkerWessels Cycling Team<\/td>\n<td>2:26<\/td>\n<\/tr>\n<tr>\n<td>75<\/td>\n<td>\u00a0Habets Jordan<\/td>\n<td>Metec \u2013 SOLARWATT p\/b Mantel<\/td>\n<td>,,<\/td>\n<\/tr>\n<tr>\n<td>76<\/td>\n<td>\u00a0Thijssen Gerben<\/td>\n<td>Intermarch\u00e9 \u2013 Wanty<\/td>\n<td>2:28<\/td>\n<\/tr>\n<tr>\n<td>77<\/td>\n<td>\u00a0Crabbe Tom<\/td>\n<td>Team Flanders \u2013 Baloise<\/td>\n<td>2:30<\/td>\n<\/tr>\n<tr>\n<td>78<\/td>\n<td>\u00a0Dissel Bram<\/td>\n<td>BEAT Cycling Club<\/td>\n<td>,,<\/td>\n<\/tr>\n<tr>\n<td>79<\/td>\n<td>\u00a0Behrens Timo<\/td>\n<td>Alpecin \u2013 Deceuninck<\/td>\n<td>2:31<\/td>\n<\/tr>\n<tr>\n<td>80<\/td>\n<td>\u00a0Konings Roan<\/td>\n<td>Metec \u2013 SOLARWATT p\/b Mantel<\/td>\n<td>,,<\/td>\n<\/tr>\n<tr>\n<td>81<\/td>\n<td>\u00a0Dujardin Sandy<\/td>\n<td>Team TotalEnergies<\/td>\n<td>2:32<\/td>\n<\/tr>\n<tr>\n<td>82<\/td>\n<td>\u00a0Kerckhaert Jochem<\/td>\n<td>BEAT Cycling Club<\/td>\n<td>2:33<\/td>\n<\/tr>\n<tr>\n<td>83<\/td>\n<td>\u00a0Smirnov Ivan<\/td>\n<td>XDS Astana Team<\/td>\n<td>2:35<\/td>\n<\/tr>\n<tr>\n<td>84<\/td>\n<td>\u00a0Hoogendoorn Roy<\/td>\n<td>Metec \u2013 SOLARWATT p\/b Mantel<\/td>\n<td>2:43<\/td>\n<\/tr>\n<tr>\n<td>85<\/td>\n<td>\u00a0Degenkolb John<\/td>\n<td>Team Picnic PostNL<\/td>\n<td>2:51<\/td>\n<\/tr>\n<tr>\n<td>86<\/td>\n<td>\u00a0Bloem Joren<\/td>\n<td>Unibet Tietema Rockets<\/td>\n<td>2:52<\/td>\n<\/tr>\n<tr>\n<td>87<\/td>\n<td>\u00a0\u0164oupal\u00edk Adam<\/td>\n<td>Unibet Tietema Rockets<\/td>\n<td>2:57<\/td>\n<\/tr>\n<tr>\n<td>88<\/td>\n<td>\u00a0Pe\u00f1alver Manuel<\/td>\n<td>Team Polti VisitMalta<\/td>\n<td>,,<\/td>\n<\/tr>\n<tr>\n<td>89<\/td>\n<td>\u00a0Moschetti Matteo<\/td>\n<td>Q36.5 Pro Cycling Team<\/td>\n<td>2:58<\/td>\n<\/tr>\n<tr>\n<td>90<\/td>\n<td>\u00a0Weulink Meindert<\/td>\n<td>Parkhotel Valkenburg<\/td>\n<td>3:10<\/td>\n<\/tr>\n<tr>\n<td>91<\/td>\n<td>\u00a0Parisini Nicol\u00f2<\/td>\n<td>Q36.5 Pro Cycling Team<\/td>\n<td>3:14<\/td>\n<\/tr>\n<tr>\n<td>92<\/td>\n<td>\u00a0Dehairs Simon<\/td>\n<td>Alpecin \u2013 Deceuninck<\/td>\n<td>3:20<\/td>\n<\/tr>\n<tr>\n<td>93<\/td>\n<td>\u00a0Broex Victor<\/td>\n<td>Metec \u2013 SOLARWATT p\/b Mantel<\/td>\n<td>3:24<\/td>\n<\/tr>\n<tr>\n<td>94<\/td>\n<td>\u00a0Vergouw Julian<\/td>\n<td>Metec \u2013 SOLARWATT p\/b Mantel<\/td>\n<td>3:25<\/td>\n<\/tr>\n<tr>\n<td>95<\/td>\n<td>\u00a0Avondts Mathis<\/td>\n<td>Parkhotel Valkenburg<\/td>\n<td>3:27<\/td>\n<\/tr>\n<tr>\n<td>96<\/td>\n<td>\u00a0Marcerou Nicola<\/td>\n<td>Team TotalEnergies<\/td>\n<td>,,<\/td>\n<\/tr>\n<tr>\n<td>97<\/td>\n<td>\u00a0Rouffaer Lars<\/td>\n<td>Diftar Continental Cyclingteam<\/td>\n<td>3:36<\/td>\n<\/tr>\n<tr>\n<td>98<\/td>\n<td>\u00a0Syritsa Gleb<\/td>\n<td>XDS Astana Team<\/td>\n<td>3:39<\/td>\n<\/tr>\n<tr>\n<td>99<\/td>\n<td>\u00a0Coppens Michiel<\/td>\n<td>BEAT Cycling Club<\/td>\n<td>3:57<\/td>\n<\/tr>\n<tr>\n<td>100<\/td>\n<td>\u00a0Verburg Luke<\/td>\n<td>Parkhotel Valkenburg<\/td>\n<td>4:03<\/td>\n<\/tr>\n<tr>\n<td>101<\/td>\n<td>\u00a0Tusveld Martijn<\/td>\n<td>BEAT Cycling Club<\/td>\n<td>4:36<\/td>\n<\/tr>\n<tr>\n<td>102<\/td>\n<td>\u00a0Bastiaens Ayco<\/td>\n<td>Soudal Quick-Step<\/td>\n<td>4:37<\/td>\n<\/tr>\n<tr>\n<td>103<\/td>\n<td>\u00a0Bouma Jelle<\/td>\n<td>Diftar Continental Cyclingteam<\/td>\n<td>4:40<\/td>\n<\/tr>\n<tr>\n<td>104<\/td>\n<td>\u00a0Koch Jonas<\/td>\n<td>Red Bull \u2013 BORA \u2013 hansgrohe<\/td>\n<td>4:42<\/td>\n<\/tr>\n<tr>\n<td>105<\/td>\n<td>\u00a0van der Hoorn Taco<\/td>\n<td>Intermarch\u00e9 \u2013 Wanty<\/td>\n<td>5:06<\/td>\n<\/tr>\n<tr>\n<td>106<\/td>\n<td>\u00a0Serrano Javier<\/td>\n<td>Team Polti VisitMalta<\/td>\n<td>5:13<\/td>\n<\/tr>\n<tr>\n<td>107<\/td>\n<td>\u00a0Hoornsman Niek<\/td>\n<td>Metec \u2013 SOLARWATT p\/b Mantel<\/td>\n<td>5:35<\/td>\n<\/tr>\n<tr>\n<td>108<\/td>\n<td>\u00a0Tesson Jason<\/td>\n<td>Team TotalEnergies<\/td>\n<td>6:16<\/td>\n<\/tr>\n<tr>\n<td>109<\/td>\n<td>\u00a0Jakobsen Fabio<\/td>\n<td>Team Picnic PostNL<\/td>\n<td>8:57<\/td>\n<\/tr>\n<p><strong>DORSALES OFICIALES<\/strong><\/p>\n<p><script async src=\"https:\/\/platform.twitter.com\/widgets.js\" charset=\"utf-8\"><\/script><\/p>\n","protected":false},"excerpt":{"rendered":"2\u00aa: Jueves 16 octubre. Etten-Leur \u2013 Etten-Leur (CRI) (14,8 km) \ud83d\udea8\ud83e\udd75 La \ud835\udfd1\ud835\udfd1 en Pa\u00edses Bajos \ud83d\udd25 Jakob&hellip;\n","protected":false},"author":2,"featured_media":181470,"comment_status":"","ping_status":"","sticky":false,"template":"","format":"standard","meta":{"footnotes":""},"categories":[273],"tags":[313,312,168,25,24,41458,23,167,50476,50477],"class_list":{"0":"post-181469","1":"post","2":"type-post","3":"status-publish","4":"format-standard","5":"has-post-thumbnail","7":"category-ciclismo","8":"tag-ciclismo","9":"tag-cycling","10":"tag-deportes","11":"tag-es","12":"tag-espana","13":"tag-ethan-hayter","14":"tag-spain","15":"tag-sports","16":"tag-tour-holanda","17":"tag-tour-holanda-2025"},"share_on_mastodon":{"url":"","error":""},"_links":{"self":[{"href":"https:\/\/www.europesays.com\/es\/wp-json\/wp\/v2\/posts\/181469","targetHints":{"allow":["GET"]}}],"collection":[{"href":"https:\/\/www.europesays.com\/es\/wp-json\/wp\/v2\/posts"}],"about":[{"href":"https:\/\/www.europesays.com\/es\/wp-json\/wp\/v2\/types\/post"}],"author":[{"embeddable":true,"href":"https:\/\/www.europesays.com\/es\/wp-json\/wp\/v2\/users\/2"}],"replies":[{"embeddable":true,"href":"https:\/\/www.europesays.com\/es\/wp-json\/wp\/v2\/comments?post=181469"}],"version-history":[{"count":0,"href":"https:\/\/www.europesays.com\/es\/wp-json\/wp\/v2\/posts\/181469\/revisions"}],"wp:featuredmedia":[{"embeddable":true,"href":"https:\/\/www.europesays.com\/es\/wp-json\/wp\/v2\/media\/181470"}],"wp:attachment":[{"href":"https:\/\/www.europesays.com\/es\/wp-json\/wp\/v2\/media?parent=181469"}],"wp:term":[{"taxonomy":"category","embeddable":true,"href":"https:\/\/www.europesays.com\/es\/wp-json\/wp\/v2\/categories?post=181469"},{"taxonomy":"post_tag","embeddable":true,"href":"https:\/\/www.europesays.com\/es\/wp-json\/wp\/v2\/tags?post=181469"}],"curies":[{"name":"wp","href":"https:\/\/api.w.org\/{rel}","templated":true}]}}