{"id":181477,"date":"2025-10-16T21:21:10","date_gmt":"2025-10-16T21:21:10","guid":{"rendered":"https:\/\/www.europesays.com\/es\/181477\/"},"modified":"2025-10-16T21:21:10","modified_gmt":"2025-10-16T21:21:10","slug":"rosalia-anuncia-un-album-hecho-por-primera-vez-sin-miedo-al-fracaso","status":"publish","type":"post","link":"https:\/\/www.europesays.com\/es\/181477\/","title":{"rendered":"Rosal\u00eda anuncia un \u00e1lbum hecho \u201cpor primera vez sin miedo al fracaso\u201d"},"content":{"rendered":"<p class=\"ft-text ft-helper-closenews\">En un momento en que comienza a olfatearse el \u2018crescendo\u2019 promocional que conducir\u00e1 a su cuarto \u00e1lbum, Rosal\u00eda sorprendi\u00f3 este jueves con una larga entrevista concedida a un \u2018podcast\u2019, el de Mar Vallverd\u00fa, \u2018R\u00e0dio Noia\u2019, en Radio Primavera Sound. Una conversaci\u00f3n de una hora y 13 minutos que ambas grabaron este verano y en la que no dio detalle alguno sobre el disco, si bien hizo algunas <strong>reflexiones que pueden servir para ponerle un contexto m\u00e1s o menos filos\u00f3fico.<\/strong><\/p>\n<p class=\"ft-text\">Rosal\u00eda eligi\u00f3 a Mar Vallverd\u00fa, seg\u00fan explic\u00f3 esta, sencillamente respondiendo a su invitaci\u00f3n cursada v\u00eda Instagram. Cuando, en el minuto 32, la periodista le pregunt\u00f3 por el nuevo \u00e1lbum, Rosal\u00eda dijo llevar casi tres a\u00f1os, desde poco despu\u00e9s del lanzamiento de \u2018Motomami\u2019, trabajando en \u00e9l \u201ca nivel conceptual\u201d, y a la pregunta de si las canciones presentaban alg\u00fan fondo de espiritualidad hizo un gesto de asentimiento (sin mencionar la palabra) y a\u00f1adi\u00f3 una cavilaci\u00f3n.<\/p>\n<p><img decoding=\"async\" src=\"https:\/\/www.europesays.com\/es\/wp-content\/uploads\/2025\/10\/f97bb0b6-257a-410e-8c14-a8fca04c2a30_alta-libre-aspect-ratio_default_0.jpg\" width=\"1200\" height=\"675\" alt=\"Mar Vallverd\u00fa y Rosal\u00eda, en conversaci\u00f3n.\" class=\"ft-helper-img-rd\" loading=\"lazy\" hasdataaida=\"true\"\/><\/p>\n<p class=\"ft-helper-fontColor-quaternary ft-helper-fontSize-body-S ft-helper-spacer-t-xxs\">Mar Vallverd\u00fa y Rosal\u00eda, en conversaci\u00f3n.  \/ EPC<\/p>\n<p class=\"ft-text\">\u201cHay dos maneras de tener confianza. Una se basa en la creencia de que tendr\u00e1s \u00e9xito y la otra en no tener miedo al fracaso\u201d, medit\u00f3 Rosal\u00eda Vila Tobella. <strong>\u201cY es la primera vez que he hecho un disco desde el segundo lugar, sin miedo al fracaso<\/strong>. Siempre hab\u00eda sido desde la creencia de que ir\u00eda bien, de fuera hacia adentro, y este \u00e1lbum est\u00e1 hecho desde fuera hasta dentro\u201d. A\u00f1adi\u00f3 que \u00abfallar\u00bb es un concepto \u00abmuy relativo\u00bb, ya que \u00absi tu camino es tener una vivencia concreta, ser fiel a eso no es fallar\u00bb.<\/p>\n<p>Un vac\u00edo por llenar<\/p>\n<p class=\"ft-text\">Aun trat\u00e1ndose de una artista de proyecci\u00f3n global, y muy intensa en el mundo hispano, esta entrevista, seguida por fans de todo el mundo en You Tube y Spotify, la hizo Rosal\u00eda<strong> \u00edntegramente en catal\u00e1n (\u201c\u00a1un gusto, hacer una entrevista en tu primer idioma!\u201d, exclam\u00f3), <\/strong>registro salpicado, eso s\u00ed, por constantes palabras en castellano y en ingl\u00e9s (aunque menos que la entrevistadora). Dijo haber pasado \u201cdos a\u00f1os casi encerrada en el estudio\u201d y habl\u00f3 de un anhelo interior que combate desde peque\u00f1a. <strong>\u201cTengo un deseo dentro que yo s\u00e9 que este mundo no lo puede satisfacer. De toda la vida. Una sensaci\u00f3n de vac\u00edo. Incluso en las relaciones rom\u00e1nticas. A veces pones a la pareja en un pedestal. A lo mejor, ese espacio solo Dios lo puede llenar\u201d<\/strong>, confes\u00f3, invitando a pensar que la trascendencia flota, en efecto, en las nuevas canciones.<\/p>\n<p class=\"ft-text\">Rosal\u00eda dijo que es m\u00e1s partidaria de<strong> \u201chacer, m\u00e1s que decir que haces\u201d<\/strong>, y que <strong>\u201cdespu\u00e9s, con perspectiva, las cosas se entienden\u201d<\/strong>, y se\u00f1al\u00f3 que los artistas que m\u00e1s le gustan son \u201caquellos que son irreverentes y que no te dan lo que quieres, sino lo que ellos creen que necesitas\u201d. Creadores que \u201ctienen una temperatura social, desde la emoci\u00f3n\u201d, y que \u201cno est\u00e1n siempre en el \u2018ego-trip\u2019, en el yo-yo-yo\u201d. Y respecto al nuevo \u00e1lbum, ahond\u00f3 en la idea de que le cuesta dar un trabajo por terminado. \u201cPuede que tenga que grabar todav\u00eda algo m\u00e1s. Siempre queda algo por grabar\u201d.<\/p>\n<p data-close=\"closedContent\" class=\"subscribeHideForDisplay\">Suscr\u00edbete para seguir leyendo<\/p>\n","protected":false},"excerpt":{"rendered":"En un momento en que comienza a olfatearse el \u2018crescendo\u2019 promocional que conducir\u00e1 a su cuarto \u00e1lbum, Rosal\u00eda&hellip;\n","protected":false},"author":2,"featured_media":181478,"comment_status":"","ping_status":"","sticky":false,"template":"","format":"standard","meta":{"footnotes":""},"categories":[174],"tags":[1837,4187,255,17541,146,147,25,24,256,13838,1078,4147,23],"class_list":{"0":"post-181477","1":"post","2":"type-post","3":"status-publish","4":"format-standard","5":"has-post-thumbnail","7":"category-famosos","8":"tag-album","9":"tag-anuncia","10":"tag-celebrities","11":"tag-discos","12":"tag-entertainment","13":"tag-entretenimiento","14":"tag-es","15":"tag-espana","16":"tag-famosos","17":"tag-hecho","18":"tag-primera","19":"tag-rosalia","20":"tag-spain"},"share_on_mastodon":{"url":"","error":""},"_links":{"self":[{"href":"https:\/\/www.europesays.com\/es\/wp-json\/wp\/v2\/posts\/181477","targetHints":{"allow":["GET"]}}],"collection":[{"href":"https:\/\/www.europesays.com\/es\/wp-json\/wp\/v2\/posts"}],"about":[{"href":"https:\/\/www.europesays.com\/es\/wp-json\/wp\/v2\/types\/post"}],"author":[{"embeddable":true,"href":"https:\/\/www.europesays.com\/es\/wp-json\/wp\/v2\/users\/2"}],"replies":[{"embeddable":true,"href":"https:\/\/www.europesays.com\/es\/wp-json\/wp\/v2\/comments?post=181477"}],"version-history":[{"count":0,"href":"https:\/\/www.europesays.com\/es\/wp-json\/wp\/v2\/posts\/181477\/revisions"}],"wp:featuredmedia":[{"embeddable":true,"href":"https:\/\/www.europesays.com\/es\/wp-json\/wp\/v2\/media\/181478"}],"wp:attachment":[{"href":"https:\/\/www.europesays.com\/es\/wp-json\/wp\/v2\/media?parent=181477"}],"wp:term":[{"taxonomy":"category","embeddable":true,"href":"https:\/\/www.europesays.com\/es\/wp-json\/wp\/v2\/categories?post=181477"},{"taxonomy":"post_tag","embeddable":true,"href":"https:\/\/www.europesays.com\/es\/wp-json\/wp\/v2\/tags?post=181477"}],"curies":[{"name":"wp","href":"https:\/\/api.w.org\/{rel}","templated":true}]}}