{"id":181479,"date":"2025-10-16T21:22:13","date_gmt":"2025-10-16T21:22:13","guid":{"rendered":"https:\/\/www.europesays.com\/es\/181479\/"},"modified":"2025-10-16T21:22:13","modified_gmt":"2025-10-16T21:22:13","slug":"la-ciudad-asturiana-que-acoge-una-cumbre-de-arquitectos-internacionales","status":"publish","type":"post","link":"https:\/\/www.europesays.com\/es\/181479\/","title":{"rendered":"La ciudad asturiana que acoge una cumbre de arquitectos internacionales"},"content":{"rendered":"<p class=\"ft-text ft-helper-closenews\"><strong>Avil\u00e9s ser\u00e1 el \u00abcuore\u00bb de la arquitectura innovadora, el dise\u00f1o y el interiorismo desde esta misma tarde.<\/strong> Una jornada profesional del<strong> II congreso arquitecturAS,<\/strong> dedicado a la sostenibilidad progresiva y comisariado por el arquitecto y consejero delegado de Room2030, Sergio Baraga\u00f1o, ser\u00e1 la <strong>antesala de la segunda edici\u00f3n del <\/strong><a class=\"ft-link ft-link--decoration\" href=\"https:\/\/www.lne.es\/aviles\/2025\/10\/13\/regresa-aviles-salon-hogar-sostenible-122487474.html\" rel=\"nofollow noopener\" target=\"_blank\"><strong>Sal\u00f3n Hogar Sostenible<\/strong><\/a><strong>,<\/strong> que se celebrar\u00e1 en el Pabell\u00f3n de Exposiciones de La Magdalena desde el viernes hasta el domingo.<\/p>\n<p class=\"ft-text\"><strong>El Centro Niemeyer<\/strong> es el espacio escogido para una jornada profesional en la que participar\u00e1n arquitectos nacionales e internacionales. Se trata de un coloquio que estar\u00e1 moderado por Marisa Santamar\u00eda, investigadora, divulgadora y experta en dise\u00f1o, arquitectura e innovaci\u00f3n, reconocida por su labor como analista de tendencias y directora del Observatorio de Innovaci\u00f3n en Arquitectura y Dise\u00f1o.<\/p>\n<p class=\"ft-text\">El acto contar\u00e1 con la participaci\u00f3n de <strong>profesionales de reconocido prestigio de Espa\u00f1a, Portugal, Colombia, e Italia con presencia en Dubai. <\/strong><\/p>\n<p>La presentaci\u00f3n<\/p>\n<p class=\"ft-text\">La nueva edici\u00f3n del <strong>Sal\u00f3n Hogar Sostenible, impulsado y organizado por la C\u00e1mara de Comercio de Avil\u00e9s,<\/strong> se present\u00f3 ayer con la participaci\u00f3n de M\u00f3nica Blanco, presidenta de la comisi\u00f3n de promoci\u00f3n econ\u00f3mica del ente cameral, el propio Sergio Baraga\u00f1o, la concejala de Turismo y Congresos, Raquel Ruiz, y Jos\u00e9 Manuel Vega, vicepresidente segundo y tesorero de la C\u00e1mara de Avil\u00e9s, y delegado de Caja Rural de Asturias, patrocinador del evento.<\/p>\n<p class=\"ft-text\">\u00abSe trata de un<strong> evento multisectorial y de car\u00e1cter nacional <\/strong>en el que se mostrar\u00e1n las <strong>\u00faltimas tendencias<\/strong> de los sectores de adaptaci\u00f3n y creaci\u00f3n de ambientes que prioricen la sostenibilidad en materiales y procesos\u00bb, se\u00f1al\u00f3 Blanco.<\/p>\n<p class=\"ft-text\">La concejala Raquel Ruiz resalt\u00f3 que este sal\u00f3n \u00abes un ejemplo de \u00e9xito que refleja el esfuerzo conjunto para atraer eventos vinculados a una estrategia de futuro con valor a\u00f1adido\u00bb. A\u00f1adi\u00f3 que se presenta \u00abun fin de a\u00f1o vibrante, lleno de ideas y proyectos en una ciudad viva y que innova\u00bb.<\/p>\n<p>Los arquitectos <\/p>\n<p class=\"ft-text\">El Centro Niemeyer re\u00fane hoy <strong>Lorenzo Capucci<\/strong>, de Bolonia (Italia), arquitecto y cofundador del estudio multidisciplinar UNICA Architects, con sede en Dub\u00e1i y Bolonia, especializado en proyectos de dise\u00f1o urbano y espacial innovador.<\/p>\n<p class=\"ft-text\"><strong>Mariano Mart\u00edn Dom\u00ednguez<\/strong>, arquitecto y fundador de su propio estudio en 1999, y reconocido por integrar en sus proyectos intuici\u00f3n, innovaci\u00f3n y colaboraci\u00f3n.<\/p>\n<p class=\"ft-text\"><strong>Ester Rold\u00e1n Calvo<\/strong>, asturiana y cofundadora del estudio Longo+Rold\u00e1n Arquitectura, reconocida por su enfoque experimental, su implicaci\u00f3n docente, cr\u00edtica y cultural, y por integrar el entorno natural en sus proyectos arquitect\u00f3nicos con sensibilidad paisaj\u00edstica.<\/p>\n<p class=\"ft-text\"><strong>Michele Cannat\u00e0 y Fernando Silva<\/strong>, arquitectos del Estudio Cannat\u00e0 &amp; Fernandes Arquitectos.<\/p>\n<p class=\"ft-text\"><strong>Camilo Restrepo Ochoa,<\/strong> de Medell\u00edn, Colombia. Es cofundador y director creativo de AGENdA, agencia de arquitectura en Medell\u00edn, profesor invitado en Harvard GSD y especialista en proyectos que articulan investigaci\u00f3n, territorio y cultura tropical.<\/p>\n<p class=\"ft-text\">Y <strong>el comisario del congreso, Sergio Baraga\u00f1o,<\/strong> Arquitecto y CEO en Room2030, empresa asturiana especializada en el desarrollo y construcci\u00f3n de m\u00f3dulos habitacionales sostenibles e inteligentes, basados en innovaci\u00f3n, tecnolog\u00eda y eficiencia energ\u00e9tica.<\/p>\n<p class=\"ft-text\">El Sal\u00f3n Hogar Sostenible dedicar\u00e1 un espacio a exposici\u00f3n, habr\u00e1 un \u00e1rea de jornadas t\u00e9cnicas, otra zona para presentaci\u00f3n y de proyectos y una m\u00e1s para hacer negocios.<\/p>\n<p data-close=\"closedContent\" class=\"subscribeHideForDisplay\">Suscr\u00edbete para seguir leyendo<\/p>\n","protected":false},"excerpt":{"rendered":"Avil\u00e9s ser\u00e1 el \u00abcuore\u00bb de la arquitectura innovadora, el dise\u00f1o y el interiorismo desde esta misma tarde. Una&hellip;\n","protected":false},"author":2,"featured_media":181480,"comment_status":"","ping_status":"","sticky":false,"template":"","format":"standard","meta":{"footnotes":""},"categories":[173],"tags":[771,3739,801,229,233,231,230,15983,13849,777,11866,3563,232,234,146,147,25,24,1816,23],"class_list":{"0":"post-181479","1":"post","2":"type-post","3":"status-publish","4":"format-standard","5":"has-post-thumbnail","7":"category-arte-y-diseno","8":"tag-acoge","9":"tag-arquitectos","10":"tag-arquitectura","11":"tag-arte","12":"tag-arte-y-diseno","13":"tag-arts","14":"tag-arts-and-design","15":"tag-asturiana","16":"tag-aviles","17":"tag-ciudad","18":"tag-congreso","19":"tag-cumbre","20":"tag-design","21":"tag-diseno","22":"tag-entertainment","23":"tag-entretenimiento","24":"tag-es","25":"tag-espana","26":"tag-innovacion","27":"tag-spain"},"share_on_mastodon":{"url":"","error":""},"_links":{"self":[{"href":"https:\/\/www.europesays.com\/es\/wp-json\/wp\/v2\/posts\/181479","targetHints":{"allow":["GET"]}}],"collection":[{"href":"https:\/\/www.europesays.com\/es\/wp-json\/wp\/v2\/posts"}],"about":[{"href":"https:\/\/www.europesays.com\/es\/wp-json\/wp\/v2\/types\/post"}],"author":[{"embeddable":true,"href":"https:\/\/www.europesays.com\/es\/wp-json\/wp\/v2\/users\/2"}],"replies":[{"embeddable":true,"href":"https:\/\/www.europesays.com\/es\/wp-json\/wp\/v2\/comments?post=181479"}],"version-history":[{"count":0,"href":"https:\/\/www.europesays.com\/es\/wp-json\/wp\/v2\/posts\/181479\/revisions"}],"wp:featuredmedia":[{"embeddable":true,"href":"https:\/\/www.europesays.com\/es\/wp-json\/wp\/v2\/media\/181480"}],"wp:attachment":[{"href":"https:\/\/www.europesays.com\/es\/wp-json\/wp\/v2\/media?parent=181479"}],"wp:term":[{"taxonomy":"category","embeddable":true,"href":"https:\/\/www.europesays.com\/es\/wp-json\/wp\/v2\/categories?post=181479"},{"taxonomy":"post_tag","embeddable":true,"href":"https:\/\/www.europesays.com\/es\/wp-json\/wp\/v2\/tags?post=181479"}],"curies":[{"name":"wp","href":"https:\/\/api.w.org\/{rel}","templated":true}]}}