{"id":181481,"date":"2025-10-16T21:23:21","date_gmt":"2025-10-16T21:23:21","guid":{"rendered":"https:\/\/www.europesays.com\/es\/181481\/"},"modified":"2025-10-16T21:23:21","modified_gmt":"2025-10-16T21:23:21","slug":"mas-que-una-identidad-rosario-tiene-una-poetica-reynaldo-sietecase-inauguro-la-41o-feria-internacional-del-libro-de-rosario","status":"publish","type":"post","link":"https:\/\/www.europesays.com\/es\/181481\/","title":{"rendered":"\u00abM\u00e1s que una identidad, Rosario tiene una po\u00e9tica\u201d\u00a0\u00a0 | Reynaldo Sietecase inaugur\u00f3 la 41\u00ba Feria Internacional del Libro de Rosario\u00a0\u00a0"},"content":{"rendered":"<p lang=\"ES-ES\" xml:lang=\"ES-ES\">\u201cMe gusta pensar los libros como amigos que cambian con el paso del tiempo. Los libros cambian y te cambian\u201d. El periodista y escritor rosarino Reynaldo Sietecase inaugur\u00f3 este mi\u00e9rcoles la 41\u00ba edici\u00f3n de la Feria Internacional del Libro de Rosario, en un renovado Centro Cultural Roberto Fontanarrosa. Por segundo a\u00f1o consecutivo, la apertura estuvo en manos de un escritor rosarino, tambi\u00e9n con trayectoria en este diario. Con un discurso emotivo y cargado de sentido, Sietecase repas\u00f3 la rica historia cultural de la ciudad, homenaje\u00f3 a los autores locales e hizo una lectura de la realidad, con la agudeza period\u00edstica, literaria y po\u00e9tica que lo caracteriza. \u201cRosario es una ciudad que m\u00e1s que una identidad, tiene una po\u00e9tica. Me gusta esa idea, tal vez explique mejor a los visitantes c\u00f3mo es esta usina creativa que nunca descansa. Pienso a Rosario como si se tratara de una peque\u00f1a biblioteca familiar. Como una casa, en un barrio cualquiera, donde siempre hay lugar en la mesa para alguien m\u00e1s. Como un libro abierto: m\u00e1s que un lugar, una plataforma de sue\u00f1os\u201d, describi\u00f3.<\/p>\n<p lang=\"ES-ES\" xml:lang=\"ES-ES\">Este mi\u00e9rcoles por la tarde abri\u00f3 sus puertas una nueva edici\u00f3n de la Feria Internacional del Libro de Rosario, uno de los eventos culturales m\u00e1s importantes que tiene la ciudad a lo largo del a\u00f1o. En total ser\u00e1n once d\u00edas con mesas, presentaciones, homenajes, talleres y stands de librer\u00edas y editoriales locales y de todo el pa\u00eds. El acto de apertura se dio en la explanada del Centro Cultural Roberto Fontanarrosa, que volvi\u00f3 a abrir sus puertas con una serie de refacciones realizadas en el marco de las obras del Tricentenario de la ciudad. Una nueva fachada iluminada, espacios m\u00e1s amplios y nuevos ba\u00f1os formar\u00e1n parte del nuevo paisaje de la Feria del Libro local.<\/p>\n<p lang=\"ES-ES\" xml:lang=\"ES-ES\">Los discursos de bienvenida estuvieron a cargo del intendente Pablo Javkin; la ministra de Cultura de la provincia, Susana Rueda; y la consejera de la Fundaci\u00f3n El Libro, Alejandra Ram\u00edrez. Tambi\u00e9n estuvieron presentes la presidenta del Concejo de Rosario, Mar\u00eda Eugenia Schmuck; el secretario de Cultura y Educaci\u00f3n de Rosario, Federico Valentini; y el rector de la Universidad Nacional de Rosario (UNR), Franco Bartolacci, entre otros dirigentes y funcionarios, tanto del plano local, como provincial. Una vez m\u00e1s, la Feria est\u00e1 organizada en forma conjunta por la Fundaci\u00f3n El Libro, la Municipalidad de Rosario y el Gobierno de la Provincia de Santa Fe<\/p>\n<p lang=\"ES-ES\" xml:lang=\"ES-ES\">Al igual que el a\u00f1o pasado, la apertura de la Feria qued\u00f3 en manos de un rosarino. En 2024 la redactora de <b>Rosario\/12<\/b>, Beatriz Vignoli, fue la encargada de dar el discurso inaugural, donde ley\u00f3 una desafiante y emotiva carta dirigida a Franz Kafka, para repasar la tradici\u00f3n cultural y art\u00edstica de Rosario.\u00a0En esta oportunidad fue el turno de Reynaldo Sietecase, el periodista, escritor y poeta que tambi\u00e9n hizo recorrido en la redacci\u00f3n de este diario. \u201cRosario es mucho m\u00e1s que el lugar donde nac\u00ed. Es el escenario de mi formaci\u00f3n como lector y como escritor. Tambi\u00e9n mi referencia cultural y familiar. Por eso me voy a permitir cruzar la ciudad con los libros\u201d, comenz\u00f3.<\/p>\n<p>El escritor rosarino record\u00f3 sus inicios como lector en su infancia, y el gusto por los relatos heredado de su padre, al igual que una biblioteca en la cual explorar autores. \u201cDesde peque\u00f1o pienso que los libros est\u00e1n vivos y desde esa condici\u00f3n proyectan sus luces y sombras desde los estantes de las bibliotecas. Me gusta pensarlos como amigos que cambian con el paso del tiempo. Los libros cambian y te cambian\u201d, expres\u00f3 y agreg\u00f3: \u201cLos libros son testigos silenciosos de la existencia humana, del paso del tiempo, de la vida y de la muerte de sus due\u00f1os. A esta altura ya no me pregunto cu\u00e1ntos libros le\u00ed, si no cuantos me quedan por leer\u201d.<\/p>\n<p lang=\"ES-ES\" xml:lang=\"ES-ES\">Tambi\u00e9n rememor\u00f3 sus primeras lecturas, aquellas que le ofrecieron \u201cuna \u00e9tica para la vida\u201d. En el listado, destac\u00f3 las aventuras de Sandokan, el personaje creado por el escritor italiano Emilio Salgari, con el que traz\u00f3 un paralelismo sobre la coyuntura social y pol\u00edtica actual. \u201cLos nuevos monstruos son reales, violentos y expansivos. Ofrecen cadenas en nombre de la libertad y amenazan a la democracia. En lugar de arriesgar la vida hasta salvar al \u00faltimo n\u00e1ufrago, proponen arrojar a los m\u00e1s d\u00e9biles de la balsa\u201d, sostuvo. \u201cEn la actualidad hay demasiada gente que nada sabe de aventuras y prefiere tolerar a los monstruos reales o fingir no verlos\u201d, a\u00f1adi\u00f3.<\/p>\n<p lang=\"ES-ES\" xml:lang=\"ES-ES\">Sietecase tambi\u00e9n repas\u00f3 parte de su historia y recorrido en la ciudad. Desde sus visitas por las librer\u00edas de usados en la ciudad, para completar aquella preciada biblioteca familiar, su paso por la redacci\u00f3n de <b>Rosario\/12<\/b> y los estudios de LT8, hasta la publicaci\u00f3n de su primera novela \u201cUn crimen argentino\u201d, un policial inspirado en un caso real, que tiene a Rosario como escenario de los acontecimientos. \u201cDesde entonces, convivo con la bella y la bestia; literatura y periodismo\u201d, reconoci\u00f3 y a\u00f1adi\u00f3: \u201cEn la literatura todo est\u00e1 permitido, solo hay que contar una buena historia. En el periodismo hay que atenerse a la verdad, m\u00e1s que nunca en este tiempo donde las fake news son la base de los discursos de odio\u201d.<\/p>\n<p lang=\"ES-ES\" xml:lang=\"ES-ES\">Por \u00faltimo, Sietecase se refiri\u00f3 al v\u00ednculo con Rosario, la ciudad que lo vio nacer, pero a la que sigue unido pese al tiempo residiendo en otro lugar. \u201cHace m\u00e1s de 20 a\u00f1os que vivo y escribo en Buenos Aires, pero Rosario es la ciudad que me define. Es la ciudad que eligieron mis ancestros italianos para plantar sus deseos de progreso en el coraz\u00f3n productivo del sur santafesino. Aqu\u00ed est\u00e1 todav\u00eda esa primera biblioteca\u201d, rememor\u00f3. \u201cRosario es una ciudad que m\u00e1s que una identidad, tiene una po\u00e9tica. Me gusta esa idea, tal vez explique mejor a los visitantes c\u00f3mo es esta usina creativa que nunca descansa. Pienso a Rosario como si se tratara de una peque\u00f1a biblioteca familiar. Como una casa, en un barrio cualquiera, donde siempre hay lugar en la mesa para alguien m\u00e1s. Como un libro abierto: m\u00e1s que un lugar, una plataforma de sue\u00f1os\u201d, finaliz\u00f3.\u00a0<\/p>\n","protected":false},"excerpt":{"rendered":"\u201cMe gusta pensar los libros como amigos que cambian con el paso del tiempo. Los libros cambian y&hellip;\n","protected":false},"author":2,"featured_media":181482,"comment_status":"","ping_status":"","sticky":false,"template":"","format":"standard","meta":{"footnotes":""},"categories":[172],"tags":[224,146,147,25,24,225,51491,23],"class_list":{"0":"post-181481","1":"post","2":"type-post","3":"status-publish","4":"format-standard","5":"has-post-thumbnail","7":"category-libros","8":"tag-books","9":"tag-entertainment","10":"tag-entretenimiento","11":"tag-es","12":"tag-espana","13":"tag-libros","14":"tag-rosario12","15":"tag-spain"},"share_on_mastodon":{"url":"","error":""},"_links":{"self":[{"href":"https:\/\/www.europesays.com\/es\/wp-json\/wp\/v2\/posts\/181481","targetHints":{"allow":["GET"]}}],"collection":[{"href":"https:\/\/www.europesays.com\/es\/wp-json\/wp\/v2\/posts"}],"about":[{"href":"https:\/\/www.europesays.com\/es\/wp-json\/wp\/v2\/types\/post"}],"author":[{"embeddable":true,"href":"https:\/\/www.europesays.com\/es\/wp-json\/wp\/v2\/users\/2"}],"replies":[{"embeddable":true,"href":"https:\/\/www.europesays.com\/es\/wp-json\/wp\/v2\/comments?post=181481"}],"version-history":[{"count":0,"href":"https:\/\/www.europesays.com\/es\/wp-json\/wp\/v2\/posts\/181481\/revisions"}],"wp:featuredmedia":[{"embeddable":true,"href":"https:\/\/www.europesays.com\/es\/wp-json\/wp\/v2\/media\/181482"}],"wp:attachment":[{"href":"https:\/\/www.europesays.com\/es\/wp-json\/wp\/v2\/media?parent=181481"}],"wp:term":[{"taxonomy":"category","embeddable":true,"href":"https:\/\/www.europesays.com\/es\/wp-json\/wp\/v2\/categories?post=181481"},{"taxonomy":"post_tag","embeddable":true,"href":"https:\/\/www.europesays.com\/es\/wp-json\/wp\/v2\/tags?post=181481"}],"curies":[{"name":"wp","href":"https:\/\/api.w.org\/{rel}","templated":true}]}}