{"id":181488,"date":"2025-10-16T21:27:08","date_gmt":"2025-10-16T21:27:08","guid":{"rendered":"https:\/\/www.europesays.com\/es\/181488\/"},"modified":"2025-10-16T21:27:08","modified_gmt":"2025-10-16T21:27:08","slug":"la-promocion-de-rudy-brilla-en-el-salon-de-la-fama-del-baloncesto-espanol-baloncesto-deportes","status":"publish","type":"post","link":"https:\/\/www.europesays.com\/es\/181488\/","title":{"rendered":"La promoci\u00f3n de Rudy brilla en el Sal\u00f3n de la Fama del baloncesto espa\u00f1ol | Baloncesto | Deportes"},"content":{"rendered":"<p class=\"\">El Sal\u00f3n de la Fama del baloncesto espa\u00f1ol abri\u00f3 este jueves sus puertas para dar la bienvenida a una nueva promoci\u00f3n, la quinta de este museo de las estrellas organizado por la Federaci\u00f3n Espa\u00f1ola y el diario As. La monumental catedral de La Seu Vella, en Lleida, fue el majestuoso escenario por el que desfilaron los premiados: Rudy Fern\u00e1ndez, Luci Pascua, Jordi Villacampa y Ana Bel\u00e9n \u00c1lvaro en la categor\u00eda de jugadores; Svetislav Pesic como entrenador; Santiago Fern\u00e1ndez en representaci\u00f3n del colectivo arbitral; Joe Arlauckas como figura internacional; y las canteras del Joventut y el Estudiantes como contribuidores.<\/p>\n<p class=\"\">Ana Bel\u00e9n \u00c1lvaro, Villacampa, Rudy, Pascua y Arlauckas. Una base, dos exteriores y la pareja de p\u00edvots, un quinteto de lujo. <a href=\"https:\/\/elpais.com\/deportes\/baloncesto\/2025-08-10\/rudy-fernandez-hay-que-convencer-a-los-jovenes-de-que-el-dinero-no-es-lo-mas-importante.html\" target=\"_blank\" rel=\"noreferrer nofollow noopener\" title=\"https:\/\/elpais.com\/deportes\/baloncesto\/2025-08-10\/rudy-fernandez-hay-que-convencer-a-los-jovenes-de-que-el-dinero-no-es-lo-mas-importante.html\">Como si todav\u00eda siguiera en la pista, Rudy capitane\u00f3 a esta nueva hornada de galardonados.<\/a> Integrante de la mejor generaci\u00f3n en la historia del baloncesto nacional, Rudy emerge como el \u00fanico que colecciona los seis oros del combinado masculino, cuatro europeos y dos mundiales, para un total de 11 medallas, r\u00e9cord tambi\u00e9n entre los hombres junto a Pau Gasol, en 266 partidos internacionales, de nuevo el tope masculino. \u201cEs un honor. No me esperaba este reconocimiento tan pronto\u201d, expres\u00f3 un emocionado Rudy junto a su hermana Marta, una de las presentadoras del acto, y al recordar a su padre.<\/p>\n<p class=\"\">En el per\u00edmetro le acompa\u00f1a Villacampa, el hombre que conserva el r\u00e9cord anotador en un partido con Espa\u00f1a, los 48 puntos a Venezuela en el Mundial de 1990. Solo Alberto Herreros sum\u00f3 m\u00e1s canastas en la ACB que<a href=\"https:\/\/elpais.com\/deportes\/2023-02-13\/jordi-villacampa-el-baloncesto-ha-perdido-la-identificacion-con-la-gente.html\" target=\"_blank\" rel=\"noreferrer nofollow noopener\" title=\"https:\/\/elpais.com\/deportes\/2023-02-13\/jordi-villacampa-el-baloncesto-ha-perdido-la-identificacion-con-la-gente.html\"> el mito del Joventut, <\/a>club en el que milit\u00f3 toda su carrera y con el que gan\u00f3 dos Ligas y la Copa de Europa de 1994 antes de retirarse y ser presidente (desde ese cargo asisti\u00f3 a la llegada de Rudy). \u201cFuimos la alternativa a Madrid y Barcelona\u201d, afirm\u00f3. Con la selecci\u00f3n, 158 encuentros y un bronce europeo.<\/p>\n<p class=\"\">El equipo est\u00e1 en manos de Ana Bel\u00e9n \u00c1lvaro, elegida mejor base de Europa en dos ocasiones y vencedora de dos Copas de Europa con el Dorna Godella, adem\u00e1s de levantar seis Ligas. Sus 204 partidos con Espa\u00f1a est\u00e1n adornados por un doble m\u00e9rito, el de ser parte de la generaci\u00f3n femenina que se estren\u00f3 en unos Juegos, en Barcelona 92, y el de conseguir el oro inaugural del baloncesto espa\u00f1ol, la corona europea de Perugia 1993.<\/p>\n<p class=\"\">Bajo el aro, Luci Pascua y Joe Arlauckas. La p\u00edvot celebr\u00f3 ocho medallas en 244 encuentros con Espa\u00f1a y ha seguido muy unida a la canasta como presidenta de la Asociaci\u00f3n de Jugadoras de Baloncesto. <a href=\"https:\/\/elpais.com\/deportes\/2013\/05\/11\/actualidad\/1368304736_045674.html\" target=\"_blank\" rel=\"noreferrer nofollow noopener\" title=\"https:\/\/elpais.com\/deportes\/2013\/05\/11\/actualidad\/1368304736_045674.html\">El estadounidense pas\u00f3 a la eternidad por escudar a Sabonis en la reconquista europea del Real Madrid en 1995<\/a> despu\u00e9s de curtirse en el Caja Ronda y el Tau Vitoria. Suyo es el r\u00e9cord de puntos en un partido de la Copa de Europa, los 63 con el equipo blanco ante la Buckler de Bolonia en 1996.<\/p>\n<p class=\"\">Las jugadas las dibuja Svetislav Pesic en la pizarra. El veterano entrenador de 76 a\u00f1os guarda un registro inusual, el de ser campe\u00f3n de Europa de clubes como jugador, en 1979 con el Bosna Sarajevo, y como t\u00e9cnico, con el Barcelona en 2003.<a href=\"https:\/\/elpais.com\/deportes\/baloncesto\/2025-10-16\/svetislav-pesic-yo-no-queria-ser-entrenador.html\" target=\"_blank\" rel=\"noreferrer nofollow noopener\" title=\"https:\/\/elpais.com\/deportes\/baloncesto\/2025-10-16\/svetislav-pesic-yo-no-queria-ser-entrenador.html\"> \u201cYo no quer\u00eda ser entrenador\u201d, contaba en una entrevista en EL PA\u00cdS<\/a> antes de la gala en Lleida. El bal\u00f3n le llev\u00f3 adem\u00e1s al banquillo de las selecciones de Yugoslavia, Alemania y Serbia, y del Girona y el Valencia.<\/p>\n<p class=\"\">Hac\u00eda falta un \u00e1rbitro, claro: Santiago Fern\u00e1ndez, internacional desde 1959, m\u00e1s de 100 partidos dirigidos en competiciones internacionales de clubes y selecciones en 30 a\u00f1os en activo, y luego director arbitral de la ACB. <\/p>\n<p class=\"\">Y una mirada de agradecimiento a los dos grandes clubes de cantera, el Joventut y el Estudiantes, en estos tiempos de fuga de talento a las universidades estadounidenses. En la Penya, \u00fanico club junto al Madrid presente todas las temporadas en la \u00e9lite, 68 entre Liga nacional y ACB, crecieron Margall, Villacampa, Jofresa, Ricky, Rudy, Ra\u00fal L\u00f3pez, Mumbr\u00fa\u2026 En Magari\u00f1os, la huella de Azofra, Fernando Mart\u00edn, Herreros y Felipe Reyes anima a regresar junto a los mejores.<\/p>\n","protected":false},"excerpt":{"rendered":"El Sal\u00f3n de la Fama del baloncesto espa\u00f1ol abri\u00f3 este jueves sus puertas para dar la bienvenida a&hellip;\n","protected":false},"author":2,"featured_media":181489,"comment_status":"","ping_status":"","sticky":false,"template":"","format":"standard","meta":{"footnotes":""},"categories":[93],"tags":[299,51494,1540,168,25,24,2612,42611,51492,51493,16012,8283,18567,3394,6001,23,167,22476],"class_list":{"0":"post-181488","1":"post","2":"type-post","3":"status-publish","4":"format-standard","5":"has-post-thumbnail","7":"category-deportes","8":"tag-baloncesto","9":"tag-cb-estudiantes","10":"tag-competiciones","11":"tag-deportes","12":"tag-es","13":"tag-espana","14":"tag-feb","15":"tag-jesus-mateo","16":"tag-joe-arlauckas","17":"tag-jordi-villacampa","18":"tag-joventut-badalona","19":"tag-jugadores-baloncesto","20":"tag-rudy-fernandez","21":"tag-salon-de-la-fama","22":"tag-seleccion-espanola-baloncesto","23":"tag-spain","24":"tag-sports","25":"tag-svetislav-pesic"},"share_on_mastodon":{"url":"","error":""},"_links":{"self":[{"href":"https:\/\/www.europesays.com\/es\/wp-json\/wp\/v2\/posts\/181488","targetHints":{"allow":["GET"]}}],"collection":[{"href":"https:\/\/www.europesays.com\/es\/wp-json\/wp\/v2\/posts"}],"about":[{"href":"https:\/\/www.europesays.com\/es\/wp-json\/wp\/v2\/types\/post"}],"author":[{"embeddable":true,"href":"https:\/\/www.europesays.com\/es\/wp-json\/wp\/v2\/users\/2"}],"replies":[{"embeddable":true,"href":"https:\/\/www.europesays.com\/es\/wp-json\/wp\/v2\/comments?post=181488"}],"version-history":[{"count":0,"href":"https:\/\/www.europesays.com\/es\/wp-json\/wp\/v2\/posts\/181488\/revisions"}],"wp:featuredmedia":[{"embeddable":true,"href":"https:\/\/www.europesays.com\/es\/wp-json\/wp\/v2\/media\/181489"}],"wp:attachment":[{"href":"https:\/\/www.europesays.com\/es\/wp-json\/wp\/v2\/media?parent=181488"}],"wp:term":[{"taxonomy":"category","embeddable":true,"href":"https:\/\/www.europesays.com\/es\/wp-json\/wp\/v2\/categories?post=181488"},{"taxonomy":"post_tag","embeddable":true,"href":"https:\/\/www.europesays.com\/es\/wp-json\/wp\/v2\/tags?post=181488"}],"curies":[{"name":"wp","href":"https:\/\/api.w.org\/{rel}","templated":true}]}}