{"id":181492,"date":"2025-10-16T21:29:08","date_gmt":"2025-10-16T21:29:08","guid":{"rendered":"https:\/\/www.europesays.com\/es\/181492\/"},"modified":"2025-10-16T21:29:08","modified_gmt":"2025-10-16T21:29:08","slug":"leiva-dos-decadas-de-exito-en-la-musica-y-mas-de-diez-conviviendo-con-el-bicho-de-la-ansiedad-el-mundo","status":"publish","type":"post","link":"https:\/\/www.europesays.com\/es\/181492\/","title":{"rendered":"Leiva: dos d\u00e9cadas de \u00e9xito en la m\u00fasica y m\u00e1s de diez conviviendo con el &quot;bicho&quot; de la ansiedad &#8211; El Mundo"},"content":{"rendered":"<ol>\n<li><a href=\"https:\/\/news.google.com\/rss\/articles\/CBMigAFBVV95cUxQU0Zqa2xROElZc1pld1cxYUpyejdKMTY3cHVORFNkWE1UTWdmVWI5MkVDVXd2bWFHXy04eGpPc3hseUhTVHE3UXg2eEJ6aUxSYlBPdG9sTW90RmVjbWxGUlNLZGhkX3NJMDlGRTNFc0M4Y2Fxck5rN3ZIS3BCelgyctIBgAFBVV95cUxPcDl6UGQ0S3ZCc1VNcWhBUGlqR3otOU5KU01DOVNtM1NGVnNReHlpNm9fdm9QUUF4a1NkOEw2R3kzMjZiRFI4NVZKb0g4ZUxkdEkyVm5qMkRUdl82WG5OZFJ0bS1Ya21IMXlOcGg4TERjVVNoanJQMzczblFDV3Z6ZQ?oc=5\" target=\"_blank\" rel=\"nofollow noopener\">Leiva: dos d\u00e9cadas de \u00e9xito en la m\u00fasica y m\u00e1s de diez conviviendo con el \u00abbicho\u00bb de la ansiedad<\/a>&nbsp;&nbsp;El Mundo<\/li>\n<li><a href=\"https:\/\/news.google.com\/rss\/articles\/CBMiwwFBVV95cUxNeDZNOHNjOF95Z2xoVVlkOE1rdU55MWdlQW5TajhZMkVDUUItdXNSOFRLSEREWWp1NXZkdDNFSGMwR0ZqWExmMUV0MWp4SFk0Vlh6VTFoNHQ0cDBGeTNkMHBZdmlJQ2p4RnIxbkp6eXIwSXZzMVExc3BfY1ZYcWw1SGxJMU5xVDM1TE5ENTE4M1NnS2RqWV9ISXRmU0pxWEM1WE81cFRranBnRVYxUGRCVXJQS3d5LTVST0QtdmNMZ2dhUzQ?oc=5\" target=\"_blank\" rel=\"nofollow noopener\">Asiste al pase especial de \u2018Hasta que me quede sin voz\u2019<\/a>&nbsp;&nbsp;EL PA\u00cdS<\/li>\n<li><a href=\"https:\/\/news.google.com\/rss\/articles\/CBMitwFBVV95cUxQNV9fTEQ0MEFicFhsUTNMaG5RVkMwZFZBQk9jYjFoTFpodkZaMERsS3g0eWVMcV95Mk8tbUlQNEp2VFUtNUpGZkRmTzhab25kVE91Mm9EeGIyOWhMS2E3dWhfUW1SeWp0enV1V3NtZjhUeDYwNUtrUms1NWtmbTkzNk5CM0dObmllS2d6Y0RwempiXzVDcm9nYThOalIzNnc0R2h1S21IVWItZWx2SVFmZVg0NmhYUEHSAcsBQVVfeXFMTWtWMFpzTXE3SFFMRzlic29YWkhWUFN5ZjZRUUZFbFpRZ2dfN2l3aTZqb3RzZkQ4M3VPanlOMFhZRFMxM3pDbFc4OFZjMi1IaHJyYkxDM1diT1dGcGxKRHlTTHM4Ym82dkRJSTh2MnNXVXJPLUJYXzVOdVYwQWdPa3gybTJybkdpVjlrZUc1Q2xwOUdUN2tlVGFnTFlpeVZackp2TkNWT2VWNXJFSFFTSnZZU09jMjlEeUpYVVFEMVpxQ1RsWGlPWkI2cm8?oc=5\" target=\"_blank\" rel=\"nofollow noopener\">La enfermedad de Leiva que pone en peligro su carrera: \u201cEs irreversible\u201d<\/a>&nbsp;&nbsp;Diario AS<\/li>\n<li><a href=\"https:\/\/news.google.com\/rss\/articles\/CBMiuwFBVV95cUxPUU56aEdQLVpWNFVCWlpySEpyVVdaZnlmcEpVYUV2SjQySm9qMlhOMjNUZUpkUmM1WGNtN2ExYXJDLWtBb1FfZmhEWTBNMHdZb05kWDNBWHFoOEFoQ2JHY1lrY2YycDg2UVB2V1hVNmxnek8zVmUtMFA2bW84dkNhRVp1N251YnRMa2VfVFBkRGFpZVVuTVhGRkFYMW4tdHdERlExMjY5bUo3dXZmbTlPZzZ3bXhiQmFhaUxR?oc=5\" target=\"_blank\" rel=\"nofollow noopener\">Leiva narra el accidente en el que perdi\u00f3 el ojo a los 12 a\u00f1os: \u00abMe dispararon con una pistola\u00bb<\/a>&nbsp;&nbsp;ABC<\/li>\n<li><a href=\"https:\/\/news.google.com\/rss\/articles\/CBMiowFBVV95cUxPVlpWTGxTcHdBTGZYdndNSTZRczNsbWNEbWs0QUdJWUc5c3RMSVNpTnlkUzhqdkdNNU9qQkM3R1J5aDZhdjRKZlY5RnBuRWVIRHh1VUI5ZE9QemF3b1ZiYUpoell1aXhlcXpRWVNqRmthUkdCZVlRYThSanpPeTdQRWU1bXo2QTkzTEEzZFQ5QUR4dkdIU0dGWEt4TklhZzBNNmtB0gGjAUFVX3lxTE94SURQOXFMZmxYcFBUQmtvcFpObmNndzYzcm1vOXFud3BadloyYkJfRGNIQlFZaVFSaW4xZ2JVWkJkb09fSDBaY00yVkQ5VGNIdU04djNPSmxBTkRNbEZBRkNPRW5HdFZyV2NNbnlxWUw4RzBQTjBGSWgyazRVSG1LZFdfZlhXSFlscGpSRnlVRDhERVQtM3lTVDU4dEc1Q2pIVDg?oc=5\" target=\"_blank\" rel=\"nofollow noopener\">Esta noche, Leiva ofrecer\u00e1 su lado m\u00e1s \u00edntimo en El Hormiguero<\/a>&nbsp;&nbsp;Antena 3<\/li>\n<\/ol>\n","protected":false},"excerpt":{"rendered":"Leiva: dos d\u00e9cadas de \u00e9xito en la m\u00fasica y m\u00e1s de diez conviviendo con el \u00abbicho\u00bb de la&hellip;\n","protected":false},"author":2,"featured_media":181493,"comment_status":"","ping_status":"","sticky":false,"template":"","format":"standard","meta":{"footnotes":""},"categories":[91],"tags":[146,147,25,24,720,23],"class_list":{"0":"post-181492","1":"post","2":"type-post","3":"status-publish","4":"format-standard","5":"has-post-thumbnail","7":"category-entretenimiento","8":"tag-entertainment","9":"tag-entretenimiento","10":"tag-es","11":"tag-espana","12":"tag-loc-famosos","13":"tag-spain"},"share_on_mastodon":{"url":"","error":""},"_links":{"self":[{"href":"https:\/\/www.europesays.com\/es\/wp-json\/wp\/v2\/posts\/181492","targetHints":{"allow":["GET"]}}],"collection":[{"href":"https:\/\/www.europesays.com\/es\/wp-json\/wp\/v2\/posts"}],"about":[{"href":"https:\/\/www.europesays.com\/es\/wp-json\/wp\/v2\/types\/post"}],"author":[{"embeddable":true,"href":"https:\/\/www.europesays.com\/es\/wp-json\/wp\/v2\/users\/2"}],"replies":[{"embeddable":true,"href":"https:\/\/www.europesays.com\/es\/wp-json\/wp\/v2\/comments?post=181492"}],"version-history":[{"count":0,"href":"https:\/\/www.europesays.com\/es\/wp-json\/wp\/v2\/posts\/181492\/revisions"}],"wp:featuredmedia":[{"embeddable":true,"href":"https:\/\/www.europesays.com\/es\/wp-json\/wp\/v2\/media\/181493"}],"wp:attachment":[{"href":"https:\/\/www.europesays.com\/es\/wp-json\/wp\/v2\/media?parent=181492"}],"wp:term":[{"taxonomy":"category","embeddable":true,"href":"https:\/\/www.europesays.com\/es\/wp-json\/wp\/v2\/categories?post=181492"},{"taxonomy":"post_tag","embeddable":true,"href":"https:\/\/www.europesays.com\/es\/wp-json\/wp\/v2\/tags?post=181492"}],"curies":[{"name":"wp","href":"https:\/\/api.w.org\/{rel}","templated":true}]}}