{"id":181494,"date":"2025-10-16T21:30:15","date_gmt":"2025-10-16T21:30:15","guid":{"rendered":"https:\/\/www.europesays.com\/es\/181494\/"},"modified":"2025-10-16T21:30:15","modified_gmt":"2025-10-16T21:30:15","slug":"la-red-sismica-canaria-vibra-con-la-senal-de-un-visitante-cosmico","status":"publish","type":"post","link":"https:\/\/www.europesays.com\/es\/181494\/","title":{"rendered":"La red s\u00edsmica canaria vibra con la se\u00f1al de un \u00abvisitante c\u00f3smico\u00bb"},"content":{"rendered":"<p style=\"\">Las redes sociales en Canarias se han llenad de v\u00eddeos que captan la entrada y fragmentaci\u00f3n de <a href=\"https:\/\/www.abc.es\/espana\/canarias\/fuerte-estruendo-sentido-gran-canaria-desconcierta-expertos-20221130195220-nt.html\" target=\"_self\" data-voc-vtm-id=\"in-text-traffic\" title=\"un objeto en el cielo\" data-mrf-link=\"www.abc.es\" rel=\"nofollow noopener\">un objeto en el cielo<\/a> del archipi\u00e9lago. Tambi\u00e9n ha sido captado por la red s\u00edsmica, que ha registrado la <strong>vibraci\u00f3n<\/strong> de este objeto, un b\u00f3lido visible  &#8230; en varias islas del archipi\u00e9lago.<\/p>\n<p class=\"voc-p\" style=\"\">Tal y como informa el Instituto Volcanol\u00f3gico de Canarias (Involc\u00e1n), en la madrugada de hoy, a partir de las 02:58 hora canaria, se registr\u00f3 una <strong>clara se\u00f1al s\u00edsmica<\/strong> asociada a un b\u00f3lido, que teniendo en cuenta el tiempo de llegada de las ondas ac\u00fasticas, tiene \u00absu localizaci\u00f3n m\u00e1s probable de este b\u00f3lido se sit\u00faa justo por encima de la isla de <strong>Tenerife<\/strong>\u00bb.<\/p>\n<p class=\"voc-p\" style=\"\">\u00abLos b\u00f3lidos normalmente <strong>no representan peligro alguno<\/strong>. Sin embargo, de forma excepcional, sus ondas de choque pueden ser lo suficientemente fuertes como para reventar ventanas y causar da\u00f1os, tal como ocurri\u00f3 en Rusia en 2013\u00bb, recuerda el Instituto.<\/p>\n<p class=\"voc-p\" style=\"\">La Tierra \u00abest\u00e1 continuamente expuesta al bombardeo de objetos de origen c\u00f3smico, compuestos principalmente por <strong>roca y metal<\/strong>\u00bb y aunque generalmente estos objetos \u00abtienen un tama\u00f1o min\u00fasculo, comparable al de un grano de arena\u00bb al ingresar en la atm\u00f3sfera a \u00abvelocidades de decenas de kil\u00f3metros por segundo, se vaporizan, generando el fen\u00f3meno conocido como estrellas fugaces\u00bb, detalla Involc\u00e1n.<\/p>\n<p class=\"voc-p\" style=\"\">Cuando se trata de un objeto de mayor tama\u00f1o, de <strong>origen natural o artificial<\/strong>, la energ\u00eda liberada es \u00abconsiderablemente superior\u00bb y adem\u00e1s de la \u00abintensa luminosidad\u00bb, el evento puede generar una \u00abonda de choque lo suficientemente fuerte como para ser percibida por personas y provocar un movimiento del suelo similar a un temblor\u00bb en un fen\u00f3meno conocido como b\u00f3lido.<\/p>\n<p class=\"voc-p\" style=\"\">Involc\u00e1n  detalla que es habitual que los b\u00f3lidos se fragmenten al ingresar en la atm\u00f3sfera, y as\u00ed ha sido en este curioso caso, ya que de acuerdo a la se\u00f1al s\u00edsmica capturada por la Red S\u00edsmica Canaria se compone de <strong>decenas de ondas<\/strong> de choque distintas, cada una relacionada con un fragmento, registradas a lo largo de varios minutos. <\/p>\n<p class=\"voc-p\" style=\"\">\u00abLa se\u00f1al s\u00edsmica relacionada con el b\u00f3lido es claramente visible en casi todas las islas del archipi\u00e9lago canario\u00bb, ha dicho.<\/p>\n","protected":false},"excerpt":{"rendered":"Las redes sociales en Canarias se han llenad de v\u00eddeos que captan la entrada y fragmentaci\u00f3n de un&hellip;\n","protected":false},"author":2,"featured_media":181495,"comment_status":"","ping_status":"","sticky":false,"template":"","format":"standard","meta":{"footnotes":""},"categories":[81],"tags":[7221,119,123,124,51496,25,24,905,117,121,122,41268,51495,23,118,120,23346,43614],"class_list":{"0":"post-181494","1":"post","2":"type-post","3":"status-publish","4":"format-standard","5":"has-post-thumbnail","7":"category-ciencia-y-tecnologia","8":"tag-canaria","9":"tag-ciencia","10":"tag-ciencia-y-tecnologia","11":"tag-cienciaytecnologia","12":"tag-cosmico","13":"tag-es","14":"tag-espana","15":"tag-red","16":"tag-science","17":"tag-science-and-technology","18":"tag-scienceandtechnology","19":"tag-senal","20":"tag-sismica","21":"tag-spain","22":"tag-technology","23":"tag-tecnologia","24":"tag-vibra","25":"tag-visitante"},"share_on_mastodon":{"url":"","error":""},"_links":{"self":[{"href":"https:\/\/www.europesays.com\/es\/wp-json\/wp\/v2\/posts\/181494","targetHints":{"allow":["GET"]}}],"collection":[{"href":"https:\/\/www.europesays.com\/es\/wp-json\/wp\/v2\/posts"}],"about":[{"href":"https:\/\/www.europesays.com\/es\/wp-json\/wp\/v2\/types\/post"}],"author":[{"embeddable":true,"href":"https:\/\/www.europesays.com\/es\/wp-json\/wp\/v2\/users\/2"}],"replies":[{"embeddable":true,"href":"https:\/\/www.europesays.com\/es\/wp-json\/wp\/v2\/comments?post=181494"}],"version-history":[{"count":0,"href":"https:\/\/www.europesays.com\/es\/wp-json\/wp\/v2\/posts\/181494\/revisions"}],"wp:featuredmedia":[{"embeddable":true,"href":"https:\/\/www.europesays.com\/es\/wp-json\/wp\/v2\/media\/181495"}],"wp:attachment":[{"href":"https:\/\/www.europesays.com\/es\/wp-json\/wp\/v2\/media?parent=181494"}],"wp:term":[{"taxonomy":"category","embeddable":true,"href":"https:\/\/www.europesays.com\/es\/wp-json\/wp\/v2\/categories?post=181494"},{"taxonomy":"post_tag","embeddable":true,"href":"https:\/\/www.europesays.com\/es\/wp-json\/wp\/v2\/tags?post=181494"}],"curies":[{"name":"wp","href":"https:\/\/api.w.org\/{rel}","templated":true}]}}