{"id":181500,"date":"2025-10-16T21:33:08","date_gmt":"2025-10-16T21:33:08","guid":{"rendered":"https:\/\/www.europesays.com\/es\/181500\/"},"modified":"2025-10-16T21:33:08","modified_gmt":"2025-10-16T21:33:08","slug":"la-jueza-de-la-dana-reitera-que-la-generalitat-debia-vigilar-la-rambla-del-poyo-por-la-simple-aplicacion-de-la-ley","status":"publish","type":"post","link":"https:\/\/www.europesays.com\/es\/181500\/","title":{"rendered":"La jueza de la dana reitera que la Generalitat deb\u00eda vigilar la rambla del Poyo \u00abpor la simple aplicaci\u00f3n\u00bb de la ley"},"content":{"rendered":"<p class=\"article-text\">\n        La jueza de la dana ha reiterado que la Generalitat no solo ten\u00eda la competencia de la direcci\u00f3n de la emergencia del pasado 29 de octubre sino que tambi\u00e9n ten\u00eda en sus manos la obligaci\u00f3n de \u201ccontrolar los barrancos\u201d, lo que \u201cse desprende por la simple aplicaci\u00f3n de la normativa legal\u201d, concretamente en el Plan Especial de Inundaciones.\n    <\/p>\n<p>    <a href=\"https:\/\/www.eldiario.es\/comunitat-valenciana\/retiraron-efectivos-vigilaban-caudal-poyo-dana-jefe-bomberos-culpa-emergencias_1_12593077.html\" data-mrf-recirculation=\"saber-mas\" data-dl-event=\"saber-mas\" rel=\"nofollow noopener\" target=\"_blank\"><\/p>\n<p class=\"know-more__title\">\u00bfPor qu\u00e9 se retiraron los efectivos que vigilaban el caudal del Poyo en la dana? Un jefe de Bomberos culpa a Emergencias<\/p>\n<p>            <img decoding=\"async\" class=\"lazy\" loading=\"lazy\" data-src=\"https:\/\/static.eldiario.es\/clip\/c24b6ac4-3d34-4737-a4e3-f220f96a0f80_16-9-aspect-ratio_default_0.jpg\" src=\"data:image\/svg+xml,%3Csvg xmlns=\" http:=\"\" viewbox=\"0 0 880 495\" alt=\"\u00bfPor qu\u00e9 se retiraron los efectivos que vigilaban el caudal del Poyo en la dana? Un jefe de Bomberos culpa a Emergencias\"\/><\/p>\n<p>                        <\/a><\/p>\n<p class=\"article-text\">\n        \u201cPara ello, la Conselleria de Emergencias cuenta con diferentes medios, sin que entre los mismos exista prelaci\u00f3n alguna en el Plan Especial\u201d, afirma la magistrada en referencia al hecho de que no existe una jerarqu\u00eda entre los medios para vigilar barrancos que se enumeran en la normativa (incluidos la Confederaci\u00f3n Hidrogr\u00e1fica del J\u00facar, la Guardia Civil, la Polic\u00eda auton\u00f3mica, los ayuntamientos e incluso las comunidades de regantes). La obligaci\u00f3n de la Administraci\u00f3n auton\u00f3mica de vigilar los barrancos es un hecho que \u201cha sido reiterado en m\u00faltiples resoluciones\u201d de la jueza instructora, seg\u00fan recuerda un auto dictado este jueves.\n    <\/p>\n<p class=\"article-text\">\n        \u201cLa claridad meridiana de la normativa y de la responsabilidad auton\u00f3mica era tan conocida que ya desde el d\u00eda de antes, el 28 de octubre de 2024, se sab\u00eda de la conveniencia del despliegue de agentes medioambientales al objeto de controlar los barrancos, conforme han declarado varios testigos del Centro de Coordinaci\u00f3n de Emergencias; control, que, en el d\u00eda \u00e1lgido de la dana, el 29 de octubre, perfectamente anunciado por la Aemet y publicitado por todos los medios de comunicaci\u00f3n, hab\u00eda de continuar\u201d, afirma la resoluci\u00f3n.\n    <\/p>\n<p class=\"article-text\">\n        La jueza de la dana, tars haber escuchado numerosas declaraciones de testigos de Emergencias y de Bomberos y de peritos, ya se ha hecho una idea clara del fallido dispositivo de vigilancia de los barrancos, lo cual cuestiona de plan el supuesto \u201capag\u00f3n informativo\u201d de la Confederaci\u00f3n Hidrogr\u00e1fica del J\u00facar (CHJ) en el que se escuda el president Carlos Maz\u00f3n y el PP para defender una gesti\u00f3n que la magistrada considera negligente.\n    <\/p>\n<p class=\"article-text\">\n        \u201cLa vigilancia requiere un seguimiento, tanto en preemergencia como en emergencia\u201d, recuerda la jueza en el auto que deniega varias diligencias relativas a la CHJ solicitadas por una de las acusaciones particulares de la causa. S\u00ed que acepta que se requiera informaci\u00f3n al organismo sobre si hubo un despliegue de agentes de la CHJ en alg\u00fan punto de control.\n    <\/p>\n<p class=\"article-text\">\n        La resoluci\u00f3n recuerda que la movilizaci\u00f3n de recursos humanos se hizo tras la activaci\u00f3n de la alerta hidrol\u00f3gica, que, para el barranco del Poyo, tuvo lugar a las 12.20, \u201cy ello habr\u00eda sido suficiente para la comarca de l&#8217;Horta Sud, teniendo en cuenta la hora de los fallecimientos que resulta de las declaraciones de perjudicados practicadas hasta el momento\u201d.\n    <\/p>\n<p class=\"article-text\">\n        Adem\u00e1s, seg\u00fan la jueza, la vigilancia \u201ctambi\u00e9n era necesaria en los barrancos tributarios del Poyo, atendiendo a las previsiones meteorol\u00f3gicas para zonas como Tur\u00eds o Godelleta, y que los barrancos de dichas \u00e1reas no cuentan con medidores, adem\u00e1s de que el barranco de Horteta desemboca en el Poyo m\u00e1s all\u00e1 del medidor\u201d.\n    <\/p>\n<p class=\"article-text\">\n        La magistrada tambi\u00e9n recuerda otra de las claves principales que acreditan los fallos en la gesti\u00f3n de la emergencia del 29 de octubre: \u201cHab\u00eda avisos de lluvia acumulada en zonas de la cabecera del barranco del Poyo\u201d. Tambi\u00e9n anota que en el municipio de Tur\u00eds se \u201calcanz\u00f3 un nivel muy elevado de lluvias\u201d.\n    <\/p>\n<p>    Controlar \u201cvisualmente\u201d las crecidas \u201crepentinas\u201d en barrancos<\/p>\n<p class=\"article-text\">\n        Adem\u00e1s, la \u201cpropia consellera\u201d, Salom\u00e9 Pradas, actualmente investigada en la causa, fue \u201cinformada\u201d de que \u201cle compet\u00eda controlar el barranco del Poyo, estampando de su pu\u00f1o y letra la responsabilidad en la asunci\u00f3n de dicho control, la existencia de una alerta hidrol\u00f3gica y, lo que es m\u00e1s importante, la utilizaci\u00f3n de medios propios, brigadas forestales\u201d, dice la jueza instructora en referencia a un <a href=\"https:\/\/www.eldiario.es\/comunitat-valenciana\/video-ocultado-oculto-generalitat-revela-emergencias-vigilaba-barranco-poyo-12-38-dia-dana_1_12661862.html\" target=\"_blank\" data-mrf-recirculation=\"links-noticia\" class=\"link\" rel=\"nofollow noopener\">video de Emergencias recientemente incorporado a la causa<\/a>.\n    <\/p>\n<p class=\"article-text\">\n        \u201cDichas brigadas nada tienen que ver con la CHJ. Tampoco est\u00e1n a las \u00f3rdenes de la CHJ, y s\u00ed de la Administraci\u00f3n auton\u00f3mica, los agentes medioambientales de la Conselleria de Medio Ambiente\u201d, agrega el auto.\n    <\/p>\n<p>    <a href=\"https:\/\/www.eldiario.es\/comunitat-valenciana\/informe-generalitat-remitido-jueza-ultima-alerta-roja-apuntala-negligencia-mala-gestion-dana_1_12686670.htmlhttps:\/\/www.eldiario.es\/comunitat-valenciana\/informe-generalitat-remitido-jueza-ultima-alerta-roja-apuntala-negligencia-mala-gestion-dana_1_12686670.html\" data-mrf-recirculation=\"saber-mas-abajo\" data-dl-event=\"saber-mas-abajo\" rel=\"nofollow noopener\" target=\"_blank\"><\/p>\n<p class=\"know-more__title\">Un informe de la Generalitat remitido a la jueza sobre la \u00faltima alerta roja apuntala la negligencia y mala gesti\u00f3n en la dana<\/p>\n<p>            <img decoding=\"async\" class=\"lazy\" loading=\"lazy\" data-src=\"https:\/\/static.eldiario.es\/clip\/c01cdd5b-a065-41a5-88b6-91406661a73c_16-9-aspect-ratio_default_0.jpg\" src=\"data:image\/svg+xml,%3Csvg xmlns=\" http:=\"\" viewbox=\"0 0 880 495\" alt=\"Un informe de la Generalitat remitido a la jueza sobre la \u00faltima alerta roja apuntala la negligencia y mala gesti\u00f3n en la dana\"\/><\/p>\n<p>                        <\/a><\/p>\n<p class=\"article-text\">\n        La jueza explica que la vigilancia sobre el terreno \u201cresponde al hecho de que las subidas repentinas en los caudales de los barrancos se han de controlar visualmente\u201d y \u201cde forma permanente durante la alerta hidrol\u00f3gica, a trav\u00e9s del gran n\u00famero de medios personales, centenares de profesionales, que depend\u00edan de la Administraci\u00f3n auton\u00f3mica\u201d, concluye la resoluci\u00f3n.\n    <\/p>\n","protected":false},"excerpt":{"rendered":"La jueza de la dana ha reiterado que la Generalitat no solo ten\u00eda la competencia de la direcci\u00f3n&hellip;\n","protected":false},"author":2,"featured_media":181501,"comment_status":"","ping_status":"","sticky":false,"template":"","format":"standard","meta":{"footnotes":""},"categories":[8],"tags":[517,2206,1705,17,18,3965,242,25,24,13,14,11,1667,19,20,9,10,15,16,1925,23,12,21,22,235],"class_list":{"0":"post-181500","1":"post","2":"type-post","3":"status-publish","4":"format-standard","5":"has-post-thumbnail","7":"category-espana","8":"tag-actualidad","9":"tag-alicante","10":"tag-analisis","11":"tag-breaking-news","12":"tag-breakingnews","13":"tag-castellon","14":"tag-comunidad-valenciana","15":"tag-es","16":"tag-espana","17":"tag-featured-news","18":"tag-featurednews","19":"tag-headlines","20":"tag-informacion","21":"tag-latest-news","22":"tag-latestnews","23":"tag-news","24":"tag-noticias","25":"tag-noticias-destacadas","26":"tag-noticiasdestacadas","27":"tag-opinion","28":"tag-spain","29":"tag-titulares","30":"tag-ultimas-noticias","31":"tag-ultimasnoticias","32":"tag-valencia"},"share_on_mastodon":{"url":"","error":""},"_links":{"self":[{"href":"https:\/\/www.europesays.com\/es\/wp-json\/wp\/v2\/posts\/181500","targetHints":{"allow":["GET"]}}],"collection":[{"href":"https:\/\/www.europesays.com\/es\/wp-json\/wp\/v2\/posts"}],"about":[{"href":"https:\/\/www.europesays.com\/es\/wp-json\/wp\/v2\/types\/post"}],"author":[{"embeddable":true,"href":"https:\/\/www.europesays.com\/es\/wp-json\/wp\/v2\/users\/2"}],"replies":[{"embeddable":true,"href":"https:\/\/www.europesays.com\/es\/wp-json\/wp\/v2\/comments?post=181500"}],"version-history":[{"count":0,"href":"https:\/\/www.europesays.com\/es\/wp-json\/wp\/v2\/posts\/181500\/revisions"}],"wp:featuredmedia":[{"embeddable":true,"href":"https:\/\/www.europesays.com\/es\/wp-json\/wp\/v2\/media\/181501"}],"wp:attachment":[{"href":"https:\/\/www.europesays.com\/es\/wp-json\/wp\/v2\/media?parent=181500"}],"wp:term":[{"taxonomy":"category","embeddable":true,"href":"https:\/\/www.europesays.com\/es\/wp-json\/wp\/v2\/categories?post=181500"},{"taxonomy":"post_tag","embeddable":true,"href":"https:\/\/www.europesays.com\/es\/wp-json\/wp\/v2\/tags?post=181500"}],"curies":[{"name":"wp","href":"https:\/\/api.w.org\/{rel}","templated":true}]}}