{"id":181504,"date":"2025-10-16T21:35:13","date_gmt":"2025-10-16T21:35:13","guid":{"rendered":"https:\/\/www.europesays.com\/es\/181504\/"},"modified":"2025-10-16T21:35:13","modified_gmt":"2025-10-16T21:35:13","slug":"doble-cita-en-el-rio-tormes-el-diario-de-salamanca","status":"publish","type":"post","link":"https:\/\/www.europesays.com\/es\/181504\/","title":{"rendered":"doble cita en el R\u00edo Tormes \u00bb El Diario de Salamanca"},"content":{"rendered":"<p>\n\teDS<br \/>\n\t\t\t\t\t\t16\/10\/2025\n\t\t\t\t\t<\/p>\n<p>El Club Balonmano Ciudad de Salamanca afronta un nuevo fin de semana lleno de acci\u00f3n con encuentros decisivos tanto en categor\u00eda masculina como femenina, con el Polideportivo R\u00edo Tormes como epicentro de la jornada.<\/p>\n<p>&#8211; 1\u00aa Nacional Masculina<\/p>\n<p>El conjunto Congesa XXI Ciudad de Salamanca recibe este s\u00e1bado 18 de octubre a las 19:30 horas al SAFA Madrid en el Polideportivo R\u00edo Tormes.<br \/>Ser\u00e1 un partido exigente frente a un rival que llega con dos victorias y marcadores muy altos en todos sus encuentros, por lo que se espera un choque duro y f\u00edsico.<br \/>El t\u00e9cnico charro contar\u00e1 con toda la plantilla disponible, salvo Borja Guti\u00e9rrez, que se encuentra disputando la EHF Beach Handball Champions Cup en Porto (Portugal).<\/p>\n<p>&#8211; Senior Femenino<\/p>\n<p>Antes del duelo masculino, las #AmazonasdelTormes se medir\u00e1n al BM Arroyo este s\u00e1bado 18 de octubre a las 17:00 horas en el mismo escenario.<br \/>Ambos equipos llegan en la parte alta de la clasificaci\u00f3n con dos victorias y una derrota, esta \u00faltima por la m\u00ednima frente al CLEBA, subcampe\u00f3n de la pasada temporada.<br \/>Se prev\u00e9 un partido igualado, en el que las salmantinas buscar\u00e1n refrendar ante su afici\u00f3n el gran juego mostrado en su anterior compromiso en Aranda.<\/p>\n<p>&#8211; Categor\u00edas de base<\/p>\n<p>El fin de semana tambi\u00e9n estar\u00e1 cargado para los equipos de cantera, tanto en casa como fuera:<\/p>\n<p>Masculino<\/p>\n<p>Villa de Aranda \u2013 Sanal\u00f3n \u2192 S\u00e1bado 18 \u00b7 16:30 h \u00b7 Polideportivo Los Nogales<\/p>\n<p>Juvenil: Villa de Aranda B \u2013 Ciudad de Salamanca \u2192 S\u00e1bado 18 \u00b7 19:30 h \u00b7 Los Nogales<\/p>\n<p>Infantil B: Villa de Aranda C \u2013 Ciudad de Salamanca \u2192 S\u00e1bado 18 \u00b7 18:00 h \u00b7 Los Nogales<\/p>\n<p>Femenino<\/p>\n<p>Juvenil: Ciudad de Salamanca \u2013 BM Arroyo \u2192 Domingo 19 \u00b7 13:30 h \u00b7 Polideportivo R\u00edo Tormes<\/p>\n<p>Cadete: Ciudad de Salamanca \u2013 BM Arroyo \u2192 Domingo 19 \u00b7 11:50 h \u00b7 R\u00edo Tormes<\/p>\n<p>Infantil: Ciudad de Salamanca \u2013 BM Arroyo \u2192 Domingo 19 \u00b7 10:30 h \u00b7 R\u00edo Tormes<\/p>\n","protected":false},"excerpt":{"rendered":"eDS 16\/10\/2025 El Club Balonmano Ciudad de Salamanca afronta un nuevo fin de semana lleno de acci\u00f3n con&hellip;\n","protected":false},"author":2,"featured_media":181505,"comment_status":"","ping_status":"","sticky":false,"template":"","format":"standard","meta":{"footnotes":""},"categories":[278],"tags":[376,168,25,24,375,23,167],"class_list":{"0":"post-181504","1":"post","2":"type-post","3":"status-publish","4":"format-standard","5":"has-post-thumbnail","7":"category-balonmano","8":"tag-balonmano","9":"tag-deportes","10":"tag-es","11":"tag-espana","12":"tag-handball","13":"tag-spain","14":"tag-sports"},"share_on_mastodon":{"url":"","error":""},"_links":{"self":[{"href":"https:\/\/www.europesays.com\/es\/wp-json\/wp\/v2\/posts\/181504","targetHints":{"allow":["GET"]}}],"collection":[{"href":"https:\/\/www.europesays.com\/es\/wp-json\/wp\/v2\/posts"}],"about":[{"href":"https:\/\/www.europesays.com\/es\/wp-json\/wp\/v2\/types\/post"}],"author":[{"embeddable":true,"href":"https:\/\/www.europesays.com\/es\/wp-json\/wp\/v2\/users\/2"}],"replies":[{"embeddable":true,"href":"https:\/\/www.europesays.com\/es\/wp-json\/wp\/v2\/comments?post=181504"}],"version-history":[{"count":0,"href":"https:\/\/www.europesays.com\/es\/wp-json\/wp\/v2\/posts\/181504\/revisions"}],"wp:featuredmedia":[{"embeddable":true,"href":"https:\/\/www.europesays.com\/es\/wp-json\/wp\/v2\/media\/181505"}],"wp:attachment":[{"href":"https:\/\/www.europesays.com\/es\/wp-json\/wp\/v2\/media?parent=181504"}],"wp:term":[{"taxonomy":"category","embeddable":true,"href":"https:\/\/www.europesays.com\/es\/wp-json\/wp\/v2\/categories?post=181504"},{"taxonomy":"post_tag","embeddable":true,"href":"https:\/\/www.europesays.com\/es\/wp-json\/wp\/v2\/tags?post=181504"}],"curies":[{"name":"wp","href":"https:\/\/api.w.org\/{rel}","templated":true}]}}