{"id":181506,"date":"2025-10-16T21:37:08","date_gmt":"2025-10-16T21:37:08","guid":{"rendered":"https:\/\/www.europesays.com\/es\/181506\/"},"modified":"2025-10-16T21:37:08","modified_gmt":"2025-10-16T21:37:08","slug":"de-ridder-el-doble-campeon-de-one-championship-que-busca-el-oro-en-la-ufc","status":"publish","type":"post","link":"https:\/\/www.europesays.com\/es\/181506\/","title":{"rendered":"De Ridder, el doble campe\u00f3n de One Championship que busca el oro en la UFC"},"content":{"rendered":"<p data-mrf-recirculation=\"Links P\u00e1rrafos\" class=\"ue-c-article__paragraph paragraph ue-c-article--first-letter-highlighted\">Reinier de Ridder (21-2) es uno de esos peleadores con un<strong> aura diferente,<\/strong> y sus logros avalan esta teor\u00eda. El neerland\u00e9s lleg\u00f3 a la UFC en noviembre de 2024 con el cartel de <strong>doble campe\u00f3n<\/strong> de la prestigiosa promotora One Championship, y ha respaldado el <strong>hype<\/strong> puesto sobre su figura con<strong> impresionantes victorias<\/strong> que le han colocado a las puertas de una oportunidad titular en el <strong>peso medio<\/strong>. &#8216;RDR&#8217; se enfrentar\u00e1 a <strong>Brendan Allen <\/strong>(25-7) en el evento estelar del UFC Vancouver, y en caso de vencer tendr\u00eda a tiro un combate contra <strong>Khamzat Chimaev,<\/strong> campe\u00f3n de la categor\u00eda.<\/p>\n<p data-mrf-recirculation=\"Links P\u00e1rrafos\" class=\"ue-c-article__paragraph paragraph\"><strong><a href=\"https:\/\/www.wowmma.com\/wow-fc-tickets\" rel=\"nofollow noopener\" target=\"_blank\">COMPRA YA TUS ENTRADAS PARA WOW 24 Y WOW 25 CON EL C\u00d3DIGO DE DESCUENTO &#8216;Marca24&#8217; y &#8216;Marca25&#8217;<\/a><\/strong><\/p>\n<p data-mrf-recirculation=\"Links P\u00e1rrafos\" class=\"ue-c-article__paragraph paragraph\">Este combate en principio iba a ser contra <strong>Anthony Hern\u00e1ndez<\/strong>, otro de los peleadores m\u00e1s en forma de la divisi\u00f3n, pero una <strong>lesi\u00f3n<\/strong> del americano ha provocado que al final sea Allen el que acepte el enfrentamiento. Brendan ha ganado<strong> uno de sus \u00faltimos tres<\/strong> combates, perdiendo precisamente ante Hern\u00e1ndez y ante Nassourdine Imavov, pero es un rival muy <strong>completo<\/strong> que puede poner en apuros a De Ridder, que es un experto en<strong> jiu jitsu<\/strong> con un estilo an\u00e1rquico en el striking que le convierte en un peleador <strong>impredecible.<\/strong><\/p>\n<p data-mrf-recirculation=\"Links P\u00e1rrafos\" class=\"ue-c-article__paragraph paragraph\">Las \u00fanicas dos derrotas de su carrera fueron ante <strong>Anatoly Malykhin<\/strong>, el \u00fanico <strong>triple campe\u00f3n<\/strong> de la historia de las MMA, lo que es una evidencia de que no cualquiera gana a Reinier. Chimaev es posiblemente el<strong> mejor grappler<\/strong> de la UFC, pero si hay alguien que puede ponerle en apuros dentro de la divisi\u00f3n es el neerland\u00e9s.\u00a0<\/p>\n<p data-mrf-recirculation=\"Links P\u00e1rrafos\" class=\"ue-c-article__paragraph paragraph\">Para ello, primero tendr\u00e1 que superar a un peleador que tendr\u00e1 el <strong>apoyo<\/strong> del p\u00fablico y representar\u00e1 la bandera canadiense, ya que sus <strong>abuelos<\/strong> son de all\u00ed. Una machada en territorio enemigo no ser\u00eda suficiente para sobrepasar a<strong> Nassourdine Imavov<\/strong>, pr\u00f3ximo contendiente al t\u00edtulo, pero s\u00ed le permitir\u00eda enfrentarse al <strong>ganador<\/strong> del combate entre el franc\u00e9s y Khamzat.<\/p>\n<p><img decoding=\"async\" width=\"1980\" height=\"1320\" class=\"ue-c-article__image lazyload\" alt=\"Reinier De Ridder, tras someter a Kevin Holland.\" loading=\"lazy\" src=\"https:\/\/www.europesays.com\/es\/wp-content\/uploads\/2025\/10\/68f1140b52d1d.jpeg\"\/><\/p>\n<p>Reinier De Ridder, tras someter a Kevin Holland.UFC.<\/p>\n<p>El rey del caos<\/p>\n<p data-mrf-recirculation=\"Links P\u00e1rrafos\" class=\"ue-c-article__paragraph paragraph\">Desde su llegada a la UFC, De Ridder demostr\u00f3 que<strong> no tiene peleas aburridas.<\/strong> Su primera v\u00edctima fue Gerald Meerschaert, al que logr\u00f3 <strong>someter<\/strong> en el tercer asalto de un combate en el que ninguno luci\u00f3 a su mejor nivel. Ambos se mostraron <strong>exhaustos <\/strong>a partir del segundo round, y fue en medio del<strong> caos <\/strong>cuando &#8216;RDR&#8217; tir\u00f3 de coraz\u00f3n y pundonor para conseguir su <strong>primera victoria<\/strong> dentro de la compa\u00f1\u00eda. Si en algo destaca Reinier desde que firm\u00f3 por la UFC es en su<strong> continuidad<\/strong>, de ah\u00ed que vaya a pelear hasta<strong> cinco veces<\/strong> en menos de 365 d\u00edas.<\/p>\n<p data-mrf-recirculation=\"Links P\u00e1rrafos\" class=\"ue-c-article__paragraph paragraph\">Su segundo combate fue ante un nombre reconocido como<strong> Kevin Holland,<\/strong> en el UFC 311 del pasado enero. En esta ocasi\u00f3n De Ridder luci\u00f3 mucho mejor, y <strong>someti\u00f3<\/strong> al americano en el primer asalto haciendo valer su <strong>superioridad<\/strong> en la pelea en suelo. Fue ah\u00ed cuando la compa\u00f1\u00eda se dio cuenta de que el neerland\u00e9s podr\u00eda llegar a ser un <strong>peligro real <\/strong>en las 185 libras.<\/p>\n<p>Dos victorias de \u00e9lite<\/p>\n<p data-mrf-recirculation=\"Links P\u00e1rrafos\" class=\"ue-c-article__paragraph paragraph\">A pesar de que sum\u00f3 bastante <strong>popularidad<\/strong> tras sus dos primeras victorias en la UFC, la promotora no solo no le enfrent\u00f3 a u<strong>n top 15<\/strong>, sino que organiz\u00f3 un combate entre De Ridder y <strong>Bo Nickal, <\/strong>una de las grandes <strong>promesas<\/strong> del peso medio. Muchos expertos cre\u00edan que el joven americano pasar\u00eda por encima del veterano, pero &#8216;RDR&#8217; dio una<strong> lecci\u00f3n<\/strong> a Nickal que nunca olvidar\u00e1. Durante el primer asalto, el neerland\u00e9s castig\u00f3 el cuerpo de su rival, hasta que una<strong> rodilla al cuerpo<\/strong> le sirvi\u00f3 para finalizar el combate y acabar con el <strong>hype<\/strong> del novato.<\/p>\n<p data-mrf-recirculation=\"Links P\u00e1rrafos\" class=\"ue-c-article__paragraph paragraph\">Esta victoria s\u00ed que provoc\u00f3 que el mundo de las MMA pusiese <strong>en valor <\/strong>el talento de De Ridder. Apenas dos meses despu\u00e9s de esa victoria, el neerland\u00e9s se enfrent\u00f3 a todo un ex campe\u00f3n como <strong>Robert Whittaker\u00a0<\/strong>en su primer evento estelar dentro de la promotora, y se impuso por <strong>decisi\u00f3n dividida<\/strong> para poner su nombre en los puestos altos del r\u00e1nking. En caso de ganar a Allen, Reinier sumar\u00e1 su <strong>quinta victoria<\/strong> en menos de un a\u00f1o, y la pelea titular ser\u00eda <strong>cuesti\u00f3n de tiempo.<\/strong><\/p>\n","protected":false},"excerpt":{"rendered":"Reinier de Ridder (21-2) es uno de esos peleadores con un aura diferente, y sus logros avalan esta&hellip;\n","protected":false},"author":2,"featured_media":181507,"comment_status":"","ping_status":"","sticky":false,"template":"","format":"standard","meta":{"footnotes":""},"categories":[276],"tags":[168,25,24,23,167,343],"class_list":{"0":"post-181506","1":"post","2":"type-post","3":"status-publish","4":"format-standard","5":"has-post-thumbnail","7":"category-ufc","8":"tag-deportes","9":"tag-es","10":"tag-espana","11":"tag-spain","12":"tag-sports","13":"tag-ufc"},"share_on_mastodon":{"url":"","error":""},"_links":{"self":[{"href":"https:\/\/www.europesays.com\/es\/wp-json\/wp\/v2\/posts\/181506","targetHints":{"allow":["GET"]}}],"collection":[{"href":"https:\/\/www.europesays.com\/es\/wp-json\/wp\/v2\/posts"}],"about":[{"href":"https:\/\/www.europesays.com\/es\/wp-json\/wp\/v2\/types\/post"}],"author":[{"embeddable":true,"href":"https:\/\/www.europesays.com\/es\/wp-json\/wp\/v2\/users\/2"}],"replies":[{"embeddable":true,"href":"https:\/\/www.europesays.com\/es\/wp-json\/wp\/v2\/comments?post=181506"}],"version-history":[{"count":0,"href":"https:\/\/www.europesays.com\/es\/wp-json\/wp\/v2\/posts\/181506\/revisions"}],"wp:featuredmedia":[{"embeddable":true,"href":"https:\/\/www.europesays.com\/es\/wp-json\/wp\/v2\/media\/181507"}],"wp:attachment":[{"href":"https:\/\/www.europesays.com\/es\/wp-json\/wp\/v2\/media?parent=181506"}],"wp:term":[{"taxonomy":"category","embeddable":true,"href":"https:\/\/www.europesays.com\/es\/wp-json\/wp\/v2\/categories?post=181506"},{"taxonomy":"post_tag","embeddable":true,"href":"https:\/\/www.europesays.com\/es\/wp-json\/wp\/v2\/tags?post=181506"}],"curies":[{"name":"wp","href":"https:\/\/api.w.org\/{rel}","templated":true}]}}